{"id":423449,"date":"2022-01-07T18:55:28","date_gmt":"2022-01-07T15:55:28","guid":{"rendered":"http:\/\/arantv.az\/?p=423449"},"modified":"2022-01-07T18:55:28","modified_gmt":"2022-01-07T15:55:28","slug":"qazaxistanda-saxlanilan-igtisascilar-onlara-pul-od%c9%99nildiyini-bildiribl%c9%99r","status":"publish","type":"post","link":"https:\/\/arantv.az\/?p=423449","title":{"rendered":"Qazax\u0131standa saxlan\u0131lan i\u011fti\u015fa\u015f\u00e7\u0131lar onlara pul \u00f6d\u0259nildiyini bildiribl\u0259r"},"content":{"rendered":"<p>Qazax\u0131stan\u0131n \u00c7imk\u0259nt \u015f\u0259h\u0259rind\u0259 i\u011fti\u015fa\u015flar zaman\u0131 saxlan\u0131lanlar bildiribl\u0259r ki, aksiyalarda i\u015ftiraka g\u00f6r\u0259 onlar pul, el\u0259c\u0259 d\u0259 energetik i\u00e7kil\u0259r al\u0131blar v\u0259 bu i\u00e7kil\u0259rd\u0259n sonra \u00f6zl\u0259rin\u0259 \u201cn\u0259zar\u0259ti itiribl\u0259r\u201d.<\/p>\n<div class=\"AdviadNativeVideo\"><\/div>\n<p>Bu bar\u0259d\u0259 \u015f\u0259h\u0259r administrasiyas\u0131 r\u0259hb\u0259rinin birinci m\u00fcavini \u015e\u0131nq\u0131s Mukan m\u0259lumat verib.<\/p>\n<p>Qeyd ed\u0259k ki, \u00c7imk\u0259ndd\u0259 i\u011fti\u015fa\u015flar zaman\u0131 60-dan \u00e7ox insan\u0131n x\u0259sar\u0259t ald\u0131\u011f\u0131 bildirilib. Etiraz\u00e7\u0131lar h\u0259m\u00e7inin 10-dan \u00e7ox polis avtomobilini m\u0259hv edibl\u0259r.<\/p>\n<p>Sosial \u015f\u0259b\u0259k\u0259l\u0259rd\u0259 is\u0259 \u00c7imk\u0259ndd\u0259 i\u011fti\u015fa\u015flar zaman\u0131 n\u00fcmayi\u015f\u00e7il\u0259r\u0259 silahlar\u0131n nec\u0259 payland\u0131\u011f\u0131n\u0131 g\u00f6st\u0259r\u0259n videolar yay\u0131l\u0131b.<\/p>\n<p>M\u0259nb\u0259: news.ru<\/p>\n","protected":false},"excerpt":{"rendered":"<p>Qazax\u0131stan\u0131n \u00c7imk\u0259nt \u015f\u0259h\u0259rind\u0259 i\u011fti\u015fa\u015flar zaman\u0131 saxlan\u0131lanlar bildiribl\u0259r ki, aksiyalarda i\u015ftiraka g\u00f6r\u0259 onlar pul, el\u0259c\u0259 d\u0259 energetik i\u00e7kil\u0259r al\u0131blar v\u0259 bu i\u00e7kil\u0259rd\u0259n sonra \u00f6zl\u0259rin\u0259 \u201cn\u0259zar\u0259ti itiribl\u0259r\u201d. Bu bar\u0259d\u0259 \u015f\u0259h\u0259r administrasiyas\u0131 r\u0259hb\u0259rinin birinci m\u00fcavini \u015e\u0131nq\u0131s Mukan m\u0259lumat verib. Qeyd ed\u0259k ki, \u00c7imk\u0259ndd\u0259 i\u011fti\u015fa\u015flar zaman\u0131 60-dan \u00e7ox insan\u0131n x\u0259sar\u0259t ald\u0131\u011f\u0131 bildirilib. Etiraz\u00e7\u0131lar h\u0259m\u00e7inin 10-dan \u00e7ox polis avtomobilini m\u0259hv edibl\u0259r. Sosial \u015f\u0259b\u0259k\u0259l\u0259rd\u0259 is\u0259 \u00c7imk\u0259ndd\u0259 i\u011fti\u015fa\u015flar zaman\u0131 n\u00fcmayi\u015f\u00e7il\u0259r\u0259 silahlar\u0131n nec\u0259 payland\u0131\u011f\u0131n\u0131 g\u00f6st\u0259r\u0259n videolar yay\u0131l\u0131b. M\u0259nb\u0259: news.ru<\/p>\n","protected":false},"author":2,"featured_media":423450,"comment_status":"closed","ping_status":"closed","sticky":false,"template":"","format":"standard","meta":{"om_disable_all_campaigns":false,"_monsterinsights_skip_tracking":false,"_monsterinsights_sitenote_active":false,"_monsterinsights_sitenote_note":"","_monsterinsights_sitenote_category":0},"categories":[7],"tags":[],"aioseo_notices":[],"gutentor_comment":0,"rttpg_featured_image_url":{"full":["https:\/\/arantv.az\/wp-content\/uploads\/2022\/01\/upload-2022-01-06T154953Z_427019034_RC2RTR9AKN2V_RTRMADP_3_KAZAKHSTAN-PROTESTS-pic_32ratio_1200x800-1200x800-71170.jpg",620,413,false],"landscape":["https:\/\/arantv.az\/wp-content\/uploads\/2022\/01\/upload-2022-01-06T154953Z_427019034_RC2RTR9AKN2V_RTRMADP_3_KAZAKHSTAN-PROTESTS-pic_32ratio_1200x800-1200x800-71170.jpg",620,413,false],"portraits":["https:\/\/arantv.az\/wp-content\/uploads\/2022\/01\/upload-2022-01-06T154953Z_427019034_RC2RTR9AKN2V_RTRMADP_3_KAZAKHSTAN-PROTESTS-pic_32ratio_1200x800-1200x800-71170.jpg",620,413,false],"thumbnail":["https:\/\/arantv.az\/wp-content\/uploads\/2022\/01\/upload-2022-01-06T154953Z_427019034_RC2RTR9AKN2V_RTRMADP_3_KAZAKHSTAN-PROTESTS-pic_32ratio_1200x800-1200x800-71170-500x280.jpg",500,280,true],"medium":["https:\/\/arantv.az\/wp-content\/uploads\/2022\/01\/upload-2022-01-06T154953Z_427019034_RC2RTR9AKN2V_RTRMADP_3_KAZAKHSTAN-PROTESTS-pic_32ratio_1200x800-1200x800-71170-548x365.jpg",548,365,true],"large":["https:\/\/arantv.az\/wp-content\/uploads\/2022\/01\/upload-2022-01-06T154953Z_427019034_RC2RTR9AKN2V_RTRMADP_3_KAZAKHSTAN-PROTESTS-pic_32ratio_1200x800-1200x800-71170.jpg",620,413,false],"1536x1536":["https:\/\/arantv.az\/wp-content\/uploads\/2022\/01\/upload-2022-01-06T154953Z_427019034_RC2RTR9AKN2V_RTRMADP_3_KAZAKHSTAN-PROTESTS-pic_32ratio_1200x800-1200x800-71170.jpg",620,413,false],"2048x2048":["https:\/\/arantv.az\/wp-content\/uploads\/2022\/01\/upload-2022-01-06T154953Z_427019034_RC2RTR9AKN2V_RTRMADP_3_KAZAKHSTAN-PROTESTS-pic_32ratio_1200x800-1200x800-71170.jpg",620,413,false],"post-thumbnail":["https:\/\/arantv.az\/wp-content\/uploads\/2022\/01\/upload-2022-01-06T154953Z_427019034_RC2RTR9AKN2V_RTRMADP_3_KAZAKHSTAN-PROTESTS-pic_32ratio_1200x800-1200x800-71170-240x172.jpg",240,172,true],"advps-thumb-one":["https:\/\/arantv.az\/wp-content\/uploads\/2022\/01\/upload-2022-01-06T154953Z_427019034_RC2RTR9AKN2V_RTRMADP_3_KAZAKHSTAN-PROTESTS-pic_32ratio_1200x800-1200x800-71170.jpg",620,413,false]},"rttpg_author":{"display_name":"V\u00fcsal Rafiqo\u011flu","author_link":"https:\/\/arantv.az\/?author=2"},"rttpg_comment":0,"rttpg_category":"<a href=\"https:\/\/arantv.az\/?cat=7\" rel=\"category\">D\u00fcnya<\/a>","rttpg_excerpt":"Qazax\u0131stan\u0131n \u00c7imk\u0259nt \u015f\u0259h\u0259rind\u0259 i\u011fti\u015fa\u015flar zaman\u0131 saxlan\u0131lanlar bildiribl\u0259r ki, aksiyalarda i\u015ftiraka g\u00f6r\u0259 onlar pul, el\u0259c\u0259 d\u0259 energetik i\u00e7kil\u0259r al\u0131blar v\u0259 bu i\u00e7kil\u0259rd\u0259n sonra \u00f6zl\u0259rin\u0259 \u201cn\u0259zar\u0259ti itiribl\u0259r\u201d. Bu bar\u0259d\u0259 \u015f\u0259h\u0259r administrasiyas\u0131 r\u0259hb\u0259rinin birinci m\u00fcavini \u015e\u0131nq\u0131s Mukan m\u0259lumat verib. Qeyd ed\u0259k ki, \u00c7imk\u0259ndd\u0259 i\u011fti\u015fa\u015flar zaman\u0131 60-dan \u00e7ox insan\u0131n x\u0259sar\u0259t ald\u0131\u011f\u0131 bildirilib. Etiraz\u00e7\u0131lar h\u0259m\u00e7inin 10-dan \u00e7ox polis avtomobilini m\u0259hv&hellip;","_links":{"self":[{"href":"https:\/\/arantv.az\/index.php?rest_route=\/wp\/v2\/posts\/423449"}],"collection":[{"href":"https:\/\/arantv.az\/index.php?rest_route=\/wp\/v2\/posts"}],"about":[{"href":"https:\/\/arantv.az\/index.php?rest_route=\/wp\/v2\/types\/post"}],"author":[{"embeddable":true,"href":"https:\/\/arantv.az\/index.php?rest_route=\/wp\/v2\/users\/2"}],"replies":[{"embeddable":true,"href":"https:\/\/arantv.az\/index.php?rest_route=%2Fwp%2Fv2%2Fcomments&post=423449"}],"version-history":[{"count":0,"href":"https:\/\/arantv.az\/index.php?rest_route=\/wp\/v2\/posts\/423449\/revisions"}],"wp:featuredmedia":[{"embeddable":true,"href":"https:\/\/arantv.az\/index.php?rest_route=\/wp\/v2\/media\/423450"}],"wp:attachment":[{"href":"https:\/\/arantv.az\/index.php?rest_route=%2Fwp%2Fv2%2Fmedia&parent=423449"}],"wp:term":[{"taxonomy":"category","embeddable":true,"href":"https:\/\/arantv.az\/index.php?rest_route=%2Fwp%2Fv2%2Fcategories&post=423449"},{"taxonomy":"post_tag","embeddable":true,"href":"https:\/\/arantv.az\/index.php?rest_route=%2Fwp%2Fv2%2Ftags&post=423449"}],"curies":[{"name":"wp","href":"https:\/\/api.w.org\/{rel}","templated":true}]}}