{"id":425120,"date":"2022-01-12T16:13:57","date_gmt":"2022-01-12T13:13:57","guid":{"rendered":"http:\/\/arantv.az\/?p=425120"},"modified":"2022-01-12T16:13:57","modified_gmt":"2022-01-12T13:13:57","slug":"ev-s%c9%99raitind%c9%99-sistem-s%c9%99klind%c9%99-d%c9%99mir-kocurulm%c9%99sind%c9%99n-uzaq-olun-h%c9%99kim","status":"publish","type":"post","link":"https:\/\/arantv.az\/?p=425120","title":{"rendered":"Ev \u015f\u0259raitind\u0259 sistem \u015f\u0259klind\u0259 d\u0259mir k\u00f6\u00e7\u00fcr\u00fclm\u0259sind\u0259n uzaq olun &#8211; H\u018fK\u0130M"},"content":{"rendered":"<p>\u201cD\u0259mir deposu azalma\u011fa ba\u015flayanda \u0259vv\u0259lc\u0259 anemiya olmaya bil\u0259r, amma zamanla d\u0259mir defisiti yaran\u0131r ki, bu da anemiyaya s\u0259b\u0259b ola bil\u0259r. Qad\u0131nlarda menopauza d\u00f6vr\u00fcnd\u0259n sonra d\u0259mir defisiti varsa, bunu ara\u015fd\u0131rmaq laz\u0131md\u0131r\u201d.<\/p>\n<p><strong>ARANTV.AZ\u00a0 x\u0259b\u0259r verir ki,<\/strong>\u00a0\u00a0S\u0259hiyy\u0259 Nazirliyinin m\u00fct\u0259x\u0259ssis-eksperti Zakir Quliyev bildirib.<\/p>\n<p>Onun s\u00f6zl\u0259rin\u0259 g\u00f6r\u0259, allergiyas\u0131 olanlarda d\u0259mir defisiti varsa, d\u0259mir k\u00f6\u00e7\u00fcr\u00fclm\u0259si yaln\u0131z x\u0259st\u0259xana \u015f\u0259raitind\u0259 olmal\u0131d\u0131r: \u201cBu, \u00e7ox ciddi reaksiya ver\u0259 bil\u0259r. Ona g\u00f6r\u0259 v\u0259t\u0259nda\u015flar ev \u015f\u0259raitind\u0259 sistem \u015f\u0259klind\u0259 d\u0259mir k\u00f6\u00e7\u00fcr\u00fclm\u0259sind\u0259n uzaq olsunlar. Anemiyan\u0131n s\u0259b\u0259bl\u0259ri s\u00fcm\u00fck iliyind\u0259 qan\u0131n yaranmas\u0131nda problem, qan\u0131n par\u00e7alanmas\u0131n\u0131n z\u0259ifliyi, ya da qan itkisi il\u0259 ba\u011fl\u0131 ola bil\u0259r. D\u0259mir defisiti olan anemiya varsa, ilk soru\u015fdu\u011fumuz o olur ki, h\u0259min \u015f\u0259xs q\u0131rm\u0131z\u0131 \u0259t yeyirmi. Des\u0259 ki, yeyir, onun m\u0259d\u0259-ba\u011f\u0131rsa\u011f\u0131 yoxlanmal\u0131d\u0131r. Bu defisit hemotomalardan yaranan qanaxmalardan da ola bil\u0259r\u201d.<\/p>\n","protected":false},"excerpt":{"rendered":"<p>\u201cD\u0259mir deposu azalma\u011fa ba\u015flayanda \u0259vv\u0259lc\u0259 anemiya olmaya bil\u0259r, amma zamanla d\u0259mir defisiti yaran\u0131r ki, bu da anemiyaya s\u0259b\u0259b ola bil\u0259r. Qad\u0131nlarda menopauza d\u00f6vr\u00fcnd\u0259n sonra d\u0259mir defisiti varsa, bunu ara\u015fd\u0131rmaq laz\u0131md\u0131r\u201d. ARANTV.AZ\u00a0 x\u0259b\u0259r verir ki,\u00a0\u00a0S\u0259hiyy\u0259 Nazirliyinin m\u00fct\u0259x\u0259ssis-eksperti Zakir Quliyev bildirib. Onun s\u00f6zl\u0259rin\u0259 g\u00f6r\u0259, allergiyas\u0131 olanlarda d\u0259mir defisiti varsa, d\u0259mir k\u00f6\u00e7\u00fcr\u00fclm\u0259si yaln\u0131z x\u0259st\u0259xana \u015f\u0259raitind\u0259 olmal\u0131d\u0131r: \u201cBu, \u00e7ox ciddi reaksiya ver\u0259 bil\u0259r. Ona g\u00f6r\u0259 v\u0259t\u0259nda\u015flar ev \u015f\u0259raitind\u0259 sistem \u015f\u0259klind\u0259 d\u0259mir k\u00f6\u00e7\u00fcr\u00fclm\u0259sind\u0259n uzaq olsunlar. Anemiyan\u0131n s\u0259b\u0259bl\u0259ri s\u00fcm\u00fck iliyind\u0259 qan\u0131n yaranmas\u0131nda problem, qan\u0131n par\u00e7alanmas\u0131n\u0131n z\u0259ifliyi, ya da qan itkisi il\u0259 ba\u011fl\u0131 ola bil\u0259r. D\u0259mir defisiti&hellip;<\/p>\n","protected":false},"author":2,"featured_media":425121,"comment_status":"closed","ping_status":"closed","sticky":false,"template":"","format":"standard","meta":{"om_disable_all_campaigns":false,"_monsterinsights_skip_tracking":false,"_monsterinsights_sitenote_active":false,"_monsterinsights_sitenote_note":"","_monsterinsights_sitenote_category":0},"categories":[26],"tags":[],"aioseo_notices":[],"gutentor_comment":0,"rttpg_featured_image_url":{"full":["https:\/\/arantv.az\/wp-content\/uploads\/2022\/01\/e2e14235164198687456606491810304521.jpg",975,540,false],"landscape":["https:\/\/arantv.az\/wp-content\/uploads\/2022\/01\/e2e14235164198687456606491810304521.jpg",975,540,false],"portraits":["https:\/\/arantv.az\/wp-content\/uploads\/2022\/01\/e2e14235164198687456606491810304521.jpg",975,540,false],"thumbnail":["https:\/\/arantv.az\/wp-content\/uploads\/2022\/01\/e2e14235164198687456606491810304521-500x280.jpg",500,280,true],"medium":["https:\/\/arantv.az\/wp-content\/uploads\/2022\/01\/e2e14235164198687456606491810304521-660x365.jpg",660,365,true],"large":["https:\/\/arantv.az\/wp-content\/uploads\/2022\/01\/e2e14235164198687456606491810304521-840x465.jpg",640,354,true],"1536x1536":["https:\/\/arantv.az\/wp-content\/uploads\/2022\/01\/e2e14235164198687456606491810304521.jpg",975,540,false],"2048x2048":["https:\/\/arantv.az\/wp-content\/uploads\/2022\/01\/e2e14235164198687456606491810304521.jpg",975,540,false],"post-thumbnail":["https:\/\/arantv.az\/wp-content\/uploads\/2022\/01\/e2e14235164198687456606491810304521-240x172.jpg",240,172,true],"advps-thumb-one":["https:\/\/arantv.az\/wp-content\/uploads\/2022\/01\/e2e14235164198687456606491810304521.jpg",975,540,false]},"rttpg_author":{"display_name":"V\u00fcsal Rafiqo\u011flu","author_link":"https:\/\/arantv.az\/?author=2"},"rttpg_comment":0,"rttpg_category":"<a href=\"https:\/\/arantv.az\/?cat=26\" rel=\"category\">Sosial<\/a>","rttpg_excerpt":"\u201cD\u0259mir deposu azalma\u011fa ba\u015flayanda \u0259vv\u0259lc\u0259 anemiya olmaya bil\u0259r, amma zamanla d\u0259mir defisiti yaran\u0131r ki, bu da anemiyaya s\u0259b\u0259b ola bil\u0259r. Qad\u0131nlarda menopauza d\u00f6vr\u00fcnd\u0259n sonra d\u0259mir defisiti varsa, bunu ara\u015fd\u0131rmaq laz\u0131md\u0131r\u201d. ARANTV.AZ\u00a0 x\u0259b\u0259r verir ki,\u00a0\u00a0S\u0259hiyy\u0259 Nazirliyinin m\u00fct\u0259x\u0259ssis-eksperti Zakir Quliyev bildirib. Onun s\u00f6zl\u0259rin\u0259 g\u00f6r\u0259, allergiyas\u0131 olanlarda d\u0259mir defisiti varsa, d\u0259mir k\u00f6\u00e7\u00fcr\u00fclm\u0259si yaln\u0131z x\u0259st\u0259xana \u015f\u0259raitind\u0259 olmal\u0131d\u0131r: \u201cBu, \u00e7ox&hellip;","_links":{"self":[{"href":"https:\/\/arantv.az\/index.php?rest_route=\/wp\/v2\/posts\/425120"}],"collection":[{"href":"https:\/\/arantv.az\/index.php?rest_route=\/wp\/v2\/posts"}],"about":[{"href":"https:\/\/arantv.az\/index.php?rest_route=\/wp\/v2\/types\/post"}],"author":[{"embeddable":true,"href":"https:\/\/arantv.az\/index.php?rest_route=\/wp\/v2\/users\/2"}],"replies":[{"embeddable":true,"href":"https:\/\/arantv.az\/index.php?rest_route=%2Fwp%2Fv2%2Fcomments&post=425120"}],"version-history":[{"count":0,"href":"https:\/\/arantv.az\/index.php?rest_route=\/wp\/v2\/posts\/425120\/revisions"}],"wp:featuredmedia":[{"embeddable":true,"href":"https:\/\/arantv.az\/index.php?rest_route=\/wp\/v2\/media\/425121"}],"wp:attachment":[{"href":"https:\/\/arantv.az\/index.php?rest_route=%2Fwp%2Fv2%2Fmedia&parent=425120"}],"wp:term":[{"taxonomy":"category","embeddable":true,"href":"https:\/\/arantv.az\/index.php?rest_route=%2Fwp%2Fv2%2Fcategories&post=425120"},{"taxonomy":"post_tag","embeddable":true,"href":"https:\/\/arantv.az\/index.php?rest_route=%2Fwp%2Fv2%2Ftags&post=425120"}],"curies":[{"name":"wp","href":"https:\/\/api.w.org\/{rel}","templated":true}]}}