{"id":425133,"date":"2022-01-12T17:10:35","date_gmt":"2022-01-12T14:10:35","guid":{"rendered":"http:\/\/arantv.az\/?p=425133"},"modified":"2022-01-12T17:10:35","modified_gmt":"2022-01-12T14:10:35","slug":"irs-jurnali-israild%c9%99-v%c9%99t%c9%99n-muharib%c9%99sind%c9%99-boyuk-z%c9%99f%c9%99r-diqq%c9%99t-m%c9%99rk%c9%99zind%c9%99-foto","status":"publish","type":"post","link":"https:\/\/arantv.az\/?p=425133","title":{"rendered":"\u201c\u0130RS\u201d jurnal\u0131 \u0130sraild\u0259: V\u0259t\u0259n m\u00fcharib\u0259sind\u0259 b\u00f6y\u00fck z\u0259f\u0259r diqq\u0259t m\u0259rk\u0259zind\u0259 &#8211; FOTO"},"content":{"rendered":"<p>Az\u0259rbaycan m\u0259d\u0259niyy\u0259tinin, inc\u0259s\u0259n\u0259tinin xaricd\u0259 t\u0259bli\u011fi il\u0259 m\u0259\u015f\u011ful olan \u201c\u0130RS\u201d jurnal\u0131n\u0131n \u0130sraild\u0259 ivrit dilind\u0259\u00a0Az\u0259rbaycan\u0131n \u0130kinci Garaba\u011f m\u00fcharib\u0259sind\u0259 b\u00f6y\u00fck z\u0259f\u0259rin\u0259 h\u0259sr olunmu\u015f n\u00f6vb\u0259ti n\u00f6mr\u0259si n\u0259\u015fr edilib.<\/p>\n<p>\u0130RS \u2013 \u05de\u05d5\u05e8\u05e9\u05ea \u00a0jurnal\u0131n yeni say\u0131nda da\u011f y\u0259hudil\u0259rin\u0259, onlar\u0131n m\u0259d\u0259niyy\u0259tin\u0259 v\u0259 Az\u0259rbaycan\u0131n multikultural palitras\u0131ndak\u0131 yerin\u0259 h\u0259sr olunmu\u015f material oxucular\u0131n diqq\u0259tini c\u0259lb ed\u0259c\u0259k. Tarix \u00fczr\u0259 f\u0259ls\u0259f\u0259 doktoru S\u0259buhi \u018fhm\u0259dovun m\u00fc\u0259llif oldu\u011fu m\u0259qal\u0259d\u0259 Quban\u0131n Q\u0131rm\u0131z\u0131 Q\u0259s\u0259b\u0259sind\u0259 ya\u015fayan da\u011f y\u0259hudil\u0259rinin tarixi il\u0259 ba\u011fl\u0131 maraql\u0131 faktlar a\u00e7\u0131qlan\u0131r, nadir \u015f\u0259kill\u0259r oxuculara t\u0259qdim edilir.<\/p>\n<article class=\"news\">\n<div class=\"news-inner\">\n<p><img src=\"https:\/\/cdn.oxu.az\/uploads\/W1siZiIsIjIwMjIvMDEvMTIvMTcvNTAvMDYvMWQ3MThhMDAtODhkZS00NmFlLWE5NzMtYzIxNmRmYzlhYmQ0LzYucG5nIl0sWyJwIiwiZW5jb2RlIiwianBnIiwiLXF1YWxpdHkgODAiXSxbInAiLCJ0aHVtYiIsIjU5MHg1OTBcdTAwM2UiXV0?sha=6904c54a4d54f464\" alt=\"\" \/>Jurnal\u0131n ba\u015f redaktoru Musa M\u0259rcanl\u0131 \u00f6n s\u00f6z\u00fcnd\u0259 \u0130srail Az\u0259rbaycan m\u00fcnasib\u0259tl\u0259rinin inki\u015faf\u0131ndan, \u0130kinci Qaraba\u011f m\u00fcharib\u0259sind\u0259 bu dost d\u00f6vl\u0259tin \u00f6lk\u0259miz\u0259 g\u00f6st\u0259rdiyi h\u0259r c\u00fcr d\u0259st\u0259kd\u0259n s\u00f6hb\u0259t a\u00e7\u0131r. M\u00fc\u0259llif m\u00fcharib\u0259y\u0259 s\u0259b\u0259b olan amill\u0259ri q\u0131saca qeyd ed\u0259r\u0259k g\u00f6st\u0259rir ki, Erm\u0259nistan t\u0259r\u0259fd\u0259n Az\u0259rbaycan torpaqlar\u0131n\u0131n i\u015f\u011fal\u0131 \u0259b\u0259di davam ed\u0259 bilm\u0259zdi. Ali Ba\u015f Komandan\u0131n r\u0259hb\u0259rliyi alt\u0131nda Az\u0259rbaycan Silahl\u0131 Q\u00fcvv\u0259l\u0259ri 44 g\u00fcn \u0259rzind\u0259 otuz illik i\u015f\u011fala son qoydu. Erm\u0259nistan o faktla raz\u0131la\u015fa bilmir ki, Az\u0259rbaycan regional v\u0259 strateji m\u0259rk\u0259z, \u0130srailin C\u0259nubi Qafqazda m\u00fch\u00fcm strateji t\u0259r\u0259fda\u015f\u0131d\u0131r v\u0259 bu t\u0259r\u0259fda\u015fl\u0131qdan ke\u00e7mi\u015f sovet blokunun he\u00e7 bir dig\u0259r \u00f6lk\u0259sinin malik olmad\u0131\u011f\u0131 h\u0259rt\u0259r\u0259fli \u00fcst\u00fcnl\u00fck \u0259ld\u0259 edir.<\/p>\n<p><img src=\"https:\/\/cdn.oxu.az\/uploads\/W1siZiIsIjIwMjIvMDEvMTIvMTcvNTAvMDUvNzJhODBmZWQtY2JlOS00MjdkLThmNzMtNWI5NDA4MTdjNDdkLzIucG5nIl0sWyJwIiwiZW5jb2RlIiwianBnIiwiLXF1YWxpdHkgODAiXSxbInAiLCJ0aHVtYiIsIjU5MHg1OTBcdTAwM2UiXV0?sha=2986b9a172db850c\" alt=\"\" \/>Az\u0259rbaycan Respublikas\u0131n\u0131n m\u0259d\u0259niyy\u0259t naziri Anar K\u0259rimovun \u201cQaraba\u011f\u0131n azad olunmas\u0131 il\u0259 b\u00fct\u00f6vl\u0259\u015f\u0259n Az\u0259rbaycan m\u0259d\u0259niyy\u0259ti\u201d ba\u015fl\u0131ql\u0131 m\u0259qal\u0259sind\u0259 Qaraba\u011f\u0131n ke\u00e7mi\u015find\u0259n, buradak\u0131 q\u0259dim alban xristian m\u0259d\u0259niyy\u0259tin\u0259 aid abid\u0259l\u0259rd\u0259n b\u0259hs etdikd\u0259n sonra diyar\u0131n yeni tarixind\u0259n s\u00f6z a\u00e7\u0131r.<\/p>\n<p>\u0130kinci Qaraba\u011f m\u00fcharib\u0259si il\u0259 ba\u011fl\u0131 m\u0259qal\u0259d\u0259 \u201cM\u00fcharib\u0259 v\u0259 s\u00fclh\u201d adl\u0131 m\u0259qal\u0259sind\u0259 44 g\u00fcnl\u00fck m\u00fcharib\u0259nin detall\u0131 analizini apar\u0131r, Az\u0259rbaycan\u0131n haql\u0131 m\u00f6vqeyi v\u0259 u\u011furlu V\u0259t\u0259n m\u00fcharib\u0259sinin arxas\u0131nda duran milli birlik haqq\u0131nda dan\u0131\u015f\u0131r.<\/p>\n<p>Jurnal\u0131n \u0130srail \u00fczr\u0259 m\u0259sul redaktoru, Bak\u0131 Beyn\u0259lxalq Multikulturalizm M\u0259rk\u0259zinin \u0130sraild\u0259ki n\u00fcmay\u0259nd\u0259liyinin r\u0259hb\u0259ri, beyn\u0259lxalq m\u00fcnasib\u0259tl\u0259r \u00fczr\u0259 tan\u0131nm\u0131\u015f ekspert Arye Qutun verdiyi m\u0259lumata g\u00f6r\u0259 \u201c\u0130RS\u201d jurnal\u0131n\u0131n ivrit dilind\u0259ki bu n\u00f6mr\u0259nin \u0130sraild\u0259 geni\u015f t\u0259qdim v\u0259 t\u0259bli\u011fat\u0131 olacaqd\u0131r. \u00c7\u00fcnki bu \u00f6lk\u0259d\u0259 \u00e7oxsayl\u0131 az\u0259rbaycansev\u0259r insanlar v\u0259 \u0259l\u0259lx\u00fcsus da b\u00f6y\u00fck diasporumuz var. Onlar\u0131n Az\u0259rbaycan tarixi, m\u0259d\u0259niyy\u0259ti, turizm potensial\u0131, Qaraba\u011f h\u0259qiq\u0259tl\u0259ri v\u0259 sair haqq\u0131nda m\u00fcf\u0259ss\u0259l m\u0259lumat\u0131 m\u0259hz bu jurnaldan \u0259ld\u0259 ed\u0259 bil\u0259rl\u0259r.<\/p>\n<p><img src=\"https:\/\/cdn.oxu.az\/uploads\/W1siZiIsIjIwMjIvMDEvMTIvMTcvNTAvMDUvMDM1NjI4NjctZGM2ZS00MDVkLThlMTMtZmU0ZDg1YWQzODY5LzUucG5nIl0sWyJwIiwiZW5jb2RlIiwianBnIiwiLXF1YWxpdHkgODAiXSxbInAiLCJ0aHVtYiIsIjU5MHg1OTBcdTAwM2UiXV0?sha=148438e80e2b4b33\" alt=\"\" \/>\u201c\u0130sraild\u0259 Az\u0259rbaycan Evinin\u201d icra\u00e7\u0131 direktoru Arye Qut qeyd edir ki, \u0130kinci Qaraba\u011f m\u00fcharib\u0259sind\u0259 Erm\u0259nistan tam geosiyasi v\u0259 h\u0259rbi fiaskoya u\u011fray\u0131b. \u201c\u015e\u00f6hr\u0259t qazanm\u0131\u015f erm\u0259ni ordusu\u201dnun imici 44 g\u00fcn \u0259rzind\u0259 darmada\u011f\u0131n edildi, bu i\u015f\u011fal\u00e7\u0131 ordu tamamil\u0259 par\u00e7aland\u0131.<\/p>\n<p>\u201cM\u0259n v\u0259 m\u0259nim dostum Musa M\u0259rcanl\u0131yla i\u015f\u011faldan azad edilmi\u015f \u0259razil\u0259rd\u0259 bir ne\u00e7\u0259 d\u0259f\u0259 olmu\u015fuq. \u0130lk andan bizd\u0259 bel\u0259 bir hiss var idi ki, i\u015f\u011fal\u00e7\u0131 erm\u0259ni ordusu azad edilmi\u015f bu \u0259razil\u0259rd\u0259 yand\u0131r\u0131lm\u0131\u015f torpaq taktikas\u0131n\u0131 h\u0259yata ke\u00e7irib. Praktiki olaraq, i\u015f\u011faldan azad edil\u0259n b\u00fct\u00fcn \u0259razil\u0259rd\u0259 n\u0259 bir ev, n\u0259 bir u\u015faq ba\u011f\u00e7as\u0131 v\u0259 ya m\u0259kt\u0259b, n\u0259 d\u0259 bir kitabxana v\u0259 muzey yox idi. B\u00fct\u00fcn bu 27 il \u0259rzind\u0259 i\u015f\u011fal\u00e7\u0131 erm\u0259ni ordusu talan\u00e7\u0131l\u0131q v\u0259 vandalizml\u0259 m\u0259\u015f\u011ful olaraq A\u011fdam, F\u00fczuli, Qubadl\u0131, C\u0259bray\u0131l v\u0259 Z\u0259ngilan kimi g\u00f6z\u0259l \u015f\u0259h\u0259rl\u0259ri yer \u00fcz\u00fcnd\u0259n silib.<\/p>\n<p>\u018fz\u0259li torpaqlar\u0131ndan qovulan bir milyon az\u0259rbaycanl\u0131 qa\u00e7q\u0131n\u0131n v\u0259 m\u0259cburi k\u00f6\u00e7k\u00fcn\u00fcn, erm\u0259ni fa\u015fizminin v\u0259 vandalizminin b\u00fct\u00fcn d\u0259h\u015f\u0259tl\u0259rini ya\u015fayan, sad\u0259 v\u0259 talesiz insanlar\u0131n m\u00f6vcudlu\u011fu erm\u0259ni vandallar\u0131n\u0131n b\u0259\u015f\u0259riyy\u0259t\u0259 qar\u015f\u0131 t\u00f6r\u0259tdikl\u0259ri cinay\u0259tl\u0259rin canl\u0131 s\u00fcbutudur.<\/p>\n<p>Bu g\u00fcn vaxtil\u0259 k\u00fc\u00e7\u0259l\u0259rin v\u0259 evl\u0259rin, m\u0259kt\u0259bl\u0259rin v\u0259 muzeyl\u0259rin oldu\u011fu yerd\u0259 m\u0259n indi yaln\u0131z i\u015f\u011fal\u00e7\u0131 erm\u0259ni ordusunun yand\u0131rd\u0131\u011f\u0131 qap\u0131 dir\u0259kl\u0259rini v\u0259 s\u00fctunlar\u0131n\u0131, s\u00f6k\u00fclm\u00fc\u015f p\u0259nc\u0259r\u0259 \u00e7\u0259r\u00e7iv\u0259l\u0259rini g\u00f6rd\u00fcm. B\u00fct\u00fcn xarabal\u0131qlarda a\u011faclar bitib. \u201c\u018fg\u0259r erm\u0259nil\u0259r bu torpaqlar\u0131 \u00f6z\u00fcn\u00fcnk\u00fc adland\u0131r\u0131rlarsa, o halda niy\u0259 bu \u0259razil\u0259r kabus-\u015f\u0259h\u0259r kimi g\u00f6r\u00fcn\u00fcr, niy\u0259 onlar bu \u015f\u0259h\u0259rl\u0259ri n\u0259h\u0259ng sayda mina il\u0259 v\u0259 tank \u00fc\u00e7\u00fcn tunell\u0259rl\u0259 qoyub gedibl\u0259r, g\u00f6r\u0259s\u0259n erm\u0259nil\u0259rd\u0259 V\u0259t\u0259n bel\u0259 kabus g\u00f6r\u00fcn\u00fcrm\u00fc?\u201d, &#8211; dey\u0259 Arye Qut bel\u0259 bir ritorik sualla m\u00fcraci\u0259t edir.<\/p>\n<p>Jurnal\u0131n yeni say\u0131nda oxucular \u0130kinci Garaba\u011f m\u00fcharib\u0259sinin u\u011furlar\u0131 il\u0259 b\u0259rab\u0259r Az\u0259rbaycan\u0131n m\u0259d\u0259niyy\u0259tin\u0259, inc\u0259s\u0259n\u0259tin\u0259, g\u00f6rm\u0259li yerl\u0259rin\u0259 aid dig\u0259r m\u0259qal\u0259l\u0259rl\u0259 d\u0259 tan\u0131\u015f ola bil\u0259rl\u0259r. Onu da qeyd ed\u0259k ki, Az\u0259rbaycan\u0131n turizm potensial\u0131 il\u0259 ba\u011fl\u0131 \u0130sraild\u0259 f\u0259aliyy\u0259t g\u00f6st\u0259r\u0259n Az\u0259rbaycan Turizm Agentliyinin n\u00fcmay\u0259nd\u0259liyinin d\u0259st\u0259yi il\u0259\u00a0\u201c\u0130RS\u201d jurnal\u0131nda\u00a0ivrit dilind\u0259 b\u00f6y\u00fck bir m\u0259qal\u0259 d\u0259 d\u0259rc olunub.<\/p>\n<p><img src=\"https:\/\/cdn.oxu.az\/uploads\/W1siZiIsIjIwMjIvMDEvMTIvMTcvNTAvMDUvYTRjOGQ0YmQtZWZiNi00YTc0LTk1NTctMDQwNTExOGJjYzZmLzEucG5nIl0sWyJwIiwiZW5jb2RlIiwianBnIiwiLXF1YWxpdHkgODAiXSxbInAiLCJ0aHVtYiIsIjU5MHg1OTBcdTAwM2UiXV0?sha=45570b4c106d8ccb\" alt=\"\" \/><\/p>\n<\/div>\n<\/article>\n","protected":false},"excerpt":{"rendered":"<p>Az\u0259rbaycan m\u0259d\u0259niyy\u0259tinin, inc\u0259s\u0259n\u0259tinin xaricd\u0259 t\u0259bli\u011fi il\u0259 m\u0259\u015f\u011ful olan \u201c\u0130RS\u201d jurnal\u0131n\u0131n \u0130sraild\u0259 ivrit dilind\u0259\u00a0Az\u0259rbaycan\u0131n \u0130kinci Garaba\u011f m\u00fcharib\u0259sind\u0259 b\u00f6y\u00fck z\u0259f\u0259rin\u0259 h\u0259sr olunmu\u015f n\u00f6vb\u0259ti n\u00f6mr\u0259si n\u0259\u015fr edilib. \u0130RS \u2013 \u05de\u05d5\u05e8\u05e9\u05ea \u00a0jurnal\u0131n yeni say\u0131nda da\u011f y\u0259hudil\u0259rin\u0259, onlar\u0131n m\u0259d\u0259niyy\u0259tin\u0259 v\u0259 Az\u0259rbaycan\u0131n multikultural palitras\u0131ndak\u0131 yerin\u0259 h\u0259sr olunmu\u015f material oxucular\u0131n diqq\u0259tini c\u0259lb ed\u0259c\u0259k. Tarix \u00fczr\u0259 f\u0259ls\u0259f\u0259 doktoru S\u0259buhi \u018fhm\u0259dovun m\u00fc\u0259llif oldu\u011fu m\u0259qal\u0259d\u0259 Quban\u0131n Q\u0131rm\u0131z\u0131 Q\u0259s\u0259b\u0259sind\u0259 ya\u015fayan da\u011f y\u0259hudil\u0259rinin tarixi il\u0259 ba\u011fl\u0131 maraql\u0131 faktlar a\u00e7\u0131qlan\u0131r, nadir \u015f\u0259kill\u0259r oxuculara t\u0259qdim edilir. Jurnal\u0131n ba\u015f redaktoru Musa M\u0259rcanl\u0131 \u00f6n s\u00f6z\u00fcnd\u0259 \u0130srail Az\u0259rbaycan m\u00fcnasib\u0259tl\u0259rinin inki\u015faf\u0131ndan, \u0130kinci Qaraba\u011f m\u00fcharib\u0259sind\u0259 bu dost d\u00f6vl\u0259tin \u00f6lk\u0259miz\u0259&hellip;<\/p>\n","protected":false},"author":2,"featured_media":425134,"comment_status":"closed","ping_status":"closed","sticky":false,"template":"","format":"standard","meta":{"om_disable_all_campaigns":false,"_monsterinsights_skip_tracking":false,"_monsterinsights_sitenote_active":false,"_monsterinsights_sitenote_note":"","_monsterinsights_sitenote_category":0},"categories":[4],"tags":[],"aioseo_notices":[],"gutentor_comment":0,"rttpg_featured_image_url":{"full":["https:\/\/arantv.az\/wp-content\/uploads\/2022\/01\/4.jpg",620,414,false],"landscape":["https:\/\/arantv.az\/wp-content\/uploads\/2022\/01\/4.jpg",620,414,false],"portraits":["https:\/\/arantv.az\/wp-content\/uploads\/2022\/01\/4.jpg",620,414,false],"thumbnail":["https:\/\/arantv.az\/wp-content\/uploads\/2022\/01\/4-500x280.jpg",500,280,true],"medium":["https:\/\/arantv.az\/wp-content\/uploads\/2022\/01\/4-547x365.jpg",547,365,true],"large":["https:\/\/arantv.az\/wp-content\/uploads\/2022\/01\/4.jpg",620,414,false],"1536x1536":["https:\/\/arantv.az\/wp-content\/uploads\/2022\/01\/4.jpg",620,414,false],"2048x2048":["https:\/\/arantv.az\/wp-content\/uploads\/2022\/01\/4.jpg",620,414,false],"post-thumbnail":["https:\/\/arantv.az\/wp-content\/uploads\/2022\/01\/4-240x172.jpg",240,172,true],"advps-thumb-one":["https:\/\/arantv.az\/wp-content\/uploads\/2022\/01\/4.jpg",620,414,false]},"rttpg_author":{"display_name":"V\u00fcsal Rafiqo\u011flu","author_link":"https:\/\/arantv.az\/?author=2"},"rttpg_comment":0,"rttpg_category":"<a href=\"https:\/\/arantv.az\/?cat=4\" rel=\"category\">Siyas\u0259t<\/a>","rttpg_excerpt":"Az\u0259rbaycan m\u0259d\u0259niyy\u0259tinin, inc\u0259s\u0259n\u0259tinin xaricd\u0259 t\u0259bli\u011fi il\u0259 m\u0259\u015f\u011ful olan \u201c\u0130RS\u201d jurnal\u0131n\u0131n \u0130sraild\u0259 ivrit dilind\u0259\u00a0Az\u0259rbaycan\u0131n \u0130kinci Garaba\u011f m\u00fcharib\u0259sind\u0259 b\u00f6y\u00fck z\u0259f\u0259rin\u0259 h\u0259sr olunmu\u015f n\u00f6vb\u0259ti n\u00f6mr\u0259si n\u0259\u015fr edilib. \u0130RS \u2013 \u05de\u05d5\u05e8\u05e9\u05ea \u00a0jurnal\u0131n yeni say\u0131nda da\u011f y\u0259hudil\u0259rin\u0259, onlar\u0131n m\u0259d\u0259niyy\u0259tin\u0259 v\u0259 Az\u0259rbaycan\u0131n multikultural palitras\u0131ndak\u0131 yerin\u0259 h\u0259sr olunmu\u015f material oxucular\u0131n diqq\u0259tini c\u0259lb ed\u0259c\u0259k. Tarix \u00fczr\u0259 f\u0259ls\u0259f\u0259 doktoru S\u0259buhi \u018fhm\u0259dovun m\u00fc\u0259llif oldu\u011fu m\u0259qal\u0259d\u0259&hellip;","_links":{"self":[{"href":"https:\/\/arantv.az\/index.php?rest_route=\/wp\/v2\/posts\/425133"}],"collection":[{"href":"https:\/\/arantv.az\/index.php?rest_route=\/wp\/v2\/posts"}],"about":[{"href":"https:\/\/arantv.az\/index.php?rest_route=\/wp\/v2\/types\/post"}],"author":[{"embeddable":true,"href":"https:\/\/arantv.az\/index.php?rest_route=\/wp\/v2\/users\/2"}],"replies":[{"embeddable":true,"href":"https:\/\/arantv.az\/index.php?rest_route=%2Fwp%2Fv2%2Fcomments&post=425133"}],"version-history":[{"count":0,"href":"https:\/\/arantv.az\/index.php?rest_route=\/wp\/v2\/posts\/425133\/revisions"}],"wp:featuredmedia":[{"embeddable":true,"href":"https:\/\/arantv.az\/index.php?rest_route=\/wp\/v2\/media\/425134"}],"wp:attachment":[{"href":"https:\/\/arantv.az\/index.php?rest_route=%2Fwp%2Fv2%2Fmedia&parent=425133"}],"wp:term":[{"taxonomy":"category","embeddable":true,"href":"https:\/\/arantv.az\/index.php?rest_route=%2Fwp%2Fv2%2Fcategories&post=425133"},{"taxonomy":"post_tag","embeddable":true,"href":"https:\/\/arantv.az\/index.php?rest_route=%2Fwp%2Fv2%2Ftags&post=425133"}],"curies":[{"name":"wp","href":"https:\/\/api.w.org\/{rel}","templated":true}]}}