{"id":425451,"date":"2022-01-13T10:43:10","date_gmt":"2022-01-13T07:43:10","guid":{"rendered":"http:\/\/arantv.az\/?p=425451"},"modified":"2022-01-13T10:43:10","modified_gmt":"2022-01-13T07:43:10","slug":"samaxida-surusm%c9%99-olub-yeni-c%c9%99kil%c9%99n-yol-dagilib","status":"publish","type":"post","link":"https:\/\/arantv.az\/?p=425451","title":{"rendered":"\u015eamax\u0131da s\u00fcr\u00fc\u015fm\u0259 olub, yeni \u00e7\u0259kil\u0259n yol da\u011f\u0131l\u0131b"},"content":{"rendered":"<p><strong>\u015eamax\u0131 rayonunda \u00c7uxuryurd-Sis-Qaleybu\u011furd-Ke\u00e7m\u0259ddin-Qalad\u0259r\u0259si avtomobil yolunda torpaq s\u00fcr\u00fc\u015fm\u0259si ba\u015f verib.<\/strong><\/p>\n<p><strong>ARANTV.AZ<\/strong>\u00a0 APA-ya istinad\u0259n bildirir ki, rayon m\u0259rk\u0259zind\u0259n 22 km aral\u0131 m\u0259saf\u0259d\u0259 yerl\u0259\u015f\u0259n bu yolda ba\u015f ver\u0259n s\u00fcr\u00fc\u015fm\u0259 n\u0259tic\u0259sind\u0259 t\u0259hl\u00fck\u0259li v\u0259ziyy\u0259t yaran\u0131b.<\/p>\n<p>2020-ci ilin \u0259vv\u0259ll\u0259rind\u0259 yenid\u0259n qurularaq istifad\u0259y\u0259 veril\u0259n v\u0259 uzunlu\u011fu 16 kilometr olan \u00c7uxuryurd-Sis-Qaleybu\u011furd-Ke\u00e7m\u0259ddin-Qalad\u0259r\u0259si avtomobil yolunun bir ne\u00e7\u0259 hiss\u0259si da\u011f\u0131l\u0131b, asfalt \u00f6rt\u00fcy\u00fcnd\u0259 \u00e7\u00f6km\u0259l\u0259r v\u0259 yolun ortas\u0131nda iri \u00e7atlar \u0259m\u0259l\u0259 g\u0259lib. \u018fn \u00e7ox s\u00fcr\u00fc\u015fm\u0259 yolun 6-8-ci kilometrliyind\u0259 qeyd\u0259 al\u0131n\u0131r. 8-ci kilometrlikd\u0259 yolun bir h\u0259r\u0259k\u0259t zola\u011f\u0131 d\u0259r\u0259y\u0259 do\u011fru s\u00fcr\u00fc\u015f\u0259r\u0259k da\u011f\u0131l\u0131b, 3 metr d\u0259rinliyind\u0259 iri \u00e7uxur yaran\u0131b. Yolun dig\u0259r t\u0259r\u0259find\u0259 is\u0259 asfalt \u00f6rt\u00fcy\u00fc da\u011f\u0131laraq iri qabarmalar \u0259m\u0259l\u0259 g\u0259lib ki, bu da s\u00fcr\u00fcc\u00fcl\u0259r \u00fc\u00e7\u00fcn t\u0259hl\u00fck\u0259 yarad\u0131r.<\/p>\n<p>\u018fsas\u0259n d\u0259 dumanl\u0131 havada v\u0259 ax\u015fam saatlar\u0131nda yoldan istifad\u0259 ed\u0259n s\u00fcr\u00fcc\u00fcl\u0259r \u00e7\u0259tinlikl\u0259 \u00fczl\u0259\u015firl\u0259r. Dig\u0259r t\u0259r\u0259fd\u0259n, s\u00fcr\u00fc\u015fm\u0259 \u0259razisind\u0259 t\u0259hl\u00fck\u0259d\u0259n x\u0259b\u0259r ver\u0259n yol ni\u015fanlar\u0131n\u0131n olmamas\u0131 da s\u00fcr\u00fcc\u00fcl\u0259rin q\u0259za t\u00f6r\u0259tm\u0259sin\u0259 s\u0259b\u0259b olur.<\/p>\n<p>D\u00f6rd k\u0259ndi birl\u0259\u015fdir\u0259n v\u0259 turizm \u0259h\u0259miyy\u0259tli bu yolda ilk d\u0259f\u0259dir ki, torpaq s\u00fcr\u00fc\u015fm\u0259si ba\u015f verib. Sakinl\u0259rin s\u00f6zl\u0259rin\u0259 g\u00f6r\u0259, \u00e7atlar h\u0259r g\u00fcn geni\u015fl\u0259nir, \u00e7\u00f6km\u0259l\u0259r b\u00f6y\u00fcy\u00fcr. Uzun ill\u0259r yolun yenid\u0259n qurulmas\u0131n\u0131 arzulayan sakinl\u0259r bu yeni yolun q\u0131sa vaxt \u0259rzind\u0259 yarars\u0131z v\u0259ziyy\u0259t\u0259 d\u00fc\u015f\u0259c\u0259yind\u0259n narahatd\u0131rlar.<\/p>\n<p>Haz\u0131rda s\u00fcr\u00fc\u015fm\u0259 aktiv fazadad\u0131r.<\/p>\n","protected":false},"excerpt":{"rendered":"<p>\u015eamax\u0131 rayonunda \u00c7uxuryurd-Sis-Qaleybu\u011furd-Ke\u00e7m\u0259ddin-Qalad\u0259r\u0259si avtomobil yolunda torpaq s\u00fcr\u00fc\u015fm\u0259si ba\u015f verib. ARANTV.AZ\u00a0 APA-ya istinad\u0259n bildirir ki, rayon m\u0259rk\u0259zind\u0259n 22 km aral\u0131 m\u0259saf\u0259d\u0259 yerl\u0259\u015f\u0259n bu yolda ba\u015f ver\u0259n s\u00fcr\u00fc\u015fm\u0259 n\u0259tic\u0259sind\u0259 t\u0259hl\u00fck\u0259li v\u0259ziyy\u0259t yaran\u0131b. 2020-ci ilin \u0259vv\u0259ll\u0259rind\u0259 yenid\u0259n qurularaq istifad\u0259y\u0259 veril\u0259n v\u0259 uzunlu\u011fu 16 kilometr olan \u00c7uxuryurd-Sis-Qaleybu\u011furd-Ke\u00e7m\u0259ddin-Qalad\u0259r\u0259si avtomobil yolunun bir ne\u00e7\u0259 hiss\u0259si da\u011f\u0131l\u0131b, asfalt \u00f6rt\u00fcy\u00fcnd\u0259 \u00e7\u00f6km\u0259l\u0259r v\u0259 yolun ortas\u0131nda iri \u00e7atlar \u0259m\u0259l\u0259 g\u0259lib. \u018fn \u00e7ox s\u00fcr\u00fc\u015fm\u0259 yolun 6-8-ci kilometrliyind\u0259 qeyd\u0259 al\u0131n\u0131r. 8-ci kilometrlikd\u0259 yolun bir h\u0259r\u0259k\u0259t zola\u011f\u0131 d\u0259r\u0259y\u0259 do\u011fru s\u00fcr\u00fc\u015f\u0259r\u0259k da\u011f\u0131l\u0131b, 3 metr d\u0259rinliyind\u0259 iri \u00e7uxur yaran\u0131b. Yolun dig\u0259r t\u0259r\u0259find\u0259 is\u0259 asfalt \u00f6rt\u00fcy\u00fc da\u011f\u0131laraq&hellip;<\/p>\n","protected":false},"author":2,"featured_media":425452,"comment_status":"closed","ping_status":"closed","sticky":false,"template":"","format":"standard","meta":{"om_disable_all_campaigns":false,"_monsterinsights_skip_tracking":false,"_monsterinsights_sitenote_active":false,"_monsterinsights_sitenote_note":"","_monsterinsights_sitenote_category":0},"categories":[5],"tags":[],"aioseo_notices":[],"gutentor_comment":0,"rttpg_featured_image_url":{"full":["https:\/\/arantv.az\/wp-content\/uploads\/2022\/01\/1011358_0.jpg",800,600,false],"landscape":["https:\/\/arantv.az\/wp-content\/uploads\/2022\/01\/1011358_0.jpg",800,600,false],"portraits":["https:\/\/arantv.az\/wp-content\/uploads\/2022\/01\/1011358_0.jpg",800,600,false],"thumbnail":["https:\/\/arantv.az\/wp-content\/uploads\/2022\/01\/1011358_0-500x280.jpg",500,280,true],"medium":["https:\/\/arantv.az\/wp-content\/uploads\/2022\/01\/1011358_0-487x365.jpg",487,365,true],"large":["https:\/\/arantv.az\/wp-content\/uploads\/2022\/01\/1011358_0.jpg",640,480,false],"1536x1536":["https:\/\/arantv.az\/wp-content\/uploads\/2022\/01\/1011358_0.jpg",800,600,false],"2048x2048":["https:\/\/arantv.az\/wp-content\/uploads\/2022\/01\/1011358_0.jpg",800,600,false],"post-thumbnail":["https:\/\/arantv.az\/wp-content\/uploads\/2022\/01\/1011358_0-240x172.jpg",240,172,true],"advps-thumb-one":["https:\/\/arantv.az\/wp-content\/uploads\/2022\/01\/1011358_0.jpg",800,600,false]},"rttpg_author":{"display_name":"V\u00fcsal Rafiqo\u011flu","author_link":"https:\/\/arantv.az\/?author=2"},"rttpg_comment":0,"rttpg_category":"<a href=\"https:\/\/arantv.az\/?cat=5\" rel=\"category\">Hadis\u0259<\/a>","rttpg_excerpt":"\u015eamax\u0131 rayonunda \u00c7uxuryurd-Sis-Qaleybu\u011furd-Ke\u00e7m\u0259ddin-Qalad\u0259r\u0259si avtomobil yolunda torpaq s\u00fcr\u00fc\u015fm\u0259si ba\u015f verib. ARANTV.AZ\u00a0 APA-ya istinad\u0259n bildirir ki, rayon m\u0259rk\u0259zind\u0259n 22 km aral\u0131 m\u0259saf\u0259d\u0259 yerl\u0259\u015f\u0259n bu yolda ba\u015f ver\u0259n s\u00fcr\u00fc\u015fm\u0259 n\u0259tic\u0259sind\u0259 t\u0259hl\u00fck\u0259li v\u0259ziyy\u0259t yaran\u0131b. 2020-ci ilin \u0259vv\u0259ll\u0259rind\u0259 yenid\u0259n qurularaq istifad\u0259y\u0259 veril\u0259n v\u0259 uzunlu\u011fu 16 kilometr olan \u00c7uxuryurd-Sis-Qaleybu\u011furd-Ke\u00e7m\u0259ddin-Qalad\u0259r\u0259si avtomobil yolunun bir ne\u00e7\u0259 hiss\u0259si da\u011f\u0131l\u0131b, asfalt \u00f6rt\u00fcy\u00fcnd\u0259 \u00e7\u00f6km\u0259l\u0259r v\u0259 yolun ortas\u0131nda&hellip;","_links":{"self":[{"href":"https:\/\/arantv.az\/index.php?rest_route=\/wp\/v2\/posts\/425451"}],"collection":[{"href":"https:\/\/arantv.az\/index.php?rest_route=\/wp\/v2\/posts"}],"about":[{"href":"https:\/\/arantv.az\/index.php?rest_route=\/wp\/v2\/types\/post"}],"author":[{"embeddable":true,"href":"https:\/\/arantv.az\/index.php?rest_route=\/wp\/v2\/users\/2"}],"replies":[{"embeddable":true,"href":"https:\/\/arantv.az\/index.php?rest_route=%2Fwp%2Fv2%2Fcomments&post=425451"}],"version-history":[{"count":0,"href":"https:\/\/arantv.az\/index.php?rest_route=\/wp\/v2\/posts\/425451\/revisions"}],"wp:featuredmedia":[{"embeddable":true,"href":"https:\/\/arantv.az\/index.php?rest_route=\/wp\/v2\/media\/425452"}],"wp:attachment":[{"href":"https:\/\/arantv.az\/index.php?rest_route=%2Fwp%2Fv2%2Fmedia&parent=425451"}],"wp:term":[{"taxonomy":"category","embeddable":true,"href":"https:\/\/arantv.az\/index.php?rest_route=%2Fwp%2Fv2%2Fcategories&post=425451"},{"taxonomy":"post_tag","embeddable":true,"href":"https:\/\/arantv.az\/index.php?rest_route=%2Fwp%2Fv2%2Ftags&post=425451"}],"curies":[{"name":"wp","href":"https:\/\/api.w.org\/{rel}","templated":true}]}}