{"id":425662,"date":"2022-01-13T15:04:05","date_gmt":"2022-01-13T12:04:05","guid":{"rendered":"http:\/\/arantv.az\/?p=425662"},"modified":"2022-01-13T15:04:05","modified_gmt":"2022-01-13T12:04:05","slug":"k%c9%99lb%c9%99c%c9%99rd%c9%99-agir-itkil%c9%99rl%c9%99-uzl%c9%99s%c9%99n-erm%c9%99nil%c9%99r-etiraza-qalxdilar","status":"publish","type":"post","link":"https:\/\/arantv.az\/?p=425662","title":{"rendered":"K\u0259lb\u0259c\u0259rd\u0259 a\u011f\u0131r itkil\u0259rl\u0259 \u00fczl\u0259\u015f\u0259n erm\u0259nil\u0259r etiraza qalxd\u0131lar"},"content":{"rendered":"<p>Erm\u0259nistan siyasi hakimiyy\u0259tinin g\u00f6st\u0259ri\u015fi il\u0259 bu \u00f6lk\u0259nin h\u0259rbi-siyasi r\u0259hb\u0259rliyi yanvar\u0131n 11-12-d\u0259 Az\u0259rbaycanla d\u00f6vl\u0259t s\u0259rh\u0259dinin K\u0259lb\u0259c\u0259r istiqam\u0259tind\u0259 n\u00f6vb\u0259ti t\u0259xribatlara \u0259l atd\u0131.<\/p>\n<p>Ordumuzun h\u0259yata ke\u00e7irdiyi cavab h\u0259ml\u0259l\u0259ri n\u0259tic\u0259sind\u0259 d\u00fc\u015fm\u0259n b\u00f6y\u00fck itkil\u0259r ver\u0259r\u0259k susduruldu.<\/p>\n<p>Erm\u0259nil\u0259r K\u0259lb\u0259c\u0259rd\u0259ki t\u0259xribat\u0131n c\u0259zas\u0131n\u0131 a\u011f\u0131r \u00f6d\u0259di. \u0130ki post da\u011f\u0131d\u0131ld\u0131, d\u00fc\u015fm\u0259nin s\u0259kkiz canl\u0131 q\u00fcvv\u0259si m\u0259hv edildi.<\/p>\n<p>Bunun n\u0259tic\u0259si olaraq\u00a0bu g\u00fcn bir qrup erm\u0259ni\u00a0paytaxt \u0130r\u0259vanda etiraz\u00a0aksiyas\u0131 ke\u00e7irib.<\/p>\n<p>Onlar ba\u015f nazir Nikol Pa\u015finyan\u0131n r\u0259hb\u0259rlik etdiyi h\u00f6kum\u0259ti s\u0259rh\u0259dd\u0259 t\u0259hl\u00fck\u0259sizliyi t\u0259min ed\u0259 bilm\u0259m\u0259kd\u0259 ittiham edibl\u0259r v\u0259 son t\u0259xribatlara etirazlar\u0131n\u0131 bildiribl\u0259r.<\/p>\n<p>Aksiya i\u015ftirak\u00e7\u0131lar\u0131, x\u00fcsus\u0259n 18-20 ya\u015fl\u0131 \u0259sg\u0259rl\u0259rin he\u00e7 bir haz\u0131rl\u0131q ke\u00e7m\u0259d\u0259n s\u0259rh\u0259d\u0259 g\u00f6nd\u0259rilm\u0259sinin yolverilm\u0259z oldu\u011funu bildiribl\u0259r.<\/p>\n<p>M\u0259nb\u0259: News.am<\/p>\n","protected":false},"excerpt":{"rendered":"<p>Erm\u0259nistan siyasi hakimiyy\u0259tinin g\u00f6st\u0259ri\u015fi il\u0259 bu \u00f6lk\u0259nin h\u0259rbi-siyasi r\u0259hb\u0259rliyi yanvar\u0131n 11-12-d\u0259 Az\u0259rbaycanla d\u00f6vl\u0259t s\u0259rh\u0259dinin K\u0259lb\u0259c\u0259r istiqam\u0259tind\u0259 n\u00f6vb\u0259ti t\u0259xribatlara \u0259l atd\u0131. Ordumuzun h\u0259yata ke\u00e7irdiyi cavab h\u0259ml\u0259l\u0259ri n\u0259tic\u0259sind\u0259 d\u00fc\u015fm\u0259n b\u00f6y\u00fck itkil\u0259r ver\u0259r\u0259k susduruldu. Erm\u0259nil\u0259r K\u0259lb\u0259c\u0259rd\u0259ki t\u0259xribat\u0131n c\u0259zas\u0131n\u0131 a\u011f\u0131r \u00f6d\u0259di. \u0130ki post da\u011f\u0131d\u0131ld\u0131, d\u00fc\u015fm\u0259nin s\u0259kkiz canl\u0131 q\u00fcvv\u0259si m\u0259hv edildi. Bunun n\u0259tic\u0259si olaraq\u00a0bu g\u00fcn bir qrup erm\u0259ni\u00a0paytaxt \u0130r\u0259vanda etiraz\u00a0aksiyas\u0131 ke\u00e7irib. Onlar ba\u015f nazir Nikol Pa\u015finyan\u0131n r\u0259hb\u0259rlik etdiyi h\u00f6kum\u0259ti s\u0259rh\u0259dd\u0259 t\u0259hl\u00fck\u0259sizliyi t\u0259min ed\u0259 bilm\u0259m\u0259kd\u0259 ittiham edibl\u0259r v\u0259 son t\u0259xribatlara etirazlar\u0131n\u0131 bildiribl\u0259r. Aksiya i\u015ftirak\u00e7\u0131lar\u0131, x\u00fcsus\u0259n 18-20 ya\u015fl\u0131 \u0259sg\u0259rl\u0259rin he\u00e7 bir haz\u0131rl\u0131q ke\u00e7m\u0259d\u0259n s\u0259rh\u0259d\u0259 g\u00f6nd\u0259rilm\u0259sinin yolverilm\u0259z oldu\u011funu&hellip;<\/p>\n","protected":false},"author":2,"featured_media":425663,"comment_status":"closed","ping_status":"closed","sticky":false,"template":"","format":"standard","meta":{"om_disable_all_campaigns":false,"_monsterinsights_skip_tracking":false,"_monsterinsights_sitenote_active":false,"_monsterinsights_sitenote_note":"","_monsterinsights_sitenote_category":0},"categories":[7],"tags":[],"aioseo_notices":[],"gutentor_comment":0,"rttpg_featured_image_url":{"full":["https:\/\/arantv.az\/wp-content\/uploads\/2022\/01\/FotoJet-37-3.jpg",620,413,false],"landscape":["https:\/\/arantv.az\/wp-content\/uploads\/2022\/01\/FotoJet-37-3.jpg",620,413,false],"portraits":["https:\/\/arantv.az\/wp-content\/uploads\/2022\/01\/FotoJet-37-3.jpg",620,413,false],"thumbnail":["https:\/\/arantv.az\/wp-content\/uploads\/2022\/01\/FotoJet-37-3-500x280.jpg",500,280,true],"medium":["https:\/\/arantv.az\/wp-content\/uploads\/2022\/01\/FotoJet-37-3-548x365.jpg",548,365,true],"large":["https:\/\/arantv.az\/wp-content\/uploads\/2022\/01\/FotoJet-37-3.jpg",620,413,false],"1536x1536":["https:\/\/arantv.az\/wp-content\/uploads\/2022\/01\/FotoJet-37-3.jpg",620,413,false],"2048x2048":["https:\/\/arantv.az\/wp-content\/uploads\/2022\/01\/FotoJet-37-3.jpg",620,413,false],"post-thumbnail":["https:\/\/arantv.az\/wp-content\/uploads\/2022\/01\/FotoJet-37-3-240x172.jpg",240,172,true],"advps-thumb-one":["https:\/\/arantv.az\/wp-content\/uploads\/2022\/01\/FotoJet-37-3.jpg",620,413,false]},"rttpg_author":{"display_name":"V\u00fcsal Rafiqo\u011flu","author_link":"https:\/\/arantv.az\/?author=2"},"rttpg_comment":0,"rttpg_category":"<a href=\"https:\/\/arantv.az\/?cat=7\" rel=\"category\">D\u00fcnya<\/a>","rttpg_excerpt":"Erm\u0259nistan siyasi hakimiyy\u0259tinin g\u00f6st\u0259ri\u015fi il\u0259 bu \u00f6lk\u0259nin h\u0259rbi-siyasi r\u0259hb\u0259rliyi yanvar\u0131n 11-12-d\u0259 Az\u0259rbaycanla d\u00f6vl\u0259t s\u0259rh\u0259dinin K\u0259lb\u0259c\u0259r istiqam\u0259tind\u0259 n\u00f6vb\u0259ti t\u0259xribatlara \u0259l atd\u0131. Ordumuzun h\u0259yata ke\u00e7irdiyi cavab h\u0259ml\u0259l\u0259ri n\u0259tic\u0259sind\u0259 d\u00fc\u015fm\u0259n b\u00f6y\u00fck itkil\u0259r ver\u0259r\u0259k susduruldu. Erm\u0259nil\u0259r K\u0259lb\u0259c\u0259rd\u0259ki t\u0259xribat\u0131n c\u0259zas\u0131n\u0131 a\u011f\u0131r \u00f6d\u0259di. \u0130ki post da\u011f\u0131d\u0131ld\u0131, d\u00fc\u015fm\u0259nin s\u0259kkiz canl\u0131 q\u00fcvv\u0259si m\u0259hv edildi. Bunun n\u0259tic\u0259si olaraq\u00a0bu g\u00fcn bir qrup erm\u0259ni\u00a0paytaxt \u0130r\u0259vanda etiraz\u00a0aksiyas\u0131&hellip;","_links":{"self":[{"href":"https:\/\/arantv.az\/index.php?rest_route=\/wp\/v2\/posts\/425662"}],"collection":[{"href":"https:\/\/arantv.az\/index.php?rest_route=\/wp\/v2\/posts"}],"about":[{"href":"https:\/\/arantv.az\/index.php?rest_route=\/wp\/v2\/types\/post"}],"author":[{"embeddable":true,"href":"https:\/\/arantv.az\/index.php?rest_route=\/wp\/v2\/users\/2"}],"replies":[{"embeddable":true,"href":"https:\/\/arantv.az\/index.php?rest_route=%2Fwp%2Fv2%2Fcomments&post=425662"}],"version-history":[{"count":0,"href":"https:\/\/arantv.az\/index.php?rest_route=\/wp\/v2\/posts\/425662\/revisions"}],"wp:featuredmedia":[{"embeddable":true,"href":"https:\/\/arantv.az\/index.php?rest_route=\/wp\/v2\/media\/425663"}],"wp:attachment":[{"href":"https:\/\/arantv.az\/index.php?rest_route=%2Fwp%2Fv2%2Fmedia&parent=425662"}],"wp:term":[{"taxonomy":"category","embeddable":true,"href":"https:\/\/arantv.az\/index.php?rest_route=%2Fwp%2Fv2%2Fcategories&post=425662"},{"taxonomy":"post_tag","embeddable":true,"href":"https:\/\/arantv.az\/index.php?rest_route=%2Fwp%2Fv2%2Ftags&post=425662"}],"curies":[{"name":"wp","href":"https:\/\/api.w.org\/{rel}","templated":true}]}}