{"id":425675,"date":"2022-01-13T15:07:43","date_gmt":"2022-01-13T12:07:43","guid":{"rendered":"http:\/\/arantv.az\/?p=425675"},"modified":"2022-01-13T15:07:43","modified_gmt":"2022-01-13T12:07:43","slug":"bas-nazir-v%c9%99t%c9%99n-muharib%c9%99si-istirakcilarinin-siyahisinin-hazirlanmasi-bar%c9%99d%c9%99-tapsiriq-verib","status":"publish","type":"post","link":"https:\/\/arantv.az\/?p=425675","title":{"rendered":"Ba\u015f nazir V\u0259t\u0259n M\u00fcharib\u0259si i\u015ftirak\u00e7\u0131lar\u0131n\u0131n siyah\u0131s\u0131n\u0131n haz\u0131rlanmas\u0131 bar\u0259d\u0259 tap\u015f\u0131r\u0131q verib"},"content":{"rendered":"<p>Ba\u015f nazir \u018fli \u018fs\u0259dov \u201cAz\u0259rbaycan Respublikas\u0131n\u0131n \u0259razi b\u00fct\u00f6vl\u00fcy\u00fc u\u011frunda d\u00f6y\u00fc\u015f \u0259m\u0259liyyatlar\u0131nda i\u015ftirak etmi\u015f \u015f\u0259xsl\u0259r\u0259 \u201cM\u00fcharib\u0259 veteran\u0131\u201d ad\u0131n\u0131n verilm\u0259si il\u0259 ba\u011fl\u0131 t\u0259dbirl\u0259r haqq\u0131nda\u201d Az\u0259rbaycan Respublikas\u0131 Prezidentinin 2021-ci il 29 dekabr tarixli\u00a0s\u0259r\u0259ncam\u0131n\u0131n icras\u0131n\u0131n t\u0259min edilm\u0259si bar\u0259d\u0259\u201d s\u0259r\u0259ncam imzalay\u0131b.<\/p>\n<p><strong>ARANTV.AZ x\u0259b\u0259r verir ki,<\/strong>\u00a0\u00a0\u201cM\u00fcharib\u0259 veteran\u0131\u201d ad\u0131n\u0131n verilm\u0259si il\u0259 ba\u011fl\u0131 t\u0259dbirl\u0259r haqq\u0131nda\u201d Az\u0259rbaycan Respublikas\u0131 Prezidentinin 2021-ci il 29 dekabr tarixli\u00a0s\u0259r\u0259ncam\u0131na \u0259sas\u0259n, 2020-ci il sentyabr\u0131n 27-d\u0259n noyabr\u0131n 10-d\u0259k olan d\u00f6vrd\u0259 Az\u0259rbaycan Respublikas\u0131n\u0131n \u0259razi b\u00fct\u00f6vl\u00fcy\u00fc u\u011frunda d\u00f6y\u00fc\u015f \u0259m\u0259liyyatlar\u0131nda i\u015ftirak etmi\u015f \u015f\u0259xsl\u0259r\u0259 Nazirl\u0259r Kabinetinin m\u00fc\u0259yy\u0259n etdiyi kateqoriyalar \u0259sas\u0131nda 2022-ci il yanvar\u0131n 1-d\u0259n etibar\u0259n \u201cM\u00fcharib\u0259 veteran\u0131\u201d ad\u0131n\u0131n v\u0259 \u201cAz\u0259rbaycan Respublikas\u0131n\u0131n m\u00fcharib\u0259 veteran\u0131\u201d v\u0259siq\u0259sinin verilm\u0259si, habel\u0259 \u201cM\u00fcharib\u0259 veteranlar\u0131na Az\u0259rbaycan Respublikas\u0131 Prezidentinin t\u0259qa\u00fcd\u00fc\u201dn\u00fcn t\u0259yin edilm\u0259si v\u0259 \u00f6d\u0259nilm\u0259si t\u0259min edilm\u0259lidir.<\/p>\n<p>Nazirl\u0259r Kabinetinin s\u0259r\u0259ncam\u0131na g\u00f6r\u0259, M\u00fcdafi\u0259 Nazirliyi, Daxili \u0130\u015fl\u0259r Nazirliyi, \u018fdliyy\u0259 Nazirliyi, F\u00f6vq\u0259lad\u0259 Hallar Nazirliyi, D\u00f6vl\u0259t S\u0259rh\u0259d Xidm\u0259ti, Az\u0259rbaycan Respublikas\u0131 Prezidentinin T\u0259hl\u00fck\u0259sizlik Xidm\u0259ti, S\u0259f\u0259rb\u0259rlik v\u0259 H\u0259rbi Xidm\u0259t\u0259 \u00c7a\u011f\u0131r\u0131\u015f \u00fczr\u0259 D\u00f6vl\u0259t Xidm\u0259ti, Az\u0259rbaycan Respublikas\u0131n\u0131n Xarici K\u0259\u015ffiyyat Xidm\u0259ti, D\u00f6vl\u0259t T\u0259hl\u00fck\u0259sizliyi Xidm\u0259ti, Az\u0259rbaycan Respublikas\u0131n\u0131n X\u00fcsusi Rabit\u0259 v\u0259 \u0130nformasiya T\u0259hl\u00fck\u0259sizliyi D\u00f6vl\u0259t Xidm\u0259ti v\u0259 Az\u0259rbaycan Respublikas\u0131n\u0131n Strateji Obyektl\u0259rin M\u00fchafiz\u0259si D\u00f6vl\u0259t Agentliyi S\u0259r\u0259ncamda n\u0259z\u0259rd\u0259 tutulan \u015f\u0259xsl\u0259rin haz\u0131rlanm\u0131\u015f siyah\u0131s\u0131n\u0131 raz\u0131la\u015fd\u0131rmaq \u00fc\u00e7\u00fcn Nazirl\u0259r Kabinetin\u0259 t\u0259qdim etm\u0259lidirl\u0259r. Maliyy\u0259 Nazirliyin\u0259 \u018fm\u0259k v\u0259 \u018fhalinin Sosial M\u00fcdafi\u0259si Nazirliyi v\u0259 icra prosesind\u0259 m\u00fc\u0259yy\u0259n edil\u0259c\u0259k dig\u0259r aidiyy\u0259ti d\u00f6vl\u0259t orqanlar\u0131 (d\u00f6vl\u0259tin h\u00fcquqi \u015f\u0259xsl\u0259ri) il\u0259 raz\u0131la\u015fd\u0131rmaqla, s\u0259r\u0259ncamda n\u0259z\u0259rd\u0259 tutulan \u015f\u0259xsl\u0259r\u0259 Az\u0259rbaycan Respublikas\u0131 Prezidentinin t\u0259qa\u00fcd\u00fcn\u00fcn \u00f6d\u0259nilm\u0259sini t\u0259min etm\u0259k \u00fc\u00e7\u00fcn t\u0259l\u0259b olunan v\u0259saitin 2022-ci ilin v\u0259 n\u00f6vb\u0259ti ill\u0259rin d\u00f6vl\u0259t b\u00fcdc\u0259sind\u0259 n\u0259z\u0259r\u0259 al\u0131nmas\u0131n\u0131 t\u0259min etm\u0259k v\u0259 bu bar\u0259d\u0259 Nazirl\u0259r Kabinetin\u0259 m\u0259lumat verm\u0259k tap\u015f\u0131r\u0131l\u0131b.<\/p>\n","protected":false},"excerpt":{"rendered":"<p>Ba\u015f nazir \u018fli \u018fs\u0259dov \u201cAz\u0259rbaycan Respublikas\u0131n\u0131n \u0259razi b\u00fct\u00f6vl\u00fcy\u00fc u\u011frunda d\u00f6y\u00fc\u015f \u0259m\u0259liyyatlar\u0131nda i\u015ftirak etmi\u015f \u015f\u0259xsl\u0259r\u0259 \u201cM\u00fcharib\u0259 veteran\u0131\u201d ad\u0131n\u0131n verilm\u0259si il\u0259 ba\u011fl\u0131 t\u0259dbirl\u0259r haqq\u0131nda\u201d Az\u0259rbaycan Respublikas\u0131 Prezidentinin 2021-ci il 29 dekabr tarixli\u00a0s\u0259r\u0259ncam\u0131n\u0131n icras\u0131n\u0131n t\u0259min edilm\u0259si bar\u0259d\u0259\u201d s\u0259r\u0259ncam imzalay\u0131b. ARANTV.AZ x\u0259b\u0259r verir ki,\u00a0\u00a0\u201cM\u00fcharib\u0259 veteran\u0131\u201d ad\u0131n\u0131n verilm\u0259si il\u0259 ba\u011fl\u0131 t\u0259dbirl\u0259r haqq\u0131nda\u201d Az\u0259rbaycan Respublikas\u0131 Prezidentinin 2021-ci il 29 dekabr tarixli\u00a0s\u0259r\u0259ncam\u0131na \u0259sas\u0259n, 2020-ci il sentyabr\u0131n 27-d\u0259n noyabr\u0131n 10-d\u0259k olan d\u00f6vrd\u0259 Az\u0259rbaycan Respublikas\u0131n\u0131n \u0259razi b\u00fct\u00f6vl\u00fcy\u00fc u\u011frunda d\u00f6y\u00fc\u015f \u0259m\u0259liyyatlar\u0131nda i\u015ftirak etmi\u015f \u015f\u0259xsl\u0259r\u0259 Nazirl\u0259r Kabinetinin m\u00fc\u0259yy\u0259n etdiyi kateqoriyalar \u0259sas\u0131nda 2022-ci il yanvar\u0131n 1-d\u0259n etibar\u0259n \u201cM\u00fcharib\u0259 veteran\u0131\u201d ad\u0131n\u0131n v\u0259 \u201cAz\u0259rbaycan&hellip;<\/p>\n","protected":false},"author":2,"featured_media":425676,"comment_status":"closed","ping_status":"closed","sticky":false,"template":"","format":"standard","meta":{"om_disable_all_campaigns":false,"_monsterinsights_skip_tracking":false,"_monsterinsights_sitenote_active":false,"_monsterinsights_sitenote_note":"","_monsterinsights_sitenote_category":0},"categories":[1],"tags":[],"aioseo_notices":[],"gutentor_comment":0,"rttpg_featured_image_url":{"full":["https:\/\/arantv.az\/wp-content\/uploads\/2022\/01\/df1a336b161830484412498026310521113.jpg",975,540,false],"landscape":["https:\/\/arantv.az\/wp-content\/uploads\/2022\/01\/df1a336b161830484412498026310521113.jpg",975,540,false],"portraits":["https:\/\/arantv.az\/wp-content\/uploads\/2022\/01\/df1a336b161830484412498026310521113.jpg",975,540,false],"thumbnail":["https:\/\/arantv.az\/wp-content\/uploads\/2022\/01\/df1a336b161830484412498026310521113-500x280.jpg",500,280,true],"medium":["https:\/\/arantv.az\/wp-content\/uploads\/2022\/01\/df1a336b161830484412498026310521113-660x365.jpg",660,365,true],"large":["https:\/\/arantv.az\/wp-content\/uploads\/2022\/01\/df1a336b161830484412498026310521113-840x465.jpg",640,354,true],"1536x1536":["https:\/\/arantv.az\/wp-content\/uploads\/2022\/01\/df1a336b161830484412498026310521113.jpg",975,540,false],"2048x2048":["https:\/\/arantv.az\/wp-content\/uploads\/2022\/01\/df1a336b161830484412498026310521113.jpg",975,540,false],"post-thumbnail":["https:\/\/arantv.az\/wp-content\/uploads\/2022\/01\/df1a336b161830484412498026310521113-240x172.jpg",240,172,true],"advps-thumb-one":["https:\/\/arantv.az\/wp-content\/uploads\/2022\/01\/df1a336b161830484412498026310521113.jpg",975,540,false]},"rttpg_author":{"display_name":"V\u00fcsal Rafiqo\u011flu","author_link":"https:\/\/arantv.az\/?author=2"},"rttpg_comment":0,"rttpg_category":"<a href=\"https:\/\/arantv.az\/?cat=1\" rel=\"category\">C\u0259miyy\u0259t<\/a>","rttpg_excerpt":"Ba\u015f nazir \u018fli \u018fs\u0259dov \u201cAz\u0259rbaycan Respublikas\u0131n\u0131n \u0259razi b\u00fct\u00f6vl\u00fcy\u00fc u\u011frunda d\u00f6y\u00fc\u015f \u0259m\u0259liyyatlar\u0131nda i\u015ftirak etmi\u015f \u015f\u0259xsl\u0259r\u0259 \u201cM\u00fcharib\u0259 veteran\u0131\u201d ad\u0131n\u0131n verilm\u0259si il\u0259 ba\u011fl\u0131 t\u0259dbirl\u0259r haqq\u0131nda\u201d Az\u0259rbaycan Respublikas\u0131 Prezidentinin 2021-ci il 29 dekabr tarixli\u00a0s\u0259r\u0259ncam\u0131n\u0131n icras\u0131n\u0131n t\u0259min edilm\u0259si bar\u0259d\u0259\u201d s\u0259r\u0259ncam imzalay\u0131b. ARANTV.AZ x\u0259b\u0259r verir ki,\u00a0\u00a0\u201cM\u00fcharib\u0259 veteran\u0131\u201d ad\u0131n\u0131n verilm\u0259si il\u0259 ba\u011fl\u0131 t\u0259dbirl\u0259r haqq\u0131nda\u201d Az\u0259rbaycan Respublikas\u0131 Prezidentinin 2021-ci il 29 dekabr tarixli\u00a0s\u0259r\u0259ncam\u0131na&hellip;","_links":{"self":[{"href":"https:\/\/arantv.az\/index.php?rest_route=\/wp\/v2\/posts\/425675"}],"collection":[{"href":"https:\/\/arantv.az\/index.php?rest_route=\/wp\/v2\/posts"}],"about":[{"href":"https:\/\/arantv.az\/index.php?rest_route=\/wp\/v2\/types\/post"}],"author":[{"embeddable":true,"href":"https:\/\/arantv.az\/index.php?rest_route=\/wp\/v2\/users\/2"}],"replies":[{"embeddable":true,"href":"https:\/\/arantv.az\/index.php?rest_route=%2Fwp%2Fv2%2Fcomments&post=425675"}],"version-history":[{"count":0,"href":"https:\/\/arantv.az\/index.php?rest_route=\/wp\/v2\/posts\/425675\/revisions"}],"wp:featuredmedia":[{"embeddable":true,"href":"https:\/\/arantv.az\/index.php?rest_route=\/wp\/v2\/media\/425676"}],"wp:attachment":[{"href":"https:\/\/arantv.az\/index.php?rest_route=%2Fwp%2Fv2%2Fmedia&parent=425675"}],"wp:term":[{"taxonomy":"category","embeddable":true,"href":"https:\/\/arantv.az\/index.php?rest_route=%2Fwp%2Fv2%2Fcategories&post=425675"},{"taxonomy":"post_tag","embeddable":true,"href":"https:\/\/arantv.az\/index.php?rest_route=%2Fwp%2Fv2%2Ftags&post=425675"}],"curies":[{"name":"wp","href":"https:\/\/api.w.org\/{rel}","templated":true}]}}