{"id":425682,"date":"2022-01-13T15:10:29","date_gmt":"2022-01-13T12:10:29","guid":{"rendered":"http:\/\/arantv.az\/?p=425682"},"modified":"2022-01-13T15:10:29","modified_gmt":"2022-01-13T12:10:29","slug":"az%c9%99rbaycan-qafqazda-yeni-don%c9%99m-yaradib-%c9%99rdogan","status":"publish","type":"post","link":"https:\/\/arantv.az\/?p=425682","title":{"rendered":"&#8220;Az\u0259rbaycan Qafqazda yeni d\u00f6n\u0259m yarad\u0131b&#8221; &#8211; \u018frdo\u011fan"},"content":{"rendered":"<p>Az\u0259rbaycan \u00f6z \u0259razil\u0259rini i\u015f\u011faldan azad etm\u0259kl\u0259 Qafqazda yeni d\u00f6n\u0259m yarad\u0131b.<\/p>\n<p><strong>ARANTV.AZ<\/strong> <a href=\"https:\/\/az.trend.az\/\" target=\"_blank\" rel=\"noopener\">Trend<\/a>-\u0259 istinad\u0259n x\u0259b\u0259r verir ki,\u00a0bunu T\u00fcrkiy\u0259 Prezidenti R\u0259c\u0259b Tayyib \u018frdo\u011fan Avropa \u0130ttifaq\u0131 \u00f6lk\u0259l\u0259rinin s\u0259firl\u0259ri il\u0259 ke\u00e7iril\u0259n iclasda s\u00f6yl\u0259yib.<\/p>\n<p>R.\u018frdo\u011fan bildirib ki, bu prosesin ard\u0131ndan T\u00fcrkiy\u0259 Erm\u0259nistanla m\u00fcnasib\u0259tl\u0259rin normalla\u015fmas\u0131 prosesin\u0259 ba\u015flay\u0131b.<\/p>\n<p>&#8220;At\u0131lan add\u0131mlar\u0131n g\u00f6zl\u0259nil\u0259n n\u0259tic\u0259l\u0259ri verm\u0259si \u00fc\u00e7\u00fcn Erm\u0259nistan\u0131n b\u00f6lg\u0259d\u0259ki s\u00fclh f\u00fcrs\u0259tini yax\u015f\u0131 d\u0259y\u0259rl\u0259ndirib Az\u0259rbaycanla m\u00fcsb\u0259t bir m\u00fcnasib\u0259t qurmas\u0131 \u0259h\u0259miyy\u0259t da\u015f\u0131y\u0131r&#8221;, &#8211; dey\u0259 R.\u018frdo\u011fan vur\u011fulayb.<\/p>\n","protected":false},"excerpt":{"rendered":"<p>Az\u0259rbaycan \u00f6z \u0259razil\u0259rini i\u015f\u011faldan azad etm\u0259kl\u0259 Qafqazda yeni d\u00f6n\u0259m yarad\u0131b. ARANTV.AZ Trend-\u0259 istinad\u0259n x\u0259b\u0259r verir ki,\u00a0bunu T\u00fcrkiy\u0259 Prezidenti R\u0259c\u0259b Tayyib \u018frdo\u011fan Avropa \u0130ttifaq\u0131 \u00f6lk\u0259l\u0259rinin s\u0259firl\u0259ri il\u0259 ke\u00e7iril\u0259n iclasda s\u00f6yl\u0259yib. R.\u018frdo\u011fan bildirib ki, bu prosesin ard\u0131ndan T\u00fcrkiy\u0259 Erm\u0259nistanla m\u00fcnasib\u0259tl\u0259rin normalla\u015fmas\u0131 prosesin\u0259 ba\u015flay\u0131b. &#8220;At\u0131lan add\u0131mlar\u0131n g\u00f6zl\u0259nil\u0259n n\u0259tic\u0259l\u0259ri verm\u0259si \u00fc\u00e7\u00fcn Erm\u0259nistan\u0131n b\u00f6lg\u0259d\u0259ki s\u00fclh f\u00fcrs\u0259tini yax\u015f\u0131 d\u0259y\u0259rl\u0259ndirib Az\u0259rbaycanla m\u00fcsb\u0259t bir m\u00fcnasib\u0259t qurmas\u0131 \u0259h\u0259miyy\u0259t da\u015f\u0131y\u0131r&#8221;, &#8211; dey\u0259 R.\u018frdo\u011fan vur\u011fulayb.<\/p>\n","protected":false},"author":2,"featured_media":425683,"comment_status":"closed","ping_status":"closed","sticky":false,"template":"","format":"standard","meta":{"om_disable_all_campaigns":false,"_monsterinsights_skip_tracking":false,"_monsterinsights_sitenote_active":false,"_monsterinsights_sitenote_note":"","_monsterinsights_sitenote_category":0},"categories":[4],"tags":[],"aioseo_notices":[],"gutentor_comment":0,"rttpg_featured_image_url":{"full":["https:\/\/arantv.az\/wp-content\/uploads\/2022\/01\/recep_erdogan_280821_2.jpg",670,450,false],"landscape":["https:\/\/arantv.az\/wp-content\/uploads\/2022\/01\/recep_erdogan_280821_2.jpg",670,450,false],"portraits":["https:\/\/arantv.az\/wp-content\/uploads\/2022\/01\/recep_erdogan_280821_2.jpg",670,450,false],"thumbnail":["https:\/\/arantv.az\/wp-content\/uploads\/2022\/01\/recep_erdogan_280821_2-500x280.jpg",500,280,true],"medium":["https:\/\/arantv.az\/wp-content\/uploads\/2022\/01\/recep_erdogan_280821_2-543x365.jpg",543,365,true],"large":["https:\/\/arantv.az\/wp-content\/uploads\/2022\/01\/recep_erdogan_280821_2.jpg",640,430,false],"1536x1536":["https:\/\/arantv.az\/wp-content\/uploads\/2022\/01\/recep_erdogan_280821_2.jpg",670,450,false],"2048x2048":["https:\/\/arantv.az\/wp-content\/uploads\/2022\/01\/recep_erdogan_280821_2.jpg",670,450,false],"post-thumbnail":["https:\/\/arantv.az\/wp-content\/uploads\/2022\/01\/recep_erdogan_280821_2-240x172.jpg",240,172,true],"advps-thumb-one":["https:\/\/arantv.az\/wp-content\/uploads\/2022\/01\/recep_erdogan_280821_2.jpg",670,450,false]},"rttpg_author":{"display_name":"V\u00fcsal Rafiqo\u011flu","author_link":"https:\/\/arantv.az\/?author=2"},"rttpg_comment":0,"rttpg_category":"<a href=\"https:\/\/arantv.az\/?cat=4\" rel=\"category\">Siyas\u0259t<\/a>","rttpg_excerpt":"Az\u0259rbaycan \u00f6z \u0259razil\u0259rini i\u015f\u011faldan azad etm\u0259kl\u0259 Qafqazda yeni d\u00f6n\u0259m yarad\u0131b. ARANTV.AZ Trend-\u0259 istinad\u0259n x\u0259b\u0259r verir ki,\u00a0bunu T\u00fcrkiy\u0259 Prezidenti R\u0259c\u0259b Tayyib \u018frdo\u011fan Avropa \u0130ttifaq\u0131 \u00f6lk\u0259l\u0259rinin s\u0259firl\u0259ri il\u0259 ke\u00e7iril\u0259n iclasda s\u00f6yl\u0259yib. R.\u018frdo\u011fan bildirib ki, bu prosesin ard\u0131ndan T\u00fcrkiy\u0259 Erm\u0259nistanla m\u00fcnasib\u0259tl\u0259rin normalla\u015fmas\u0131 prosesin\u0259 ba\u015flay\u0131b. &#8220;At\u0131lan add\u0131mlar\u0131n g\u00f6zl\u0259nil\u0259n n\u0259tic\u0259l\u0259ri verm\u0259si \u00fc\u00e7\u00fcn Erm\u0259nistan\u0131n b\u00f6lg\u0259d\u0259ki s\u00fclh f\u00fcrs\u0259tini yax\u015f\u0131 d\u0259y\u0259rl\u0259ndirib Az\u0259rbaycanla m\u00fcsb\u0259t&hellip;","_links":{"self":[{"href":"https:\/\/arantv.az\/index.php?rest_route=\/wp\/v2\/posts\/425682"}],"collection":[{"href":"https:\/\/arantv.az\/index.php?rest_route=\/wp\/v2\/posts"}],"about":[{"href":"https:\/\/arantv.az\/index.php?rest_route=\/wp\/v2\/types\/post"}],"author":[{"embeddable":true,"href":"https:\/\/arantv.az\/index.php?rest_route=\/wp\/v2\/users\/2"}],"replies":[{"embeddable":true,"href":"https:\/\/arantv.az\/index.php?rest_route=%2Fwp%2Fv2%2Fcomments&post=425682"}],"version-history":[{"count":0,"href":"https:\/\/arantv.az\/index.php?rest_route=\/wp\/v2\/posts\/425682\/revisions"}],"wp:featuredmedia":[{"embeddable":true,"href":"https:\/\/arantv.az\/index.php?rest_route=\/wp\/v2\/media\/425683"}],"wp:attachment":[{"href":"https:\/\/arantv.az\/index.php?rest_route=%2Fwp%2Fv2%2Fmedia&parent=425682"}],"wp:term":[{"taxonomy":"category","embeddable":true,"href":"https:\/\/arantv.az\/index.php?rest_route=%2Fwp%2Fv2%2Fcategories&post=425682"},{"taxonomy":"post_tag","embeddable":true,"href":"https:\/\/arantv.az\/index.php?rest_route=%2Fwp%2Fv2%2Ftags&post=425682"}],"curies":[{"name":"wp","href":"https:\/\/api.w.org\/{rel}","templated":true}]}}