{"id":425685,"date":"2022-01-13T15:11:02","date_gmt":"2022-01-13T12:11:02","guid":{"rendered":"http:\/\/arantv.az\/?p=425685"},"modified":"2022-01-13T15:11:02","modified_gmt":"2022-01-13T12:11:02","slug":"az%c9%99rbaycan-qarabag-munaqis%c9%99sinin-h%c9%99lli-ucun-duzgun-yol-secdi-sevil-mikayilova","status":"publish","type":"post","link":"https:\/\/arantv.az\/?p=425685","title":{"rendered":"Az\u0259rbaycan Qaraba\u011f m\u00fcnaqi\u015f\u0259sinin h\u0259lli \u00fc\u00e7\u00fcn d\u00fczg\u00fcn yol se\u00e7di &#8211; Sevil Mikay\u0131lova"},"content":{"rendered":"<blockquote><p><strong>H\u0259m siyasi, h\u0259m d\u0259 iqtisadi c\u0259h\u0259td\u0259n g\u00fccl\u00fc olan Az\u0259rbaycan Qaraba\u011f m\u00fcnaqi\u015f\u0259sinin h\u0259lli \u00fc\u00e7\u00fcn m\u00f6vcud reall\u0131qlar\u0131 n\u0259z\u0259r\u0259 alaraq d\u00fczg\u00fcn yol se\u00e7di. H\u0259rbi-siyasi yolla m\u0259s\u0259l\u0259nin \u00e7\u00f6z\u00fclm\u0259si d\u00fcnya d\u00fcz\u0259nind\u0259 c\u0259r\u0259yan ed\u0259n prosesl\u0259r\u0259 adekvat idi v\u0259 diplomatik s\u0259yl\u0259rin n\u0259tic\u0259 verm\u0259m\u0259si \u0259dal\u0259tin b\u0259rpa olunmas\u0131nda g\u00fcc amilinin istifad\u0259 olunmas\u0131n\u0131 z\u0259rur\u0259t\u0259 \u00e7evirdi.<\/strong><\/p><\/blockquote>\n<p>Bunu\u00a0<a href=\"https:\/\/az.trend.az\/\" target=\"_blank\" rel=\"noopener\">Trend<\/a>-\u0259 Milli M\u0259clisin deputat\u0131 Sevil Mikay\u0131lova deyib.<\/p>\n<p>Deputat vur\u011fulay\u0131b ki, Az\u0259rbaycan Qaraba\u011f m\u00fcnaqi\u015f\u0259si il\u0259 ba\u011fl\u0131 s\u00fclh diplomatiyas\u0131nda kifay\u0259t q\u0259d\u0259r s\u0259birli davran\u0131b, beyn\u0259lxalq h\u00fcququn aliliyini m\u00fcdafi\u0259 edib.<\/p>\n<p>&#8220;Lakin bu yana\u015fma m\u00fcnaqi\u015f\u0259nin h\u0259lli istiqam\u0259tind\u0259 \u0259tal\u0259t yarad\u0131rd\u0131 v\u0259 beyn\u0259lxalq birlik \u00fc\u00e7\u00fcn art\u0131q &#8220;unudulmu\u015f&#8221; v\u0259 ya &#8220;dondurulumu\u015f&#8221; status almaqda idi. M\u0259hz bu c\u00fcr \u0259dal\u0259tsiz yana\u015fma Az\u0259rbaycan d\u00f6vl\u0259tinin \u00f6z m\u00f6vqeyini yenid\u0259n formala\u015fd\u0131rmas\u0131 v\u0259 g\u00fcc amilini \u00f6n\u0259 \u00e7\u0131xarmas\u0131 il\u0259 n\u0259tic\u0259l\u0259ndi.<\/p>\n<p>X\u00fcsusil\u0259, qeyd etm\u0259k laz\u0131md\u0131r ki, m\u00fcnaqi\u015f\u0259nin h\u0259llind\u0259 vasit\u0259\u00e7ilik missiyas\u0131n\u0131 h\u0259yata ke\u00e7ir\u0259n AT\u018fT-in Minsk Qrupu (MQ) son d\u0259r\u0259c\u0259 qeyri-effektiv f\u0259aliyy\u0259t ortaya qoydu v\u0259 bununla da vasit\u0259\u00e7ilik institutunun bu m\u00fcnaqi\u015f\u0259l\u0259rin \u00e7\u00f6z\u00fclm\u0259sind\u0259 laz\u0131ms\u0131z mexanizm oldu\u011funu a\u00e7\u0131q \u015f\u0259kild\u0259 g\u00f6st\u0259rdi. Bu g\u00fcn m\u00fcnaqi\u015f\u0259 h\u0259ll olunduqdan sonra da AT\u018fT MQ-nin passiv davran\u0131\u015f\u0131, \u0259slind\u0259, bu qrupun uzun ill\u0259r yar\u0131tmaz f\u0259aliyy\u0259tl\u0259 m\u0259\u015f\u011ful olmas\u0131na bariz s\u00fcbutdur&#8221;, &#8211; dey\u0259 deputat vur\u011fulay\u0131b.<\/p>\n<p>O qeyd edib ki, Az\u0259rbaycan d\u00fcnya siyas\u0259tind\u0259 f\u0259rqli presedent yaratd\u0131, siyas\u0259t &#8220;qo\u00e7aq&#8221;lar\u0131n\u0131n bo\u015f, yaln\u0131z populizm x\u0259trin\u0259 sasl\u0259ndirdiyi b\u0259yanatlar\u0131n\u0131n n\u0259 q\u0259d\u0259r faydas\u0131z oldu\u011funu s\u00fcbut etdi.<\/p>\n<p>&#8220;Bizi u\u011fura aparan yol g\u00fcc, zaman v\u0259 \u0259minlik oldu. Da\u011fl\u0131q Qaraba\u011f m\u00fcnaqi\u015f\u0259si art\u0131q tarixin \u00e7evrilmi\u015f s\u0259hif\u0259sidir v\u0259 d\u00f6vl\u0259timizin g\u00fcc\u00fc v\u0259 s\u0259yl\u0259ri say\u0259sind\u0259 biz bu a\u011f\u0131r y\u00fck\u00fc \u00e7iynimizd\u0259n atd\u0131q. Az\u0259rbaycan C\u0259nubi Qafqazda yeni reall\u0131qlar yaratd\u0131 v\u0259 s\u00fclh\u0259 ged\u0259n yolun ayd\u0131n konturlar\u0131n\u0131 b\u00fct\u00fcn d\u00fcnyaya g\u00f6st\u0259rdi&#8221;, &#8211; dey\u0259 S.Mikay\u0131lova bildirib.<\/p>\n<p>Deputat\u0131n s\u00f6zl\u0259rin\u0259 g\u00f6r\u0259, 2020-ci il Az\u0259rbaycan xalq\u0131n\u0131n h\u0259yat\u0131nda m\u00f6ht\u0259\u015f\u0259m bir il oldu.<\/p>\n<p>&#8220;Tarixi \u0259dal\u0259t b\u0259rpa olundu v\u0259 Az\u0259rbaycan Prezidenti, Ali Ba\u015f Komandan \u0130lham \u018fliyevin r\u0259hb\u0259rliyi alt\u0131nda Az\u0259rbaycan Ordusu tarixi Z\u0259f\u0259r qazand\u0131.<\/p>\n<p>\u018fminik ki, bundan sonra da d\u00f6vl\u0259timiz g\u00fcc\u00fcn\u00fc art\u0131racaq v\u0259 \u00f6z g\u00fcc\u00fcn\u0259 \u0259saslanaraq b\u00fct\u00fcn \u00e7a\u011f\u0131r\u0131\u015flar\u0131n \u00f6hd\u0259sind\u0259n l\u0259yaq\u0259tl\u0259 g\u0259l\u0259c\u0259k&#8221;, &#8211; dey\u0259 deputat \u0259lav\u0259 edib.<\/p>\n","protected":false},"excerpt":{"rendered":"<p>H\u0259m siyasi, h\u0259m d\u0259 iqtisadi c\u0259h\u0259td\u0259n g\u00fccl\u00fc olan Az\u0259rbaycan Qaraba\u011f m\u00fcnaqi\u015f\u0259sinin h\u0259lli \u00fc\u00e7\u00fcn m\u00f6vcud reall\u0131qlar\u0131 n\u0259z\u0259r\u0259 alaraq d\u00fczg\u00fcn yol se\u00e7di. H\u0259rbi-siyasi yolla m\u0259s\u0259l\u0259nin \u00e7\u00f6z\u00fclm\u0259si d\u00fcnya d\u00fcz\u0259nind\u0259 c\u0259r\u0259yan ed\u0259n prosesl\u0259r\u0259 adekvat idi v\u0259 diplomatik s\u0259yl\u0259rin n\u0259tic\u0259 verm\u0259m\u0259si \u0259dal\u0259tin b\u0259rpa olunmas\u0131nda g\u00fcc amilinin istifad\u0259 olunmas\u0131n\u0131 z\u0259rur\u0259t\u0259 \u00e7evirdi. Bunu\u00a0Trend-\u0259 Milli M\u0259clisin deputat\u0131 Sevil Mikay\u0131lova deyib. Deputat vur\u011fulay\u0131b ki, Az\u0259rbaycan Qaraba\u011f m\u00fcnaqi\u015f\u0259si il\u0259 ba\u011fl\u0131 s\u00fclh diplomatiyas\u0131nda kifay\u0259t q\u0259d\u0259r s\u0259birli davran\u0131b, beyn\u0259lxalq h\u00fcququn aliliyini m\u00fcdafi\u0259 edib. &#8220;Lakin bu yana\u015fma m\u00fcnaqi\u015f\u0259nin h\u0259lli istiqam\u0259tind\u0259 \u0259tal\u0259t yarad\u0131rd\u0131 v\u0259 beyn\u0259lxalq birlik \u00fc\u00e7\u00fcn art\u0131q &#8220;unudulmu\u015f&#8221; v\u0259 ya &#8220;dondurulumu\u015f&#8221; status almaqda&hellip;<\/p>\n","protected":false},"author":2,"featured_media":425686,"comment_status":"closed","ping_status":"closed","sticky":false,"template":"","format":"standard","meta":{"om_disable_all_campaigns":false,"_monsterinsights_skip_tracking":false,"_monsterinsights_sitenote_active":false,"_monsterinsights_sitenote_note":"","_monsterinsights_sitenote_category":0},"categories":[4],"tags":[],"aioseo_notices":[],"gutentor_comment":0,"rttpg_featured_image_url":{"full":["https:\/\/arantv.az\/wp-content\/uploads\/2022\/01\/sevil_mikayilova.jpg",660,440,false],"landscape":["https:\/\/arantv.az\/wp-content\/uploads\/2022\/01\/sevil_mikayilova.jpg",660,440,false],"portraits":["https:\/\/arantv.az\/wp-content\/uploads\/2022\/01\/sevil_mikayilova.jpg",660,440,false],"thumbnail":["https:\/\/arantv.az\/wp-content\/uploads\/2022\/01\/sevil_mikayilova-500x280.jpg",500,280,true],"medium":["https:\/\/arantv.az\/wp-content\/uploads\/2022\/01\/sevil_mikayilova-548x365.jpg",548,365,true],"large":["https:\/\/arantv.az\/wp-content\/uploads\/2022\/01\/sevil_mikayilova.jpg",640,427,false],"1536x1536":["https:\/\/arantv.az\/wp-content\/uploads\/2022\/01\/sevil_mikayilova.jpg",660,440,false],"2048x2048":["https:\/\/arantv.az\/wp-content\/uploads\/2022\/01\/sevil_mikayilova.jpg",660,440,false],"post-thumbnail":["https:\/\/arantv.az\/wp-content\/uploads\/2022\/01\/sevil_mikayilova-240x172.jpg",240,172,true],"advps-thumb-one":["https:\/\/arantv.az\/wp-content\/uploads\/2022\/01\/sevil_mikayilova.jpg",660,440,false]},"rttpg_author":{"display_name":"V\u00fcsal Rafiqo\u011flu","author_link":"https:\/\/arantv.az\/?author=2"},"rttpg_comment":0,"rttpg_category":"<a href=\"https:\/\/arantv.az\/?cat=4\" rel=\"category\">Siyas\u0259t<\/a>","rttpg_excerpt":"H\u0259m siyasi, h\u0259m d\u0259 iqtisadi c\u0259h\u0259td\u0259n g\u00fccl\u00fc olan Az\u0259rbaycan Qaraba\u011f m\u00fcnaqi\u015f\u0259sinin h\u0259lli \u00fc\u00e7\u00fcn m\u00f6vcud reall\u0131qlar\u0131 n\u0259z\u0259r\u0259 alaraq d\u00fczg\u00fcn yol se\u00e7di. H\u0259rbi-siyasi yolla m\u0259s\u0259l\u0259nin \u00e7\u00f6z\u00fclm\u0259si d\u00fcnya d\u00fcz\u0259nind\u0259 c\u0259r\u0259yan ed\u0259n prosesl\u0259r\u0259 adekvat idi v\u0259 diplomatik s\u0259yl\u0259rin n\u0259tic\u0259 verm\u0259m\u0259si \u0259dal\u0259tin b\u0259rpa olunmas\u0131nda g\u00fcc amilinin istifad\u0259 olunmas\u0131n\u0131 z\u0259rur\u0259t\u0259 \u00e7evirdi. Bunu\u00a0Trend-\u0259 Milli M\u0259clisin deputat\u0131 Sevil Mikay\u0131lova deyib. Deputat vur\u011fulay\u0131b ki,&hellip;","_links":{"self":[{"href":"https:\/\/arantv.az\/index.php?rest_route=\/wp\/v2\/posts\/425685"}],"collection":[{"href":"https:\/\/arantv.az\/index.php?rest_route=\/wp\/v2\/posts"}],"about":[{"href":"https:\/\/arantv.az\/index.php?rest_route=\/wp\/v2\/types\/post"}],"author":[{"embeddable":true,"href":"https:\/\/arantv.az\/index.php?rest_route=\/wp\/v2\/users\/2"}],"replies":[{"embeddable":true,"href":"https:\/\/arantv.az\/index.php?rest_route=%2Fwp%2Fv2%2Fcomments&post=425685"}],"version-history":[{"count":0,"href":"https:\/\/arantv.az\/index.php?rest_route=\/wp\/v2\/posts\/425685\/revisions"}],"wp:featuredmedia":[{"embeddable":true,"href":"https:\/\/arantv.az\/index.php?rest_route=\/wp\/v2\/media\/425686"}],"wp:attachment":[{"href":"https:\/\/arantv.az\/index.php?rest_route=%2Fwp%2Fv2%2Fmedia&parent=425685"}],"wp:term":[{"taxonomy":"category","embeddable":true,"href":"https:\/\/arantv.az\/index.php?rest_route=%2Fwp%2Fv2%2Fcategories&post=425685"},{"taxonomy":"post_tag","embeddable":true,"href":"https:\/\/arantv.az\/index.php?rest_route=%2Fwp%2Fv2%2Ftags&post=425685"}],"curies":[{"name":"wp","href":"https:\/\/api.w.org\/{rel}","templated":true}]}}