{"id":425691,"date":"2022-01-13T15:16:56","date_gmt":"2022-01-13T12:16:56","guid":{"rendered":"http:\/\/arantv.az\/?p=425691"},"modified":"2022-01-13T15:16:56","modified_gmt":"2022-01-13T12:16:56","slug":"%c9%99rdogan-v%c9%99-cavusoglu-ai-s%c9%99firl%c9%99ri-il%c9%99-gorusub","status":"publish","type":"post","link":"https:\/\/arantv.az\/?p=425691","title":{"rendered":"\u018frdo\u011fan v\u0259 \u00c7avu\u015fo\u011flu A\u0130 s\u0259firl\u0259ri il\u0259 g\u00f6r\u00fc\u015f\u00fcb"},"content":{"rendered":"<p>T\u00fcrkiy\u0259 Prezidenti R\u0259c\u0259b Tayyib \u018frdo\u011fan v\u0259 xarici i\u015fl\u0259r naziri M\u00f6vlud \u00c7avu\u015fo\u011flu Avropa \u0130ttifaq\u0131 (A\u0130) \u00f6lk\u0259l\u0259rinin s\u0259firl\u0259ri il\u0259 g\u00f6r\u00fc\u015f\u00fcb.<\/p>\n<p><strong>ARANTV.AZ\u00a0 x\u0259b\u0259r verir ki,<\/strong>\u00a0bu bar\u0259d\u0259 m\u0259lumat nazirin \u201cTwitter\u201d s\u0259hif\u0259sind\u0259 yay\u0131l\u0131b.<\/p>\n<p>O, \u018frdo\u011fan\u0131n m\u00fcraci\u0259tind\u0259n \u00f6nc\u0259 s\u0259firl\u0259rl\u0259 xarici siyas\u0259t g\u00fcnd\u0259mini m\u00fczakir\u0259 etdiyini vur\u011fulay\u0131b.<\/p>\n","protected":false},"excerpt":{"rendered":"<p>T\u00fcrkiy\u0259 Prezidenti R\u0259c\u0259b Tayyib \u018frdo\u011fan v\u0259 xarici i\u015fl\u0259r naziri M\u00f6vlud \u00c7avu\u015fo\u011flu Avropa \u0130ttifaq\u0131 (A\u0130) \u00f6lk\u0259l\u0259rinin s\u0259firl\u0259ri il\u0259 g\u00f6r\u00fc\u015f\u00fcb. ARANTV.AZ\u00a0 x\u0259b\u0259r verir ki,\u00a0bu bar\u0259d\u0259 m\u0259lumat nazirin \u201cTwitter\u201d s\u0259hif\u0259sind\u0259 yay\u0131l\u0131b. O, \u018frdo\u011fan\u0131n m\u00fcraci\u0259tind\u0259n \u00f6nc\u0259 s\u0259firl\u0259rl\u0259 xarici siyas\u0259t g\u00fcnd\u0259mini m\u00fczakir\u0259 etdiyini vur\u011fulay\u0131b.<\/p>\n","protected":false},"author":2,"featured_media":425692,"comment_status":"closed","ping_status":"closed","sticky":false,"template":"","format":"standard","meta":{"om_disable_all_campaigns":false,"_monsterinsights_skip_tracking":false,"_monsterinsights_sitenote_active":false,"_monsterinsights_sitenote_note":"","_monsterinsights_sitenote_category":0},"categories":[4],"tags":[],"aioseo_notices":[],"gutentor_comment":0,"rttpg_featured_image_url":{"full":["https:\/\/arantv.az\/wp-content\/uploads\/2022\/01\/7de6cd35164207594098721296310928045.jpg",975,540,false],"landscape":["https:\/\/arantv.az\/wp-content\/uploads\/2022\/01\/7de6cd35164207594098721296310928045.jpg",975,540,false],"portraits":["https:\/\/arantv.az\/wp-content\/uploads\/2022\/01\/7de6cd35164207594098721296310928045.jpg",975,540,false],"thumbnail":["https:\/\/arantv.az\/wp-content\/uploads\/2022\/01\/7de6cd35164207594098721296310928045-500x280.jpg",500,280,true],"medium":["https:\/\/arantv.az\/wp-content\/uploads\/2022\/01\/7de6cd35164207594098721296310928045-660x365.jpg",660,365,true],"large":["https:\/\/arantv.az\/wp-content\/uploads\/2022\/01\/7de6cd35164207594098721296310928045-840x465.jpg",640,354,true],"1536x1536":["https:\/\/arantv.az\/wp-content\/uploads\/2022\/01\/7de6cd35164207594098721296310928045.jpg",975,540,false],"2048x2048":["https:\/\/arantv.az\/wp-content\/uploads\/2022\/01\/7de6cd35164207594098721296310928045.jpg",975,540,false],"post-thumbnail":["https:\/\/arantv.az\/wp-content\/uploads\/2022\/01\/7de6cd35164207594098721296310928045-240x172.jpg",240,172,true],"advps-thumb-one":["https:\/\/arantv.az\/wp-content\/uploads\/2022\/01\/7de6cd35164207594098721296310928045.jpg",975,540,false]},"rttpg_author":{"display_name":"V\u00fcsal Rafiqo\u011flu","author_link":"https:\/\/arantv.az\/?author=2"},"rttpg_comment":0,"rttpg_category":"<a href=\"https:\/\/arantv.az\/?cat=4\" rel=\"category\">Siyas\u0259t<\/a>","rttpg_excerpt":"T\u00fcrkiy\u0259 Prezidenti R\u0259c\u0259b Tayyib \u018frdo\u011fan v\u0259 xarici i\u015fl\u0259r naziri M\u00f6vlud \u00c7avu\u015fo\u011flu Avropa \u0130ttifaq\u0131 (A\u0130) \u00f6lk\u0259l\u0259rinin s\u0259firl\u0259ri il\u0259 g\u00f6r\u00fc\u015f\u00fcb. ARANTV.AZ\u00a0 x\u0259b\u0259r verir ki,\u00a0bu bar\u0259d\u0259 m\u0259lumat nazirin \u201cTwitter\u201d s\u0259hif\u0259sind\u0259 yay\u0131l\u0131b. O, \u018frdo\u011fan\u0131n m\u00fcraci\u0259tind\u0259n \u00f6nc\u0259 s\u0259firl\u0259rl\u0259 xarici siyas\u0259t g\u00fcnd\u0259mini m\u00fczakir\u0259 etdiyini vur\u011fulay\u0131b.","_links":{"self":[{"href":"https:\/\/arantv.az\/index.php?rest_route=\/wp\/v2\/posts\/425691"}],"collection":[{"href":"https:\/\/arantv.az\/index.php?rest_route=\/wp\/v2\/posts"}],"about":[{"href":"https:\/\/arantv.az\/index.php?rest_route=\/wp\/v2\/types\/post"}],"author":[{"embeddable":true,"href":"https:\/\/arantv.az\/index.php?rest_route=\/wp\/v2\/users\/2"}],"replies":[{"embeddable":true,"href":"https:\/\/arantv.az\/index.php?rest_route=%2Fwp%2Fv2%2Fcomments&post=425691"}],"version-history":[{"count":0,"href":"https:\/\/arantv.az\/index.php?rest_route=\/wp\/v2\/posts\/425691\/revisions"}],"wp:featuredmedia":[{"embeddable":true,"href":"https:\/\/arantv.az\/index.php?rest_route=\/wp\/v2\/media\/425692"}],"wp:attachment":[{"href":"https:\/\/arantv.az\/index.php?rest_route=%2Fwp%2Fv2%2Fmedia&parent=425691"}],"wp:term":[{"taxonomy":"category","embeddable":true,"href":"https:\/\/arantv.az\/index.php?rest_route=%2Fwp%2Fv2%2Fcategories&post=425691"},{"taxonomy":"post_tag","embeddable":true,"href":"https:\/\/arantv.az\/index.php?rest_route=%2Fwp%2Fv2%2Ftags&post=425691"}],"curies":[{"name":"wp","href":"https:\/\/api.w.org\/{rel}","templated":true}]}}