{"id":425932,"date":"2022-01-14T09:26:58","date_gmt":"2022-01-14T06:26:58","guid":{"rendered":"http:\/\/arantv.az\/?p=425932"},"modified":"2022-01-14T09:26:58","modified_gmt":"2022-01-14T06:26:58","slug":"bagcada-usaga-sidd%c9%99t-gost%c9%99r%c9%99n-qadin-korp%c9%99nin-qohumudur","status":"publish","type":"post","link":"https:\/\/arantv.az\/?p=425932","title":{"rendered":"Ba\u011f\u00e7ada u\u015fa\u011fa \u015fidd\u0259t g\u00f6st\u0259r\u0259n qad\u0131n k\u00f6rp\u0259nin qohumudur"},"content":{"rendered":"<p>\u00d6t\u0259n g\u00fcn sosial \u015f\u0259b\u0259k\u0259l\u0259rd\u0259 u\u015faq ba\u011f\u00e7as\u0131nda k\u00f6rp\u0259y\u0259 qar\u015f\u0131 edil\u0259n \u015fidd\u0259tin yay\u0131lan g\u00f6r\u00fcnt\u00fcl\u0259ri m\u00fczakir\u0259l\u0259r\u0259 s\u0259b\u0259b olub.<\/p>\n<p><strong>ARANTV.AZ<\/strong>-\u0131n m\u0259lumat\u0131na g\u00f6r\u0259, hadis\u0259 \u0130smay\u0131ll\u0131 rayon 1 sayl\u0131 k\u00f6rp\u0259l\u0259r evi-u\u015faq ba\u011f\u00e7as\u0131nda ba\u015f verib.<\/p>\n<div class=\"AdviadNativeVideo\"><\/div>\n<p>Az\u0259rbaycanda azya\u015fl\u0131 u\u015fa\u011fa qar\u015f\u0131 v\u0259h\u015filik ed\u0259n \u201ct\u0259rbiy\u0259\u00e7i\u201dnin ad\u0131 Z\u00fclfiyy\u0259 Bax\u0131\u015fovad\u0131r.<\/p>\n<p>Qeyd ed\u0259k ki, s\u00f6z\u00fcged\u0259n ba\u011f\u00e7an\u0131n m\u00fcdiri Abdullayeva Qalib\u0259 \u018fli q\u0131z\u0131d\u0131r.<\/p>\n<p>\u201cAz\u0259rbaycan U\u015faqlar\u0131\u201d \u0130ctimai Birliyinin s\u0259dri K\u0259mal\u0259 A\u011fazad\u0259 bildirib ki, \u015fidd\u0259t g\u00f6r\u0259n u\u015faq h\u0259min \u201ct\u0259rbiy\u0259\u00e7i\u201dnin qohumudur:<\/p>\n<p>\u201cGuya onu i\u015fd\u0259n qovublar. U\u015faq qapaz vuran\u0131n qohumudur&#8230; H\u0259 d\u0259, qohum da \u015fikay\u0259t\u00e7i olmayacaq. M\u0259n\u0259 d\u0259 yazacaqlar ki, s\u0259n Allah, m\u0259s\u0259l\u0259ni b\u00f6y\u00fctm\u0259!!! Amma b\u00f6y\u00fcd\u0259c\u0259yik! Bir u\u015fa\u011f\u0131n telin\u0259 bel\u0259 z\u0259r\u0259r vurulmayacaq!\u201d<\/p>\n<p>Sosial \u015f\u0259b\u0259k\u0259l\u0259rd\u0259 d\u0259 bildirilib ki, u\u015fa\u011fa \u015fidd\u0259t g\u00f6st\u0259r\u0259n qad\u0131n onun valideyninin xalas\u0131d\u0131r. Bu s\u0259b\u0259bd\u0259n valideyn \u015fikay\u0259t\u00e7i deyil.<\/p>\n","protected":false},"excerpt":{"rendered":"<p>\u00d6t\u0259n g\u00fcn sosial \u015f\u0259b\u0259k\u0259l\u0259rd\u0259 u\u015faq ba\u011f\u00e7as\u0131nda k\u00f6rp\u0259y\u0259 qar\u015f\u0131 edil\u0259n \u015fidd\u0259tin yay\u0131lan g\u00f6r\u00fcnt\u00fcl\u0259ri m\u00fczakir\u0259l\u0259r\u0259 s\u0259b\u0259b olub. ARANTV.AZ-\u0131n m\u0259lumat\u0131na g\u00f6r\u0259, hadis\u0259 \u0130smay\u0131ll\u0131 rayon 1 sayl\u0131 k\u00f6rp\u0259l\u0259r evi-u\u015faq ba\u011f\u00e7as\u0131nda ba\u015f verib. Az\u0259rbaycanda azya\u015fl\u0131 u\u015fa\u011fa qar\u015f\u0131 v\u0259h\u015filik ed\u0259n \u201ct\u0259rbiy\u0259\u00e7i\u201dnin ad\u0131 Z\u00fclfiyy\u0259 Bax\u0131\u015fovad\u0131r. Qeyd ed\u0259k ki, s\u00f6z\u00fcged\u0259n ba\u011f\u00e7an\u0131n m\u00fcdiri Abdullayeva Qalib\u0259 \u018fli q\u0131z\u0131d\u0131r. \u201cAz\u0259rbaycan U\u015faqlar\u0131\u201d \u0130ctimai Birliyinin s\u0259dri K\u0259mal\u0259 A\u011fazad\u0259 bildirib ki, \u015fidd\u0259t g\u00f6r\u0259n u\u015faq h\u0259min \u201ct\u0259rbiy\u0259\u00e7i\u201dnin qohumudur: \u201cGuya onu i\u015fd\u0259n qovublar. U\u015faq qapaz vuran\u0131n qohumudur&#8230; H\u0259 d\u0259, qohum da \u015fikay\u0259t\u00e7i olmayacaq. M\u0259n\u0259 d\u0259 yazacaqlar ki, s\u0259n Allah, m\u0259s\u0259l\u0259ni b\u00f6y\u00fctm\u0259!!! Amma b\u00f6y\u00fcd\u0259c\u0259yik! Bir u\u015fa\u011f\u0131n telin\u0259&hellip;<\/p>\n","protected":false},"author":2,"featured_media":425907,"comment_status":"closed","ping_status":"closed","sticky":false,"template":"","format":"standard","meta":{"om_disable_all_campaigns":false,"_monsterinsights_skip_tracking":false,"_monsterinsights_sitenote_active":false,"_monsterinsights_sitenote_note":"","_monsterinsights_sitenote_category":0},"categories":[26],"tags":[],"aioseo_notices":[],"gutentor_comment":0,"rttpg_featured_image_url":{"full":["https:\/\/arantv.az\/wp-content\/uploads\/2022\/01\/286b9d9d-56f6-3892-a160-797c5f50efc2_850.jpg",620,387,false],"landscape":["https:\/\/arantv.az\/wp-content\/uploads\/2022\/01\/286b9d9d-56f6-3892-a160-797c5f50efc2_850.jpg",620,387,false],"portraits":["https:\/\/arantv.az\/wp-content\/uploads\/2022\/01\/286b9d9d-56f6-3892-a160-797c5f50efc2_850.jpg",620,387,false],"thumbnail":["https:\/\/arantv.az\/wp-content\/uploads\/2022\/01\/286b9d9d-56f6-3892-a160-797c5f50efc2_850-500x280.jpg",500,280,true],"medium":["https:\/\/arantv.az\/wp-content\/uploads\/2022\/01\/286b9d9d-56f6-3892-a160-797c5f50efc2_850-585x365.jpg",585,365,true],"large":["https:\/\/arantv.az\/wp-content\/uploads\/2022\/01\/286b9d9d-56f6-3892-a160-797c5f50efc2_850.jpg",620,387,false],"1536x1536":["https:\/\/arantv.az\/wp-content\/uploads\/2022\/01\/286b9d9d-56f6-3892-a160-797c5f50efc2_850.jpg",620,387,false],"2048x2048":["https:\/\/arantv.az\/wp-content\/uploads\/2022\/01\/286b9d9d-56f6-3892-a160-797c5f50efc2_850.jpg",620,387,false],"post-thumbnail":["https:\/\/arantv.az\/wp-content\/uploads\/2022\/01\/286b9d9d-56f6-3892-a160-797c5f50efc2_850-240x172.jpg",240,172,true],"advps-thumb-one":["https:\/\/arantv.az\/wp-content\/uploads\/2022\/01\/286b9d9d-56f6-3892-a160-797c5f50efc2_850.jpg",620,387,false]},"rttpg_author":{"display_name":"V\u00fcsal Rafiqo\u011flu","author_link":"https:\/\/arantv.az\/?author=2"},"rttpg_comment":0,"rttpg_category":"<a href=\"https:\/\/arantv.az\/?cat=26\" rel=\"category\">Sosial<\/a>","rttpg_excerpt":"\u00d6t\u0259n g\u00fcn sosial \u015f\u0259b\u0259k\u0259l\u0259rd\u0259 u\u015faq ba\u011f\u00e7as\u0131nda k\u00f6rp\u0259y\u0259 qar\u015f\u0131 edil\u0259n \u015fidd\u0259tin yay\u0131lan g\u00f6r\u00fcnt\u00fcl\u0259ri m\u00fczakir\u0259l\u0259r\u0259 s\u0259b\u0259b olub. ARANTV.AZ-\u0131n m\u0259lumat\u0131na g\u00f6r\u0259, hadis\u0259 \u0130smay\u0131ll\u0131 rayon 1 sayl\u0131 k\u00f6rp\u0259l\u0259r evi-u\u015faq ba\u011f\u00e7as\u0131nda ba\u015f verib. Az\u0259rbaycanda azya\u015fl\u0131 u\u015fa\u011fa qar\u015f\u0131 v\u0259h\u015filik ed\u0259n \u201ct\u0259rbiy\u0259\u00e7i\u201dnin ad\u0131 Z\u00fclfiyy\u0259 Bax\u0131\u015fovad\u0131r. Qeyd ed\u0259k ki, s\u00f6z\u00fcged\u0259n ba\u011f\u00e7an\u0131n m\u00fcdiri Abdullayeva Qalib\u0259 \u018fli q\u0131z\u0131d\u0131r. \u201cAz\u0259rbaycan U\u015faqlar\u0131\u201d \u0130ctimai Birliyinin s\u0259dri K\u0259mal\u0259 A\u011fazad\u0259&hellip;","_links":{"self":[{"href":"https:\/\/arantv.az\/index.php?rest_route=\/wp\/v2\/posts\/425932"}],"collection":[{"href":"https:\/\/arantv.az\/index.php?rest_route=\/wp\/v2\/posts"}],"about":[{"href":"https:\/\/arantv.az\/index.php?rest_route=\/wp\/v2\/types\/post"}],"author":[{"embeddable":true,"href":"https:\/\/arantv.az\/index.php?rest_route=\/wp\/v2\/users\/2"}],"replies":[{"embeddable":true,"href":"https:\/\/arantv.az\/index.php?rest_route=%2Fwp%2Fv2%2Fcomments&post=425932"}],"version-history":[{"count":0,"href":"https:\/\/arantv.az\/index.php?rest_route=\/wp\/v2\/posts\/425932\/revisions"}],"wp:featuredmedia":[{"embeddable":true,"href":"https:\/\/arantv.az\/index.php?rest_route=\/wp\/v2\/media\/425907"}],"wp:attachment":[{"href":"https:\/\/arantv.az\/index.php?rest_route=%2Fwp%2Fv2%2Fmedia&parent=425932"}],"wp:term":[{"taxonomy":"category","embeddable":true,"href":"https:\/\/arantv.az\/index.php?rest_route=%2Fwp%2Fv2%2Fcategories&post=425932"},{"taxonomy":"post_tag","embeddable":true,"href":"https:\/\/arantv.az\/index.php?rest_route=%2Fwp%2Fv2%2Ftags&post=425932"}],"curies":[{"name":"wp","href":"https:\/\/api.w.org\/{rel}","templated":true}]}}