{"id":425942,"date":"2022-01-14T09:36:18","date_gmt":"2022-01-14T06:36:18","guid":{"rendered":"http:\/\/arantv.az\/?p=425942"},"modified":"2022-01-14T09:36:18","modified_gmt":"2022-01-14T06:36:18","slug":"xanimi-evd%c9%99-darixmasin-dey%c9%99-ona-usaq-bagcasi-acanlar-turan-ibrahimova","status":"publish","type":"post","link":"https:\/\/arantv.az\/?p=425942","title":{"rendered":"&#8220;Xan\u0131m\u0131 evd\u0259 dar\u0131xmas\u0131n dey\u0259 ona &#8220;u\u015faq ba\u011f\u00e7as\u0131&#8221; a\u00e7anlar..&#8221; &#8211; Turan \u0130brahimova"},"content":{"rendered":"<p>Sosial \u015f\u0259b\u0259k\u0259d\u0259 \u00f6lk\u0259d\u0259 f\u0259aliyy\u0259t g\u00f6st\u0259r\u0259n u\u015faq ba\u011f\u00e7alar\u0131ndan birind\u0259 k\u00f6rp\u0259y\u0259 qar\u015f\u0131 t\u0259rbiy\u0259\u00e7i v\u0259 ya m\u00fc\u0259llimin \u015fidd\u0259t g\u00f6st\u0259rdiyini \u00f6z\u00fcnd\u0259 \u0259ks etdir\u0259n g\u00f6r\u00fcnt\u00fcl\u0259r yay\u0131l\u0131b. G\u00f6r\u00fcnt\u00fcl\u0259rd\u0259 qad\u0131n\u0131n k\u00f6rp\u0259nin \u00e7\u00f6r\u0259yi yem\u0259sini israr edir v\u0259 ba\u015f\u0131na sill\u0259 vurur. G\u00f6r\u00fcnt\u00fcl\u0259r insanlar\u0131n naraz\u0131l\u0131\u011f\u0131na s\u0259b\u0259b olub.<\/p>\n<p><strong>ARANTV.AZ<\/strong> \u00a0<a title=\"xeberler son xeberler 2021\" href=\"https:\/\/big.az\/\" target=\"_blank\" rel=\"noopener\">x\u0259b\u0259r<\/a>\u00a0verir ki, apar\u0131c\u0131 Turan \u0130brahimov sosial media hesab\u0131nda s\u00f6z\u00fcged\u0259n hadis\u0259y\u0259 m\u00fcnasib\u0259t bildirib:<\/p>\n<div class=\"AdviadNativeVideo\"><\/div>\n<p>&#8220;Xan\u0131m\u0131 evd\u0259 dar\u0131xmas\u0131n dey\u0259 ona &#8220;u\u015faq ba\u011f\u00e7as\u0131&#8221; a\u00e7anlar el\u0259 \u00f6zl\u0259ri a\u011f\u0131lda v\u0259 m\u0259n\u0259viyyatda olanlar\u0131 da \u0259traflar\u0131na toplay\u0131rlar. N\u0259tic\u0259si d\u0259 m\u0259lumdu\u2026N\u0259 vaxta kimi bir balaca pulu olan &#8220;u\u015faq ba\u011f\u00e7as\u0131&#8221; a\u00e7acaq, h\u0259r yerind\u0259n durana &#8220;u\u015faq ba\u011f\u00e7as\u0131&#8221; i\u015fl\u0259tm\u0259y\u0259 lisenziya veril\u0259c\u0259k, bax o vaxta q\u0259d\u0259r d\u0259 m\u0259lum hallar ya\u015fanacaq&#8221;.<\/p>\n","protected":false},"excerpt":{"rendered":"<p>Sosial \u015f\u0259b\u0259k\u0259d\u0259 \u00f6lk\u0259d\u0259 f\u0259aliyy\u0259t g\u00f6st\u0259r\u0259n u\u015faq ba\u011f\u00e7alar\u0131ndan birind\u0259 k\u00f6rp\u0259y\u0259 qar\u015f\u0131 t\u0259rbiy\u0259\u00e7i v\u0259 ya m\u00fc\u0259llimin \u015fidd\u0259t g\u00f6st\u0259rdiyini \u00f6z\u00fcnd\u0259 \u0259ks etdir\u0259n g\u00f6r\u00fcnt\u00fcl\u0259r yay\u0131l\u0131b. G\u00f6r\u00fcnt\u00fcl\u0259rd\u0259 qad\u0131n\u0131n k\u00f6rp\u0259nin \u00e7\u00f6r\u0259yi yem\u0259sini israr edir v\u0259 ba\u015f\u0131na sill\u0259 vurur. G\u00f6r\u00fcnt\u00fcl\u0259r insanlar\u0131n naraz\u0131l\u0131\u011f\u0131na s\u0259b\u0259b olub. ARANTV.AZ \u00a0x\u0259b\u0259r\u00a0verir ki, apar\u0131c\u0131 Turan \u0130brahimov sosial media hesab\u0131nda s\u00f6z\u00fcged\u0259n hadis\u0259y\u0259 m\u00fcnasib\u0259t bildirib: &#8220;Xan\u0131m\u0131 evd\u0259 dar\u0131xmas\u0131n dey\u0259 ona &#8220;u\u015faq ba\u011f\u00e7as\u0131&#8221; a\u00e7anlar el\u0259 \u00f6zl\u0259ri a\u011f\u0131lda v\u0259 m\u0259n\u0259viyyatda olanlar\u0131 da \u0259traflar\u0131na toplay\u0131rlar. N\u0259tic\u0259si d\u0259 m\u0259lumdu\u2026N\u0259 vaxta kimi bir balaca pulu olan &#8220;u\u015faq ba\u011f\u00e7as\u0131&#8221; a\u00e7acaq, h\u0259r yerind\u0259n durana &#8220;u\u015faq ba\u011f\u00e7as\u0131&#8221; i\u015fl\u0259tm\u0259y\u0259 lisenziya veril\u0259c\u0259k, bax o vaxta&hellip;<\/p>\n","protected":false},"author":2,"featured_media":425943,"comment_status":"closed","ping_status":"closed","sticky":false,"template":"","format":"standard","meta":{"om_disable_all_campaigns":false,"_monsterinsights_skip_tracking":false,"_monsterinsights_sitenote_active":false,"_monsterinsights_sitenote_note":"","_monsterinsights_sitenote_category":0},"categories":[1],"tags":[],"aioseo_notices":[],"gutentor_comment":0,"rttpg_featured_image_url":{"full":["https:\/\/arantv.az\/wp-content\/uploads\/2022\/01\/1632465056_httytyhtyjh.jpg",650,440,false],"landscape":["https:\/\/arantv.az\/wp-content\/uploads\/2022\/01\/1632465056_httytyhtyjh.jpg",650,440,false],"portraits":["https:\/\/arantv.az\/wp-content\/uploads\/2022\/01\/1632465056_httytyhtyjh.jpg",650,440,false],"thumbnail":["https:\/\/arantv.az\/wp-content\/uploads\/2022\/01\/1632465056_httytyhtyjh-500x280.jpg",500,280,true],"medium":["https:\/\/arantv.az\/wp-content\/uploads\/2022\/01\/1632465056_httytyhtyjh-539x365.jpg",539,365,true],"large":["https:\/\/arantv.az\/wp-content\/uploads\/2022\/01\/1632465056_httytyhtyjh.jpg",640,433,false],"1536x1536":["https:\/\/arantv.az\/wp-content\/uploads\/2022\/01\/1632465056_httytyhtyjh.jpg",650,440,false],"2048x2048":["https:\/\/arantv.az\/wp-content\/uploads\/2022\/01\/1632465056_httytyhtyjh.jpg",650,440,false],"post-thumbnail":["https:\/\/arantv.az\/wp-content\/uploads\/2022\/01\/1632465056_httytyhtyjh-240x172.jpg",240,172,true],"advps-thumb-one":["https:\/\/arantv.az\/wp-content\/uploads\/2022\/01\/1632465056_httytyhtyjh.jpg",650,440,false]},"rttpg_author":{"display_name":"V\u00fcsal Rafiqo\u011flu","author_link":"https:\/\/arantv.az\/?author=2"},"rttpg_comment":0,"rttpg_category":"<a href=\"https:\/\/arantv.az\/?cat=1\" rel=\"category\">C\u0259miyy\u0259t<\/a>","rttpg_excerpt":"Sosial \u015f\u0259b\u0259k\u0259d\u0259 \u00f6lk\u0259d\u0259 f\u0259aliyy\u0259t g\u00f6st\u0259r\u0259n u\u015faq ba\u011f\u00e7alar\u0131ndan birind\u0259 k\u00f6rp\u0259y\u0259 qar\u015f\u0131 t\u0259rbiy\u0259\u00e7i v\u0259 ya m\u00fc\u0259llimin \u015fidd\u0259t g\u00f6st\u0259rdiyini \u00f6z\u00fcnd\u0259 \u0259ks etdir\u0259n g\u00f6r\u00fcnt\u00fcl\u0259r yay\u0131l\u0131b. G\u00f6r\u00fcnt\u00fcl\u0259rd\u0259 qad\u0131n\u0131n k\u00f6rp\u0259nin \u00e7\u00f6r\u0259yi yem\u0259sini israr edir v\u0259 ba\u015f\u0131na sill\u0259 vurur. G\u00f6r\u00fcnt\u00fcl\u0259r insanlar\u0131n naraz\u0131l\u0131\u011f\u0131na s\u0259b\u0259b olub. ARANTV.AZ \u00a0x\u0259b\u0259r\u00a0verir ki, apar\u0131c\u0131 Turan \u0130brahimov sosial media hesab\u0131nda s\u00f6z\u00fcged\u0259n hadis\u0259y\u0259 m\u00fcnasib\u0259t bildirib: &#8220;Xan\u0131m\u0131 evd\u0259 dar\u0131xmas\u0131n dey\u0259 ona&hellip;","_links":{"self":[{"href":"https:\/\/arantv.az\/index.php?rest_route=\/wp\/v2\/posts\/425942"}],"collection":[{"href":"https:\/\/arantv.az\/index.php?rest_route=\/wp\/v2\/posts"}],"about":[{"href":"https:\/\/arantv.az\/index.php?rest_route=\/wp\/v2\/types\/post"}],"author":[{"embeddable":true,"href":"https:\/\/arantv.az\/index.php?rest_route=\/wp\/v2\/users\/2"}],"replies":[{"embeddable":true,"href":"https:\/\/arantv.az\/index.php?rest_route=%2Fwp%2Fv2%2Fcomments&post=425942"}],"version-history":[{"count":0,"href":"https:\/\/arantv.az\/index.php?rest_route=\/wp\/v2\/posts\/425942\/revisions"}],"wp:featuredmedia":[{"embeddable":true,"href":"https:\/\/arantv.az\/index.php?rest_route=\/wp\/v2\/media\/425943"}],"wp:attachment":[{"href":"https:\/\/arantv.az\/index.php?rest_route=%2Fwp%2Fv2%2Fmedia&parent=425942"}],"wp:term":[{"taxonomy":"category","embeddable":true,"href":"https:\/\/arantv.az\/index.php?rest_route=%2Fwp%2Fv2%2Fcategories&post=425942"},{"taxonomy":"post_tag","embeddable":true,"href":"https:\/\/arantv.az\/index.php?rest_route=%2Fwp%2Fv2%2Ftags&post=425942"}],"curies":[{"name":"wp","href":"https:\/\/api.w.org\/{rel}","templated":true}]}}