{"id":425970,"date":"2022-01-14T09:54:40","date_gmt":"2022-01-14T06:54:40","guid":{"rendered":"http:\/\/arantv.az\/?p=425970"},"modified":"2022-01-14T09:54:40","modified_gmt":"2022-01-14T06:54:40","slug":"kamal%c9%99ddin-qafarov-az%c9%99rbaycan-bu-gun-c%c9%99nubi-qafqazin-%c9%99n-f%c9%99al-v%c9%99-%c9%99n-inkisaf-ed%c9%99n-olk%c9%99sidir","status":"publish","type":"post","link":"https:\/\/arantv.az\/?p=425970","title":{"rendered":"Kamal\u0259ddin Qafarov: \u201cAz\u0259rbaycan bu g\u00fcn C\u0259nubi Qafqaz\u0131n \u0259n f\u0259al v\u0259 \u0259n inki\u015faf ed\u0259n \u00f6lk\u0259sidir\u201d"},"content":{"rendered":"<p>&#8220;Az\u0259rbaycan yeni d\u00fcnya d\u00fcz\u0259nind\u0259 t\u0259\u015f\u0259bb\u00fcskar v\u0259 dinamik inki\u015fafa malik \u00f6lk\u0259l\u0259rd\u0259n biri olacaq. Prezident \u0130lham \u018fliyev yanvar\u0131n 12-d\u0259 yerli televiziya kanallar\u0131na verdiyi m\u00fcsahib\u0259sind\u0259 bu istiqam\u0259td\u0259 qar\u015f\u0131m\u0131zda a\u00e7\u0131lm\u0131\u015f perspektivl\u0259r v\u0259 Az\u0259rbaycan\u0131n m\u00f6vqeyi bar\u0259d\u0259 konkret fikirl\u0259rini a\u00e7\u0131q-ayd\u0131n b\u0259yan etdi. D\u00f6vl\u0259timizin ba\u015f\u00e7\u0131s\u0131 bildirdi ki, \u0259g\u0259r bu g\u00fcn d\u00fcnyada yeni d\u00fcz\u0259nin formala\u015fd\u0131r\u0131lmas\u0131 prosesin\u0259 ba\u015flanacaqsa, Az\u0259rbaycan bu prosesin passiv seyr\u00e7isi deyil, \u0259n f\u0259al i\u015ftirak\u00e7\u0131lar\u0131ndan biri olacaq. Bu g\u00fcn \u00f6lk\u0259mizd\u0259 m\u00f6vcud olan xalq-iqtidar birliyi, iqtisadi m\u00fcst\u0259qillik, enerji m\u00fcst\u0259qilliyi, siyasi m\u00fcst\u0259qillik v\u0259 b\u00fct\u00fcn bunlar\u0131n fonunda \u0259ld\u0259 olunmu\u015f Qaraba\u011f Z\u0259f\u0259rind\u0259n sonra x\u00fcsusil\u0259 artan imkanlar Az\u0259rbaycan\u0131n ist\u0259r C\u0259nubi Qafqaz regionunda, ist\u0259rs\u0259 d\u0259 daha geni\u015f \u0259hat\u0259li Avrasiya m\u0259kan\u0131nda n\u00fcfuzlu s\u00f6z sahibl\u0259rind\u0259n birin\u0259 \u00e7evrilm\u0259sini \u015f\u0259rtl\u0259ndirib. Bu, Az\u0259rbaycan\u0131n son 19 ild\u0259 qazand\u0131\u011f\u0131 \u0259n b\u00f6y\u00fck v\u0259 indiy\u0259d\u0259k sahib olmad\u0131\u011f\u0131m\u0131z bir prioritetdir&#8221;.<\/p>\n<p>Bu s\u00f6zl\u0259ri Milli.Az-a\u00a0a\u00e7\u0131qlamas\u0131nda Az\u0259rbaycan Respublikas\u0131 Milli M\u0259clisinin deputat\u0131 Kamal\u0259ddin Qafarov deyib. Mill\u0259t v\u0259kili qeyd edib ki, Prezident \u0130lham \u018fliyevin r\u0259hb\u0259rliyi il\u0259 Az\u0259rbaycan\u0131n bu g\u00fcn beyn\u0259lxalq al\u0259md\u0259 sahib oldu\u011fu m\u00f6vqel\u0259r \u00f6lk\u0259mizin qlobal prosesl\u0259r\u0259 m\u00fcdaxil\u0259 imkanlar\u0131n\u0131 art\u0131r\u0131b v\u0259 Az\u0259rbaycan bu imkanlardan \u00f6z g\u00fcc\u00fcn\u00fc v\u0259 n\u00fcfuzunu daha da art\u0131rmaq m\u0259qs\u0259dil\u0259 m\u0259har\u0259tl\u0259 istifad\u0259 edir.<\/p>\n<p>&#8220;H\u0259qiq\u0259t\u0259n d\u0259 bu g\u00fcn art\u0131q b\u00fct\u00fcn d\u00fcnyada beyn\u0259lxalq h\u00fcququn ciddi b\u00f6hran ya\u015famas\u0131, getdikc\u0259 m\u0259hz g\u00fcc amilinin daha qabar\u0131q formada \u00f6n\u0259 \u00e7\u0131xmas\u0131 a\u00e7\u0131q-ayd\u0131n m\u00fc\u015fahid\u0259 olunmaqdad\u0131r. Bel\u0259 bir \u015f\u0259raitd\u0259 d\u00fcnyan\u0131n yenid\u0259n n\u00fcfuz dair\u0259l\u0259rin\u0259 b\u00f6l\u00fcnm\u0259si ehtimal\u0131 da getdikc\u0259 daha konkret cizgil\u0259r al\u0131r. \u018flb\u0259tt\u0259 ki, bel\u0259 olan halda ilk n\u00f6vb\u0259d\u0259 iqtisadi c\u0259h\u0259td\u0259n daha z\u0259if olan \u00f6lk\u0259l\u0259rin v\u0259ziyy\u0259ti arzuolunmaz bir hala d\u00fc\u015f\u0259 bil\u0259r. Lakin Prezident \u0130lham \u018fliyevin d\u0259 \u00f6z m\u00fcsahib\u0259sind\u0259 qeyd etdiyi kimi, Az\u0259rbaycan \u00f6z iqtisadi v\u0259 siyasi m\u00fcst\u0259qilliyini tam t\u0259min etmi\u015f bir \u00f6lk\u0259 olaraq d\u00fcnyada c\u0259r\u0259yan ed\u0259 bil\u0259c\u0259k qlobal prosesl\u0259rin ist\u0259nil\u0259n format\u0131na haz\u0131rd\u0131r. Bunun s\u0259b\u0259bi is\u0259 \u00f6lk\u0259mizd\u0259 x\u00fcsusil\u0259 son 19 il \u0259rzind\u0259 b\u00f6y\u00fck u\u011furla h\u0259yata ke\u00e7iril\u0259n daxili v\u0259 xarici siyas\u0259t kursudur.<\/p>\n<p>B\u0259li, bu g\u00fcn h\u0259qiq\u0259t\u0259n d\u0259 beyn\u0259lxalq m\u00fcst\u0259vid\u0259 \u0259n\u0259n\u0259vi davran\u0131\u015f qaydalar\u0131 art\u0131q t\u00fck\u0259nm\u0259k \u00fczr\u0259dir. Art\u0131q demokratik d\u0259y\u0259rl\u0259rin, beyn\u0259lxalq h\u00fcquq v\u0259 \u0259dal\u0259tin \u00e7a\u011f\u0131r\u0131\u015flar\u0131 sad\u0259c\u0259 beyn\u0259lxalq g\u00f6r\u00fc\u015f v\u0259 toplant\u0131larda s\u0259sl\u0259ndiril\u0259n r\u0259smi \u00e7\u0131x\u0131\u015flara hans\u0131sa formal etiket t\u0259l\u0259bl\u0259rini g\u00f6zl\u0259m\u0259k m\u0259qs\u0259dil\u0259 \u0259lav\u0259 edilir. Reall\u0131q is\u0259 tam f\u0259rqli v\u0259 getdikc\u0259 daha \u00e7ox g\u00fcc amilin\u0259 dayanan prosesl\u0259rd\u0259n formala\u015f\u0131r. \u018flb\u0259tt\u0259 ki, bu g\u00fcn art\u0131q bu prosesl\u0259ri \u00e7ox insanlar, h\u0259tta b\u00fct\u00fcn c\u0259miyy\u0259tl\u0259r g\u00f6r\u00fcr v\u0259 d\u0259rk edirl\u0259r. Lakin bir siyasi liderin, bir d\u00f6vl\u0259t ba\u015f\u00e7\u0131s\u0131n\u0131n \u0259sl m\u0259har\u0259ti v\u0259 m\u00fcdrikliyi d\u0259 ondad\u0131r ki, bu tendensiyan\u0131 art\u0131q ham\u0131 il\u0259 eyni vaxtda deyil, prosesl\u0259rin ba\u015flanmas\u0131na z\u0259min yaradan m\u00fchitin formala\u015fd\u0131\u011f\u0131 d\u00f6vrd\u0259 g\u00f6rm\u0259yi bacars\u0131n v\u0259 \u00f6z \u00f6lk\u0259sinin, \u00f6z xalq\u0131n\u0131n xarici q\u00fcvv\u0259l\u0259rd\u0259n as\u0131l\u0131 hala d\u00fc\u015fm\u0259 ehtimal\u0131n\u0131 s\u0131f\u0131ra endirm\u0259k \u00fc\u00e7\u00fcn b\u00fct\u00fcn laz\u0131m olan add\u0131mlar\u0131 vaxt\u0131nda ats\u0131n. Birm\u0259nal\u0131 olaraq dem\u0259k laz\u0131md\u0131r ki, \u0259g\u0259r bu g\u00fcn Az\u0259rbaycan \u00f6z\u00fcn\u00fc yeni d\u00fcnya d\u00fcz\u0259nl\u0259nm\u0259si prosesin\u0259 haz\u0131r v\u0259ziyy\u0259td\u0259 hiss edirs\u0259, bunun yegan\u0259 s\u0259b\u0259bi d\u0259 m\u0259hz Prezident \u0130lham \u018fliyev t\u0259r\u0259find\u0259n vaxt\u0131nda at\u0131lm\u0131\u015f m\u0259qs\u0259dy\u00f6nl\u00fc add\u0131mlar, zaman\u0131nda g\u00f6r\u00fclm\u00fc\u015f qabaqlay\u0131c\u0131 t\u0259dbirl\u0259rdir. H\u0259l\u0259 bir ne\u00e7\u0259 il \u00f6nc\u0259ki \u00e7\u0131x\u0131\u015flar\u0131nda d\u00f6vl\u0259timizin ba\u015f\u00e7\u0131s\u0131 deyirdi ki, indi g\u00fcc amili \u00f6n plana \u00e7\u0131x\u0131r v\u0259 biz buna haz\u0131r olmal\u0131y\u0131q. M\u0259hz buna g\u00f6r\u0259 Az\u0259rbaycan art\u0131q ne\u00e7\u0259 ill\u0259rdir ki, ilk n\u00f6vb\u0259d\u0259 \u00f6z iqtisadiyyat\u0131n\u0131 g\u00fccl\u0259ndirm\u0259k v\u0259 buna paralel olaraq da h\u0259rbi q\u00fcdr\u0259tini art\u0131rmaq yolu il\u0259 inamla ir\u0259lil\u0259yir. 2020-ci ild\u0259 bu yol bizi art\u0131q \u0259n ali m\u0259qs\u0259dl\u0259rimizd\u0259n birin\u0259, \u00f6lk\u0259nin \u0259razi b\u00fct\u00f6vl\u00fcy\u00fcn\u00fcn b\u0259rpas\u0131na g\u0259tirib \u00e7\u0131xard\u0131. Lakin g\u00f6r\u00fcnd\u00fcy\u00fc kimi, qar\u015f\u0131da Az\u0259rbaycan\u0131 yeni h\u0259d\u0259fl\u0259r g\u00f6zl\u0259yir v\u0259 yeni d\u00fcnya d\u00fcz\u0259nl\u0259nm\u0259sind\u0259 dig\u0259rl\u0259rinin irad\u0259sini q\u0259bul ed\u0259n deyil, \u00f6z irad\u0259sini dikt\u0259 ed\u0259 bil\u0259c\u0259k \u00f6lk\u0259l\u0259r s\u0131ras\u0131nda qalmaq da bu h\u0259d\u0259fl\u0259rd\u0259n biridir&#8221;, &#8211; dey\u0259 K.Qafarov bildirib.<\/p>\n<p>Mill\u0259t v\u0259kili bu m\u0259qam\u0131 da vur\u011fulay\u0131b ki, bu g\u00fcn Az\u0259rbaycanda ordu quruculu\u011funun davam etdirilm\u0259si son d\u0259r\u0259c\u0259 vacibdir v\u0259 bu istiqam\u0259tin d\u00f6vl\u0259timiz t\u0259r\u0259find\u0259n \u0259vv\u0259ll\u0259r oldu\u011fu kimi, yen\u0259 d\u0259 \u0259sas prioritet olaraq saxlanmas\u0131 xalq\u0131m\u0131z t\u0259r\u0259find\u0259n birm\u0259nal\u0131 d\u0259st\u0259kl\u0259nir v\u0259 t\u0259qdir edilir. Kamal\u0259ddin Qafarovun s\u00f6zl\u0259rin\u0259 g\u00f6r\u0259, bu g\u00fcn Erm\u0259nistan c\u0259miyy\u0259tind\u0259 revan\u015fist \u0259hval-ruhiyy\u0259sinin m\u00f6vcudlu\u011fu da Az\u0259rbaycanda ordu quruculu\u011fu i\u015finin daha b\u00f6y\u00fck v\u00fcs\u0259tl\u0259 davam etdirilm\u0259sini \u015f\u0259rtl\u0259ndir\u0259n \u0259sas amill\u0259rd\u0259n biridir.<\/p>\n<p>&#8220;M\u0259lumdur ki, bu g\u00fcn\u0259 q\u0259d\u0259r Prezident \u0130lham \u018fliyevin g\u00f6st\u0259ri\u015fi il\u0259 d\u00f6vl\u0259t b\u00fcdc\u0259sind\u0259 \u0259n b\u00f6y\u00fck x\u0259rcl\u0259r m\u0259hz h\u0259rbi quruculuq \u00fc\u00e7\u00fcn ayr\u0131l\u0131b. V\u0259t\u0259n m\u00fcharib\u0259sinin n\u0259tic\u0259l\u0259ri bu q\u0259rar\u0131n d\u00fczg\u00fcnl\u00fcy\u00fcn\u00fc bir daha isbatlad\u0131. Lakin Az\u0259rbaycan m\u00fcharib\u0259d\u0259n sonra da ordu quruculu\u011funu davam etdirm\u0259lidir v\u0259 etdirir. Bunu z\u0259ruri t\u0259l\u0259b kimi ortaya \u00e7\u0131xaran bir \u00e7ox amill\u0259r vard\u0131r. \u0130lk n\u00f6vb\u0259d\u0259, \u0259lb\u0259tt\u0259 ki, haz\u0131rda erm\u0259ni c\u0259miyy\u0259tind\u0259 m\u00fc\u015fahid\u0259 olunan g\u00fccl\u00fc revan\u015fist \u0259hval-ruhiyy\u0259sidir. T\u0259\u0259ss\u00fcfl\u0259r olsun ki, bu \u0259hval-ruhiyy\u0259 t\u0259kc\u0259 emosional s\u0259viyy\u0259d\u0259 \u00f6z\u00fcn\u00fc b\u00fcruz\u0259 vermir. Erm\u0259nistan h\u0259l\u0259 d\u0259 Az\u0259rbaycanla s\u0259rh\u0259dd\u0259 ara-s\u0131ra t\u0259xribatlara yol verir. \u00d6z n\u00f6vb\u0259sind\u0259 Az\u0259rbaycan bu t\u0259xribatlara layiqinc\u0259 cavab verir v\u0259 Erm\u0259nistanda h\u0259r k\u0259s bilm\u0259lidir ki, he\u00e7 bir Az\u0259rbaycan h\u0259rb\u00e7isinin, he\u00e7 bir Az\u0259rbaycan v\u0259t\u0259nda\u015f\u0131n\u0131n qan\u0131 yerd\u0259 qalmayacaq.<\/p>\n<p>Dig\u0259r t\u0259r\u0259fd\u0259n, m\u00fcharib\u0259 d\u00f6vr\u00fcnd\u0259 Az\u0259rbaycan \u00e7oxlu sayda d\u00f6y\u00fc\u015f sursat\u0131ndan istifad\u0259 edib v\u0259 indi onlar\u0131 b\u0259rpa etm\u0259k laz\u0131md\u0131r. Prezident \u0130lham \u018fliyev d\u0259 \u00f6z m\u00fcsahib\u0259sind\u0259 bildirdi ki, ba\u011flanm\u0131\u015f yeni m\u00fcqavil\u0259l\u0259r \u00f6lk\u0259miz \u00fc\u00e7\u00fcn bunu t\u0259min edir. Art\u0131q silah v\u0259 sursat t\u0259dar\u00fck\u00fc gedir. Daha bir m\u0259qam m\u00fcxt\u0259lif xarakterli m\u00fcasir silah sisteml\u0259rinin al\u0131nmas\u0131 il\u0259 ba\u011fl\u0131d\u0131r. H\u0259rbi texnologiyalar durmadan inki\u015faf edir v\u0259 Az\u0259rbaycan\u0131n h\u0259r zaman \u0259n m\u00fcasir texnologiyalara sahib olmas\u0131 \u00e7ox vacib amildir. Buna g\u00f6r\u0259 d\u0259 \u00f6lk\u0259 r\u0259hb\u0259rliyi bu m\u0259s\u0259l\u0259y\u0259 h\u0259mi\u015f\u0259 b\u00f6y\u00fck \u0259h\u0259miyy\u0259t verib.<\/p>\n<p>Ordu quruculu\u011funda \u0259sas m\u0259qs\u0259dl\u0259rd\u0259n biri d\u0259 Silahl\u0131 Q\u00fcvv\u0259l\u0259rin d\u00f6y\u00fc\u015f qabiliyy\u0259tinin art\u0131r\u0131lmas\u0131d\u0131r. II Qaraba\u011f m\u00fcharib\u0259si \u0259m\u0259liyyatlar apar\u0131lmas\u0131 sah\u0259sind\u0259 b\u00f6y\u00fck t\u0259cr\u00fcb\u0259 oldu. Bu, Silahl\u0131 Q\u00fcvv\u0259l\u0259rin t\u0259lim \u015f\u0259raitind\u0259 deyil, \u0259m\u0259li i\u015fd\u0259 yoxlanmas\u0131d\u0131r v\u0259 d\u00f6vl\u0259t ba\u015f\u00e7\u0131m\u0131z\u0131n dediyi kimi, bizim Silahl\u0131 Q\u00fcvv\u0259l\u0259r bu yoxlamadan \u015f\u0259r\u0259fl\u0259 \u00e7\u0131xd\u0131lar.<\/p>\n<p>Bu g\u00fcn Az\u0259rbaycan Erm\u0259nistanda h\u0259m \u00f6z q\u00fcvv\u0259l\u0259ri, h\u0259m d\u0259 onlar\u0131n t\u0259r\u0259fda\u015flar\u0131n\u0131n k\u00f6m\u0259yi il\u0259 edil\u0259n b\u00fct\u00fcn h\u0259rbi quruculuq c\u0259hdl\u0259rini \u00e7ox diqq\u0259tl\u0259 izl\u0259yir. Bu, ilk n\u00f6vb\u0259d\u0259 \u00f6lk\u0259miz\u0259 qar\u015f\u0131, Az\u0259rbaycan\u0131n suverenliyin\u0259, \u0259razi b\u00fct\u00f6vl\u00fcy\u00fcn\u0259, t\u0259hl\u00fck\u0259sizliyin\u0259 qar\u015f\u0131 y\u00f6n\u0259l\u0259 bil\u0259c\u0259k h\u0259r hans\u0131 t\u0259hdidin vaxt\u0131nda a\u015fkarlanmas\u0131 v\u0259 aradan qald\u0131r\u0131lmas\u0131 \u00fc\u00e7\u00fcn vacibdir. Ali Ba\u015f Komandan c\u0259nab \u0130lham \u018fliyev d\u0259 bu m\u0259s\u0259l\u0259y\u0259 dair konkret fikir bildir\u0259r\u0259k demi\u015fdir: &#8220;Bizim t\u0259hl\u00fck\u0259sizliyimiz\u0259 azac\u0131q da olsa t\u0259hdid g\u00f6rs\u0259k, bu t\u0259hdid harada, Erm\u0259nistan \u0259razisinin hans\u0131 d\u0259rinliyind\u0259 olsa da, biz onu d\u0259rhal, sad\u0259c\u0259, m\u0259hv ed\u0259c\u0259yik. Bunu ham\u0131, ilk n\u00f6vb\u0259d\u0259, Erm\u0259nistan r\u0259hb\u0259rliyi bilm\u0259li v\u0259 ba\u015fa d\u00fc\u015fm\u0259lidir&#8221;.<\/p>\n<p>Bel\u0259likl\u0259, Az\u0259rbaycanda ordu quruculu\u011fu bundan sonra da b\u00fct\u00fcn t\u0259l\u0259b olunan istiqam\u0259tl\u0259rd\u0259 davam etdiril\u0259c\u0259k, Silahl\u0131 Q\u00fcvv\u0259l\u0259rimiz \u0130kinci Qaraba\u011f m\u00fcharib\u0259si d\u00f6vr\u00fcnd\u0259 n\u00fcmayi\u015f etdirildiyind\u0259n daha g\u00fccl\u00fc olacaq v\u0259 bu g\u00fcc Az\u0259rbaycan\u0131n beyn\u0259lxalq m\u00f6vqel\u0259rinin daha da m\u00f6hk\u0259ml\u0259ndirilm\u0259si i\u015fin\u0259 xidm\u0259t ed\u0259c\u0259kdir&#8221;, &#8211; dey\u0259 Kamal\u0259ddin Qafarov \u00f6z fikirl\u0259rini tamamlay\u0131b.<\/p>\n","protected":false},"excerpt":{"rendered":"<p>&#8220;Az\u0259rbaycan yeni d\u00fcnya d\u00fcz\u0259nind\u0259 t\u0259\u015f\u0259bb\u00fcskar v\u0259 dinamik inki\u015fafa malik \u00f6lk\u0259l\u0259rd\u0259n biri olacaq. Prezident \u0130lham \u018fliyev yanvar\u0131n 12-d\u0259 yerli televiziya kanallar\u0131na verdiyi m\u00fcsahib\u0259sind\u0259 bu istiqam\u0259td\u0259 qar\u015f\u0131m\u0131zda a\u00e7\u0131lm\u0131\u015f perspektivl\u0259r v\u0259 Az\u0259rbaycan\u0131n m\u00f6vqeyi bar\u0259d\u0259 konkret fikirl\u0259rini a\u00e7\u0131q-ayd\u0131n b\u0259yan etdi. D\u00f6vl\u0259timizin ba\u015f\u00e7\u0131s\u0131 bildirdi ki, \u0259g\u0259r bu g\u00fcn d\u00fcnyada yeni d\u00fcz\u0259nin formala\u015fd\u0131r\u0131lmas\u0131 prosesin\u0259 ba\u015flanacaqsa, Az\u0259rbaycan bu prosesin passiv seyr\u00e7isi deyil, \u0259n f\u0259al i\u015ftirak\u00e7\u0131lar\u0131ndan biri olacaq. Bu g\u00fcn \u00f6lk\u0259mizd\u0259 m\u00f6vcud olan xalq-iqtidar birliyi, iqtisadi m\u00fcst\u0259qillik, enerji m\u00fcst\u0259qilliyi, siyasi m\u00fcst\u0259qillik v\u0259 b\u00fct\u00fcn bunlar\u0131n fonunda \u0259ld\u0259 olunmu\u015f Qaraba\u011f Z\u0259f\u0259rind\u0259n sonra x\u00fcsusil\u0259 artan imkanlar Az\u0259rbaycan\u0131n ist\u0259r C\u0259nubi Qafqaz regionunda,&hellip;<\/p>\n","protected":false},"author":2,"featured_media":425971,"comment_status":"closed","ping_status":"closed","sticky":false,"template":"","format":"standard","meta":{"om_disable_all_campaigns":false,"_monsterinsights_skip_tracking":false,"_monsterinsights_sitenote_active":false,"_monsterinsights_sitenote_note":"","_monsterinsights_sitenote_category":0},"categories":[4],"tags":[],"aioseo_notices":[],"gutentor_comment":0,"rttpg_featured_image_url":{"full":["https:\/\/arantv.az\/wp-content\/uploads\/2022\/01\/1002355-1.jpg",800,600,false],"landscape":["https:\/\/arantv.az\/wp-content\/uploads\/2022\/01\/1002355-1.jpg",800,600,false],"portraits":["https:\/\/arantv.az\/wp-content\/uploads\/2022\/01\/1002355-1.jpg",800,600,false],"thumbnail":["https:\/\/arantv.az\/wp-content\/uploads\/2022\/01\/1002355-1-500x280.jpg",500,280,true],"medium":["https:\/\/arantv.az\/wp-content\/uploads\/2022\/01\/1002355-1-487x365.jpg",487,365,true],"large":["https:\/\/arantv.az\/wp-content\/uploads\/2022\/01\/1002355-1.jpg",640,480,false],"1536x1536":["https:\/\/arantv.az\/wp-content\/uploads\/2022\/01\/1002355-1.jpg",800,600,false],"2048x2048":["https:\/\/arantv.az\/wp-content\/uploads\/2022\/01\/1002355-1.jpg",800,600,false],"post-thumbnail":["https:\/\/arantv.az\/wp-content\/uploads\/2022\/01\/1002355-1-240x172.jpg",240,172,true],"advps-thumb-one":["https:\/\/arantv.az\/wp-content\/uploads\/2022\/01\/1002355-1.jpg",800,600,false]},"rttpg_author":{"display_name":"V\u00fcsal Rafiqo\u011flu","author_link":"https:\/\/arantv.az\/?author=2"},"rttpg_comment":0,"rttpg_category":"<a href=\"https:\/\/arantv.az\/?cat=4\" rel=\"category\">Siyas\u0259t<\/a>","rttpg_excerpt":"&#8220;Az\u0259rbaycan yeni d\u00fcnya d\u00fcz\u0259nind\u0259 t\u0259\u015f\u0259bb\u00fcskar v\u0259 dinamik inki\u015fafa malik \u00f6lk\u0259l\u0259rd\u0259n biri olacaq. Prezident \u0130lham \u018fliyev yanvar\u0131n 12-d\u0259 yerli televiziya kanallar\u0131na verdiyi m\u00fcsahib\u0259sind\u0259 bu istiqam\u0259td\u0259 qar\u015f\u0131m\u0131zda a\u00e7\u0131lm\u0131\u015f perspektivl\u0259r v\u0259 Az\u0259rbaycan\u0131n m\u00f6vqeyi bar\u0259d\u0259 konkret fikirl\u0259rini a\u00e7\u0131q-ayd\u0131n b\u0259yan etdi. D\u00f6vl\u0259timizin ba\u015f\u00e7\u0131s\u0131 bildirdi ki, \u0259g\u0259r bu g\u00fcn d\u00fcnyada yeni d\u00fcz\u0259nin formala\u015fd\u0131r\u0131lmas\u0131 prosesin\u0259 ba\u015flanacaqsa, Az\u0259rbaycan bu prosesin passiv seyr\u00e7isi deyil,&hellip;","_links":{"self":[{"href":"https:\/\/arantv.az\/index.php?rest_route=\/wp\/v2\/posts\/425970"}],"collection":[{"href":"https:\/\/arantv.az\/index.php?rest_route=\/wp\/v2\/posts"}],"about":[{"href":"https:\/\/arantv.az\/index.php?rest_route=\/wp\/v2\/types\/post"}],"author":[{"embeddable":true,"href":"https:\/\/arantv.az\/index.php?rest_route=\/wp\/v2\/users\/2"}],"replies":[{"embeddable":true,"href":"https:\/\/arantv.az\/index.php?rest_route=%2Fwp%2Fv2%2Fcomments&post=425970"}],"version-history":[{"count":0,"href":"https:\/\/arantv.az\/index.php?rest_route=\/wp\/v2\/posts\/425970\/revisions"}],"wp:featuredmedia":[{"embeddable":true,"href":"https:\/\/arantv.az\/index.php?rest_route=\/wp\/v2\/media\/425971"}],"wp:attachment":[{"href":"https:\/\/arantv.az\/index.php?rest_route=%2Fwp%2Fv2%2Fmedia&parent=425970"}],"wp:term":[{"taxonomy":"category","embeddable":true,"href":"https:\/\/arantv.az\/index.php?rest_route=%2Fwp%2Fv2%2Fcategories&post=425970"},{"taxonomy":"post_tag","embeddable":true,"href":"https:\/\/arantv.az\/index.php?rest_route=%2Fwp%2Fv2%2Ftags&post=425970"}],"curies":[{"name":"wp","href":"https:\/\/api.w.org\/{rel}","templated":true}]}}