{"id":425976,"date":"2022-01-14T10:11:38","date_gmt":"2022-01-14T07:11:38","guid":{"rendered":"http:\/\/arantv.az\/?p=425976"},"modified":"2022-01-14T10:11:38","modified_gmt":"2022-01-14T07:11:38","slug":"%c9%99li-%c9%99s%c9%99dov-turkiy%c9%99nin-vitse-prezidentin%c9%99-t%c9%99brik-m%c9%99ktubu-gond%c9%99rdi","status":"publish","type":"post","link":"https:\/\/arantv.az\/?p=425976","title":{"rendered":"\u018fli \u018fs\u0259dov T\u00fcrkiy\u0259nin vitse-prezidentin\u0259 t\u0259brik m\u0259ktubu g\u00f6nd\u0259rdi"},"content":{"rendered":"<p>Ba\u015f nazir \u018fli \u018fs\u0259dov Az\u0259rbaycan Respublikas\u0131 il\u0259 T\u00fcrkiy\u0259 Respublikas\u0131 aras\u0131nda diplomatik m\u00fcnasib\u0259tl\u0259rin qurulmas\u0131n\u0131n 30 illiyi m\u00fcnasib\u0259til\u0259 T\u00fcrkiy\u0259nin vitse-prezidenti Fuat Oktaya t\u0259brik m\u0259ktubu \u00fcnvanlay\u0131b.<\/p>\n<p>M\u0259ktubda bildirib ki, m\u00fcst\u0259qillik tariximizd\u0259 diplomatik \u0259laq\u0259l\u0259r yaratd\u0131\u011f\u0131m\u0131z ilk d\u00f6vl\u0259t olan T\u00fcrkiy\u0259 il\u0259 Az\u0259rbaycan\u0131 d\u0259rin tarixi k\u00f6kl\u0259ri, ortaq milli-m\u0259n\u0259vi d\u0259y\u0259rl\u0259ri il\u0259 bir-birin\u0259 s\u0131x ba\u011fl\u0131 olan xalqlar\u0131m\u0131z\u0131n irad\u0259sind\u0259n ir\u0259li g\u0259l\u0259n sars\u0131lmaz dostluq v\u0259 qarda\u015fl\u0131q m\u00fcnasib\u0259tl\u0259ri birl\u0259\u015fdirir.<\/p>\n<p>Qeyd edilib ki, bu m\u00f6hk\u0259m t\u0259m\u0259ll\u0259r \u00fcz\u0259rind\u0259 qurulmu\u015f d\u00f6vl\u0259tl\u0259raras\u0131 \u0259laq\u0259l\u0259rimiz \u00f6t\u0259n d\u00f6vrd\u0259 b\u00f6y\u00fck inki\u015faf yolu ke\u00e7\u0259r\u0259k x\u00fcsusil\u0259 d\u0259 son ill\u0259r \u0259rzind\u0259 d\u00f6vl\u0259t ba\u015f\u00e7\u0131lar\u0131m\u0131z\u0131n q\u0259tiyy\u0259tli s\u0259yl\u0259ri il\u0259 dayan\u0131ql\u0131 strateji t\u0259r\u0259fda\u015fl\u0131\u011f\u0131n v\u0259 m\u00fctt\u0259fiqliyin \u0259n y\u00fcks\u0259k s\u0259viyy\u0259sin\u0259 \u00e7at\u0131b.<\/p>\n<p>M\u0259ktubda vur\u011fulan\u0131b ki, Az\u0259rbaycan\u0131n 44 g\u00fcnl\u00fck V\u0259t\u0259n m\u00fcharib\u0259si zaman\u0131 b\u00fct\u00fcn d\u00fcnya buna bir daha \u0259min oldu:<\/p>\n<p>\u201cZ\u0259f\u0259r y\u00fcr\u00fc\u015f\u00fcn\u00fcn ilk g\u00fcnl\u0259rind\u0259n Az\u0259rbaycana g\u00f6st\u0259ril\u0259n siyasi-m\u0259n\u0259vi d\u0259st\u0259y\u0259 g\u00f6r\u0259 qarda\u015f T\u00fcrkiy\u0259 t\u0259r\u0259fin\u0259 minn\u0259tdarl\u0131q bildirilib, Az\u0259rbaycan\u0131n da \u00f6z n\u00f6vb\u0259sind\u0259 b\u00fct\u00fcn m\u0259s\u0259l\u0259l\u0259rd\u0259 daim T\u00fcrkiy\u0259nin yan\u0131nda oldu\u011funu vur\u011fulan\u0131b.<\/p>\n<p>2021-ci il 15 iyun tarixind\u0259 imzalanm\u0131\u015f \u015eu\u015fa B\u0259yannam\u0259si il\u0259 yeni m\u0259rh\u0259l\u0259y\u0259 q\u0259d\u0259m qoyan Az\u0259rbaycan-T\u00fcrkiy\u0259 m\u00fctt\u0259fiqlik, dostluq v\u0259 qarda\u015fl\u0131q m\u00fcnasib\u0259tl\u0259rinin xalqlar\u0131m\u0131z\u0131n m\u0259nafel\u0259rin\u0259 uy\u011fun olaraq daha da m\u00f6hk\u0259ml\u0259ndirilm\u0259si v\u0259 geni\u015fl\u0259ndirilm\u0259si istiqam\u0259tind\u0259 birg\u0259 add\u0131mlar\u0131n at\u0131lmas\u0131na haz\u0131rl\u0131q ifad\u0259 olunub\u201d.<\/p>\n","protected":false},"excerpt":{"rendered":"<p>Ba\u015f nazir \u018fli \u018fs\u0259dov Az\u0259rbaycan Respublikas\u0131 il\u0259 T\u00fcrkiy\u0259 Respublikas\u0131 aras\u0131nda diplomatik m\u00fcnasib\u0259tl\u0259rin qurulmas\u0131n\u0131n 30 illiyi m\u00fcnasib\u0259til\u0259 T\u00fcrkiy\u0259nin vitse-prezidenti Fuat Oktaya t\u0259brik m\u0259ktubu \u00fcnvanlay\u0131b. M\u0259ktubda bildirib ki, m\u00fcst\u0259qillik tariximizd\u0259 diplomatik \u0259laq\u0259l\u0259r yaratd\u0131\u011f\u0131m\u0131z ilk d\u00f6vl\u0259t olan T\u00fcrkiy\u0259 il\u0259 Az\u0259rbaycan\u0131 d\u0259rin tarixi k\u00f6kl\u0259ri, ortaq milli-m\u0259n\u0259vi d\u0259y\u0259rl\u0259ri il\u0259 bir-birin\u0259 s\u0131x ba\u011fl\u0131 olan xalqlar\u0131m\u0131z\u0131n irad\u0259sind\u0259n ir\u0259li g\u0259l\u0259n sars\u0131lmaz dostluq v\u0259 qarda\u015fl\u0131q m\u00fcnasib\u0259tl\u0259ri birl\u0259\u015fdirir. Qeyd edilib ki, bu m\u00f6hk\u0259m t\u0259m\u0259ll\u0259r \u00fcz\u0259rind\u0259 qurulmu\u015f d\u00f6vl\u0259tl\u0259raras\u0131 \u0259laq\u0259l\u0259rimiz \u00f6t\u0259n d\u00f6vrd\u0259 b\u00f6y\u00fck inki\u015faf yolu ke\u00e7\u0259r\u0259k x\u00fcsusil\u0259 d\u0259 son ill\u0259r \u0259rzind\u0259 d\u00f6vl\u0259t ba\u015f\u00e7\u0131lar\u0131m\u0131z\u0131n q\u0259tiyy\u0259tli s\u0259yl\u0259ri il\u0259 dayan\u0131ql\u0131 strateji t\u0259r\u0259fda\u015fl\u0131\u011f\u0131n v\u0259 m\u00fctt\u0259fiqliyin \u0259n&hellip;<\/p>\n","protected":false},"author":2,"featured_media":403290,"comment_status":"closed","ping_status":"closed","sticky":false,"template":"","format":"standard","meta":{"om_disable_all_campaigns":false,"_monsterinsights_skip_tracking":false,"_monsterinsights_sitenote_active":false,"_monsterinsights_sitenote_note":"","_monsterinsights_sitenote_category":0},"categories":[4],"tags":[],"aioseo_notices":[],"gutentor_comment":0,"rttpg_featured_image_url":{"full":["https:\/\/arantv.az\/wp-content\/uploads\/2021\/11\/eli_esedov_2983856.jpg",800,600,false],"landscape":["https:\/\/arantv.az\/wp-content\/uploads\/2021\/11\/eli_esedov_2983856.jpg",800,600,false],"portraits":["https:\/\/arantv.az\/wp-content\/uploads\/2021\/11\/eli_esedov_2983856.jpg",800,600,false],"thumbnail":["https:\/\/arantv.az\/wp-content\/uploads\/2021\/11\/eli_esedov_2983856-500x280.jpg",500,280,true],"medium":["https:\/\/arantv.az\/wp-content\/uploads\/2021\/11\/eli_esedov_2983856-487x365.jpg",487,365,true],"large":["https:\/\/arantv.az\/wp-content\/uploads\/2021\/11\/eli_esedov_2983856.jpg",640,480,false],"1536x1536":["https:\/\/arantv.az\/wp-content\/uploads\/2021\/11\/eli_esedov_2983856.jpg",800,600,false],"2048x2048":["https:\/\/arantv.az\/wp-content\/uploads\/2021\/11\/eli_esedov_2983856.jpg",800,600,false],"post-thumbnail":["https:\/\/arantv.az\/wp-content\/uploads\/2021\/11\/eli_esedov_2983856-240x172.jpg",240,172,true],"advps-thumb-one":["https:\/\/arantv.az\/wp-content\/uploads\/2021\/11\/eli_esedov_2983856.jpg",800,600,false]},"rttpg_author":{"display_name":"V\u00fcsal Rafiqo\u011flu","author_link":"https:\/\/arantv.az\/?author=2"},"rttpg_comment":0,"rttpg_category":"<a href=\"https:\/\/arantv.az\/?cat=4\" rel=\"category\">Siyas\u0259t<\/a>","rttpg_excerpt":"Ba\u015f nazir \u018fli \u018fs\u0259dov Az\u0259rbaycan Respublikas\u0131 il\u0259 T\u00fcrkiy\u0259 Respublikas\u0131 aras\u0131nda diplomatik m\u00fcnasib\u0259tl\u0259rin qurulmas\u0131n\u0131n 30 illiyi m\u00fcnasib\u0259til\u0259 T\u00fcrkiy\u0259nin vitse-prezidenti Fuat Oktaya t\u0259brik m\u0259ktubu \u00fcnvanlay\u0131b. M\u0259ktubda bildirib ki, m\u00fcst\u0259qillik tariximizd\u0259 diplomatik \u0259laq\u0259l\u0259r yaratd\u0131\u011f\u0131m\u0131z ilk d\u00f6vl\u0259t olan T\u00fcrkiy\u0259 il\u0259 Az\u0259rbaycan\u0131 d\u0259rin tarixi k\u00f6kl\u0259ri, ortaq milli-m\u0259n\u0259vi d\u0259y\u0259rl\u0259ri il\u0259 bir-birin\u0259 s\u0131x ba\u011fl\u0131 olan xalqlar\u0131m\u0131z\u0131n irad\u0259sind\u0259n ir\u0259li g\u0259l\u0259n sars\u0131lmaz dostluq v\u0259&hellip;","_links":{"self":[{"href":"https:\/\/arantv.az\/index.php?rest_route=\/wp\/v2\/posts\/425976"}],"collection":[{"href":"https:\/\/arantv.az\/index.php?rest_route=\/wp\/v2\/posts"}],"about":[{"href":"https:\/\/arantv.az\/index.php?rest_route=\/wp\/v2\/types\/post"}],"author":[{"embeddable":true,"href":"https:\/\/arantv.az\/index.php?rest_route=\/wp\/v2\/users\/2"}],"replies":[{"embeddable":true,"href":"https:\/\/arantv.az\/index.php?rest_route=%2Fwp%2Fv2%2Fcomments&post=425976"}],"version-history":[{"count":0,"href":"https:\/\/arantv.az\/index.php?rest_route=\/wp\/v2\/posts\/425976\/revisions"}],"wp:featuredmedia":[{"embeddable":true,"href":"https:\/\/arantv.az\/index.php?rest_route=\/wp\/v2\/media\/403290"}],"wp:attachment":[{"href":"https:\/\/arantv.az\/index.php?rest_route=%2Fwp%2Fv2%2Fmedia&parent=425976"}],"wp:term":[{"taxonomy":"category","embeddable":true,"href":"https:\/\/arantv.az\/index.php?rest_route=%2Fwp%2Fv2%2Fcategories&post=425976"},{"taxonomy":"post_tag","embeddable":true,"href":"https:\/\/arantv.az\/index.php?rest_route=%2Fwp%2Fv2%2Ftags&post=425976"}],"curies":[{"name":"wp","href":"https:\/\/api.w.org\/{rel}","templated":true}]}}