{"id":425979,"date":"2022-01-14T10:12:16","date_gmt":"2022-01-14T07:12:16","guid":{"rendered":"http:\/\/arantv.az\/?p=425979"},"modified":"2022-01-14T10:12:16","modified_gmt":"2022-01-14T07:12:16","slug":"turkiy%c9%99li-qardaslar-tofasla-simal-qutbun%c9%99-getdil%c9%99r-video","status":"publish","type":"post","link":"https:\/\/arantv.az\/?p=425979","title":{"rendered":"T\u00fcrkiy\u0259li qarda\u015flar \u201cTofa\u015f\u201dla \u015eimal q\u00fctb\u00fcn\u0259 getdil\u0259r &#8211; V\u0130DEO"},"content":{"rendered":"<p>T\u00fcrkiy\u0259li \u015eevket ve Tugay Sahtiyan qarda\u015flar\u0131n\u0131n \u201cTofa\u015f\u201d sevgisi s\u0259rh\u0259d tan\u0131m\u0131r.<\/p>\n<p>Onlar bunu s\u00fcbut etm\u0259k \u00fc\u00e7\u00fcn inan\u0131lmaz yola \u0259l at\u0131blar.<\/p>\n<p>Bel\u0259 ki, iki qarda\u015f \u201cTofa\u015f \u015eahin\u201d avtomobili il\u0259 \u0130stanbuldan yola \u00e7\u0131xaraq, \u015eimal Q\u00fctb\u00fcn\u0259 \u00e7at\u0131blar.<\/p>\n<p>Onlar\u0131n s\u0259yah\u0259tini \u00f6lk\u0259 medias\u0131 i\u015f\u0131qland\u0131r\u0131b.<\/p>\n<div><iframe loading=\"lazy\" src=\"https:\/\/player.baku.tv\/embed\/49081\" width=\"560\" height=\"315\" frameborder=\"0\" allowfullscreen=\"allowfullscreen\" data-mce-fragment=\"1\"><\/iframe><\/div>\n<p>M\u0259nb\u0259: TRT<\/p>\n","protected":false},"excerpt":{"rendered":"<p>T\u00fcrkiy\u0259li \u015eevket ve Tugay Sahtiyan qarda\u015flar\u0131n\u0131n \u201cTofa\u015f\u201d sevgisi s\u0259rh\u0259d tan\u0131m\u0131r. Onlar bunu s\u00fcbut etm\u0259k \u00fc\u00e7\u00fcn inan\u0131lmaz yola \u0259l at\u0131blar. Bel\u0259 ki, iki qarda\u015f \u201cTofa\u015f \u015eahin\u201d avtomobili il\u0259 \u0130stanbuldan yola \u00e7\u0131xaraq, \u015eimal Q\u00fctb\u00fcn\u0259 \u00e7at\u0131blar. Onlar\u0131n s\u0259yah\u0259tini \u00f6lk\u0259 medias\u0131 i\u015f\u0131qland\u0131r\u0131b. M\u0259nb\u0259: TRT<\/p>\n","protected":false},"author":2,"featured_media":425980,"comment_status":"closed","ping_status":"closed","sticky":false,"template":"","format":"standard","meta":{"om_disable_all_campaigns":false,"_monsterinsights_skip_tracking":false,"_monsterinsights_sitenote_active":false,"_monsterinsights_sitenote_note":"","_monsterinsights_sitenote_category":0},"categories":[7],"tags":[],"aioseo_notices":[],"gutentor_comment":0,"rttpg_featured_image_url":{"full":["https:\/\/arantv.az\/wp-content\/uploads\/2022\/01\/271713606_657305002280720_6969646660112416694_n.jpg",620,413,false],"landscape":["https:\/\/arantv.az\/wp-content\/uploads\/2022\/01\/271713606_657305002280720_6969646660112416694_n.jpg",620,413,false],"portraits":["https:\/\/arantv.az\/wp-content\/uploads\/2022\/01\/271713606_657305002280720_6969646660112416694_n.jpg",620,413,false],"thumbnail":["https:\/\/arantv.az\/wp-content\/uploads\/2022\/01\/271713606_657305002280720_6969646660112416694_n-500x280.jpg",500,280,true],"medium":["https:\/\/arantv.az\/wp-content\/uploads\/2022\/01\/271713606_657305002280720_6969646660112416694_n-548x365.jpg",548,365,true],"large":["https:\/\/arantv.az\/wp-content\/uploads\/2022\/01\/271713606_657305002280720_6969646660112416694_n.jpg",620,413,false],"1536x1536":["https:\/\/arantv.az\/wp-content\/uploads\/2022\/01\/271713606_657305002280720_6969646660112416694_n.jpg",620,413,false],"2048x2048":["https:\/\/arantv.az\/wp-content\/uploads\/2022\/01\/271713606_657305002280720_6969646660112416694_n.jpg",620,413,false],"post-thumbnail":["https:\/\/arantv.az\/wp-content\/uploads\/2022\/01\/271713606_657305002280720_6969646660112416694_n-240x172.jpg",240,172,true],"advps-thumb-one":["https:\/\/arantv.az\/wp-content\/uploads\/2022\/01\/271713606_657305002280720_6969646660112416694_n.jpg",620,413,false]},"rttpg_author":{"display_name":"V\u00fcsal Rafiqo\u011flu","author_link":"https:\/\/arantv.az\/?author=2"},"rttpg_comment":0,"rttpg_category":"<a href=\"https:\/\/arantv.az\/?cat=7\" rel=\"category\">D\u00fcnya<\/a>","rttpg_excerpt":"T\u00fcrkiy\u0259li \u015eevket ve Tugay Sahtiyan qarda\u015flar\u0131n\u0131n \u201cTofa\u015f\u201d sevgisi s\u0259rh\u0259d tan\u0131m\u0131r. Onlar bunu s\u00fcbut etm\u0259k \u00fc\u00e7\u00fcn inan\u0131lmaz yola \u0259l at\u0131blar. Bel\u0259 ki, iki qarda\u015f \u201cTofa\u015f \u015eahin\u201d avtomobili il\u0259 \u0130stanbuldan yola \u00e7\u0131xaraq, \u015eimal Q\u00fctb\u00fcn\u0259 \u00e7at\u0131blar. Onlar\u0131n s\u0259yah\u0259tini \u00f6lk\u0259 medias\u0131 i\u015f\u0131qland\u0131r\u0131b. M\u0259nb\u0259: TRT","_links":{"self":[{"href":"https:\/\/arantv.az\/index.php?rest_route=\/wp\/v2\/posts\/425979"}],"collection":[{"href":"https:\/\/arantv.az\/index.php?rest_route=\/wp\/v2\/posts"}],"about":[{"href":"https:\/\/arantv.az\/index.php?rest_route=\/wp\/v2\/types\/post"}],"author":[{"embeddable":true,"href":"https:\/\/arantv.az\/index.php?rest_route=\/wp\/v2\/users\/2"}],"replies":[{"embeddable":true,"href":"https:\/\/arantv.az\/index.php?rest_route=%2Fwp%2Fv2%2Fcomments&post=425979"}],"version-history":[{"count":0,"href":"https:\/\/arantv.az\/index.php?rest_route=\/wp\/v2\/posts\/425979\/revisions"}],"wp:featuredmedia":[{"embeddable":true,"href":"https:\/\/arantv.az\/index.php?rest_route=\/wp\/v2\/media\/425980"}],"wp:attachment":[{"href":"https:\/\/arantv.az\/index.php?rest_route=%2Fwp%2Fv2%2Fmedia&parent=425979"}],"wp:term":[{"taxonomy":"category","embeddable":true,"href":"https:\/\/arantv.az\/index.php?rest_route=%2Fwp%2Fv2%2Fcategories&post=425979"},{"taxonomy":"post_tag","embeddable":true,"href":"https:\/\/arantv.az\/index.php?rest_route=%2Fwp%2Fv2%2Ftags&post=425979"}],"curies":[{"name":"wp","href":"https:\/\/api.w.org\/{rel}","templated":true}]}}