{"id":425982,"date":"2022-01-14T10:16:30","date_gmt":"2022-01-14T07:16:30","guid":{"rendered":"http:\/\/arantv.az\/?p=425982"},"modified":"2022-01-14T10:16:30","modified_gmt":"2022-01-14T07:16:30","slug":"turkiy%c9%99-xin-az%c9%99rbaycanla-diplomatik-munasib%c9%99tl%c9%99rin-30-cu-ildonumu-il%c9%99-bagli-b%c9%99yanat-yayib","status":"publish","type":"post","link":"https:\/\/arantv.az\/?p=425982","title":{"rendered":"T\u00fcrkiy\u0259 X\u0130N Az\u0259rbaycanla diplomatik m\u00fcnasib\u0259tl\u0259rin 30-cu ild\u00f6n\u00fcm\u00fc il\u0259 ba\u011fl\u0131 b\u0259yanat yay\u0131b"},"content":{"rendered":"<p>T\u00fcrkiy\u0259 Xarici \u0130\u015fl\u0259r Nazirliyi (X\u0130N) Az\u0259rbaycanla diplomatik m\u00fcnasib\u0259tl\u0259rin yenid\u0259n t\u0259sis edilm\u0259sinin 30-cu ild\u00f6n\u00fcm\u00fc m\u00fcnasib\u0259til\u0259 b\u0259yanat yay\u0131b.<\/p>\n<p><strong>ARANTV.AZ x\u0259b\u0259r verir ki,<\/strong>\u00a0b\u0259yanatda bildirilib ki, T\u00fcrkiy\u0259 bu g\u00fcn, dost v\u0259 qarda\u015f Az\u0259rbaycanla diplomatik m\u00fcnasib\u0259tl\u0259rin yenid\u0259n t\u0259sis edilm\u0259sinin 30-cu ild\u00f6n\u00fcm\u00fcn\u00fc qeyd edir.<\/p>\n<p>Qeyd olunub ki, T\u00fcrkiy\u0259 vaxt itirm\u0259d\u0259n Az\u0259rbaycan Respublikas\u0131n\u0131 r\u0259sm\u0259n tan\u0131y\u0131b v\u0259 T\u00fcrkiy\u0259 C\u00fcmhuriyy\u0259ti il\u0259 Az\u0259rbaycan Respublikas\u0131 Aras\u0131nda Yenid\u0259n Diplomatik \u018flaq\u0259l\u0259r T\u0259sisi Haqq\u0131ndak\u0131 Protokolun imzalanmas\u0131 il\u0259 iki \u00f6lk\u0259 aras\u0131ndak\u0131 diplomatik m\u00fcnasib\u0259tl\u0259r ba\u015flad\u0131l\u0131b: \u201cM\u00fcst\u0259qilliyini elan etm\u0259sind\u0259n sonra Az\u0259rbaycanla diplomatik m\u00fcnasib\u0259t quran ilk \u00f6lk\u0259 T\u00fcrkiy\u0259 olub.<\/p>\n<p>Aradan ke\u00e7\u0259n 30 il boyunca T\u00fcrkiy\u0259, yax\u015f\u0131 g\u00fcnd\u0259 d\u0259, pis g\u00fcnd\u0259 d\u0259 dost v\u0259 qarda\u015f\u0131 Az\u0259rbaycan\u0131n yan\u0131nda olub, bunu q\u0259hr\u0259man Az\u0259rbaycan Ordusunun 44 g\u00fcnl\u00fck V\u0259t\u0259n M\u00fcharib\u0259si il\u0259 torpaqlar\u0131n\u0131 i\u015f\u011faldan azad etm\u0259si n\u0259tic\u0259sind\u0259 ke\u00e7irdiyi b\u00f6y\u00fck sevinc hissi il\u0259 bir daha g\u00f6st\u0259rib.<\/p>\n<p>15 iyun 2021-ci il tarixind\u0259 imzalanan \u201c\u015eu\u015fa B\u0259yannam\u0259si\u201d il\u0259 m\u00fctt\u0259fiqlik s\u0259viyy\u0259sin\u0259 qalxan \u0259laq\u0259l\u0259rimizi formala\u015fd\u0131ra bu irad\u0259, bundan sonra da davam ed\u0259c\u0259k.<\/p>\n<p>C\u00fcmhuriyy\u0259timizin qurucusu Qazi Mustafa Kamal Atat\u00fcrk\u00fcn, \u201cAz\u0259rbaycan\u0131n sevinci bizim sevincimiz, k\u0259d\u0259ri bizim k\u0259d\u0259rimiz\u201d ifad\u0259sin\u0259 v\u0259 \u00dcmummilli Lider Heyd\u0259r \u018fliyevin dil\u0259 g\u0259tirdiyi \u201cT\u0259k mill\u0259t, iki d\u00f6vl\u0259t\u201d \u015f\u00fcar\u0131na yara\u015fan yana\u015fma da budur.<\/p>\n<p>Bu g\u00fcn 30 il \u0259vv\u0259l\u0259 g\u00f6r\u0259 \u00e7ox daha g\u00fccl\u00fc bir T\u00fcrkiy\u0259 il\u0259 \u00e7ox daha g\u00fccl\u00fc bir Az\u0259rbaycan var, iki \u00f6lk\u0259nin qarda\u015fl\u0131\u011f\u0131 v\u0259 s\u0131x \u0259m\u0259kda\u015fl\u0131\u011f\u0131, ortaq b\u00f6lg\u0259l\u0259rd\u0259 s\u00fclh v\u0259 sabitliyin d\u0259 b\u00f6y\u00fck bir qarantiyas\u0131 hal\u0131na g\u0259lib.<\/p>\n<p>Az\u0259rbaycanla diplomatik m\u00fcnasib\u0259tl\u0259rimizin yenid\u0259n t\u0259sis edilm\u0259sinin 30-cu ild\u00f6n\u00fcm\u00fcn\u00fc qeyd ed\u0259rk\u0259n, g\u0259l\u0259c\u0259y\u0259 \u0259minlikl\u0259 bax\u0131r, ortaq rifah v\u0259 inki\u015faf yolunda birlikd\u0259 \u00e7al\u0131\u015fma irad\u0259mizi t\u0259sdiq edirik\u201d.<\/p>\n","protected":false},"excerpt":{"rendered":"<p>T\u00fcrkiy\u0259 Xarici \u0130\u015fl\u0259r Nazirliyi (X\u0130N) Az\u0259rbaycanla diplomatik m\u00fcnasib\u0259tl\u0259rin yenid\u0259n t\u0259sis edilm\u0259sinin 30-cu ild\u00f6n\u00fcm\u00fc m\u00fcnasib\u0259til\u0259 b\u0259yanat yay\u0131b. ARANTV.AZ x\u0259b\u0259r verir ki,\u00a0b\u0259yanatda bildirilib ki, T\u00fcrkiy\u0259 bu g\u00fcn, dost v\u0259 qarda\u015f Az\u0259rbaycanla diplomatik m\u00fcnasib\u0259tl\u0259rin yenid\u0259n t\u0259sis edilm\u0259sinin 30-cu ild\u00f6n\u00fcm\u00fcn\u00fc qeyd edir. Qeyd olunub ki, T\u00fcrkiy\u0259 vaxt itirm\u0259d\u0259n Az\u0259rbaycan Respublikas\u0131n\u0131 r\u0259sm\u0259n tan\u0131y\u0131b v\u0259 T\u00fcrkiy\u0259 C\u00fcmhuriyy\u0259ti il\u0259 Az\u0259rbaycan Respublikas\u0131 Aras\u0131nda Yenid\u0259n Diplomatik \u018flaq\u0259l\u0259r T\u0259sisi Haqq\u0131ndak\u0131 Protokolun imzalanmas\u0131 il\u0259 iki \u00f6lk\u0259 aras\u0131ndak\u0131 diplomatik m\u00fcnasib\u0259tl\u0259r ba\u015flad\u0131l\u0131b: \u201cM\u00fcst\u0259qilliyini elan etm\u0259sind\u0259n sonra Az\u0259rbaycanla diplomatik m\u00fcnasib\u0259t quran ilk \u00f6lk\u0259 T\u00fcrkiy\u0259 olub. Aradan ke\u00e7\u0259n 30 il boyunca T\u00fcrkiy\u0259, yax\u015f\u0131 g\u00fcnd\u0259 d\u0259,&hellip;<\/p>\n","protected":false},"author":2,"featured_media":425983,"comment_status":"closed","ping_status":"closed","sticky":false,"template":"","format":"standard","meta":{"om_disable_all_campaigns":false,"_monsterinsights_skip_tracking":false,"_monsterinsights_sitenote_active":false,"_monsterinsights_sitenote_note":"","_monsterinsights_sitenote_category":0},"categories":[4],"tags":[],"aioseo_notices":[],"gutentor_comment":0,"rttpg_featured_image_url":{"full":["https:\/\/arantv.az\/wp-content\/uploads\/2022\/01\/6a7dc081161303490659585856010494044.jpg",975,540,false],"landscape":["https:\/\/arantv.az\/wp-content\/uploads\/2022\/01\/6a7dc081161303490659585856010494044.jpg",975,540,false],"portraits":["https:\/\/arantv.az\/wp-content\/uploads\/2022\/01\/6a7dc081161303490659585856010494044.jpg",975,540,false],"thumbnail":["https:\/\/arantv.az\/wp-content\/uploads\/2022\/01\/6a7dc081161303490659585856010494044-500x280.jpg",500,280,true],"medium":["https:\/\/arantv.az\/wp-content\/uploads\/2022\/01\/6a7dc081161303490659585856010494044-660x365.jpg",660,365,true],"large":["https:\/\/arantv.az\/wp-content\/uploads\/2022\/01\/6a7dc081161303490659585856010494044-840x465.jpg",640,354,true],"1536x1536":["https:\/\/arantv.az\/wp-content\/uploads\/2022\/01\/6a7dc081161303490659585856010494044.jpg",975,540,false],"2048x2048":["https:\/\/arantv.az\/wp-content\/uploads\/2022\/01\/6a7dc081161303490659585856010494044.jpg",975,540,false],"post-thumbnail":["https:\/\/arantv.az\/wp-content\/uploads\/2022\/01\/6a7dc081161303490659585856010494044-240x172.jpg",240,172,true],"advps-thumb-one":["https:\/\/arantv.az\/wp-content\/uploads\/2022\/01\/6a7dc081161303490659585856010494044.jpg",975,540,false]},"rttpg_author":{"display_name":"V\u00fcsal Rafiqo\u011flu","author_link":"https:\/\/arantv.az\/?author=2"},"rttpg_comment":0,"rttpg_category":"<a href=\"https:\/\/arantv.az\/?cat=4\" rel=\"category\">Siyas\u0259t<\/a>","rttpg_excerpt":"T\u00fcrkiy\u0259 Xarici \u0130\u015fl\u0259r Nazirliyi (X\u0130N) Az\u0259rbaycanla diplomatik m\u00fcnasib\u0259tl\u0259rin yenid\u0259n t\u0259sis edilm\u0259sinin 30-cu ild\u00f6n\u00fcm\u00fc m\u00fcnasib\u0259til\u0259 b\u0259yanat yay\u0131b. ARANTV.AZ x\u0259b\u0259r verir ki,\u00a0b\u0259yanatda bildirilib ki, T\u00fcrkiy\u0259 bu g\u00fcn, dost v\u0259 qarda\u015f Az\u0259rbaycanla diplomatik m\u00fcnasib\u0259tl\u0259rin yenid\u0259n t\u0259sis edilm\u0259sinin 30-cu ild\u00f6n\u00fcm\u00fcn\u00fc qeyd edir. Qeyd olunub ki, T\u00fcrkiy\u0259 vaxt itirm\u0259d\u0259n Az\u0259rbaycan Respublikas\u0131n\u0131 r\u0259sm\u0259n tan\u0131y\u0131b v\u0259 T\u00fcrkiy\u0259 C\u00fcmhuriyy\u0259ti il\u0259 Az\u0259rbaycan Respublikas\u0131 Aras\u0131nda&hellip;","_links":{"self":[{"href":"https:\/\/arantv.az\/index.php?rest_route=\/wp\/v2\/posts\/425982"}],"collection":[{"href":"https:\/\/arantv.az\/index.php?rest_route=\/wp\/v2\/posts"}],"about":[{"href":"https:\/\/arantv.az\/index.php?rest_route=\/wp\/v2\/types\/post"}],"author":[{"embeddable":true,"href":"https:\/\/arantv.az\/index.php?rest_route=\/wp\/v2\/users\/2"}],"replies":[{"embeddable":true,"href":"https:\/\/arantv.az\/index.php?rest_route=%2Fwp%2Fv2%2Fcomments&post=425982"}],"version-history":[{"count":0,"href":"https:\/\/arantv.az\/index.php?rest_route=\/wp\/v2\/posts\/425982\/revisions"}],"wp:featuredmedia":[{"embeddable":true,"href":"https:\/\/arantv.az\/index.php?rest_route=\/wp\/v2\/media\/425983"}],"wp:attachment":[{"href":"https:\/\/arantv.az\/index.php?rest_route=%2Fwp%2Fv2%2Fmedia&parent=425982"}],"wp:term":[{"taxonomy":"category","embeddable":true,"href":"https:\/\/arantv.az\/index.php?rest_route=%2Fwp%2Fv2%2Fcategories&post=425982"},{"taxonomy":"post_tag","embeddable":true,"href":"https:\/\/arantv.az\/index.php?rest_route=%2Fwp%2Fv2%2Ftags&post=425982"}],"curies":[{"name":"wp","href":"https:\/\/api.w.org\/{rel}","templated":true}]}}