{"id":425985,"date":"2022-01-14T10:18:18","date_gmt":"2022-01-14T07:18:18","guid":{"rendered":"http:\/\/arantv.az\/?p=425985"},"modified":"2022-01-14T10:18:18","modified_gmt":"2022-01-14T07:18:18","slug":"m%c9%99d%c9%99niyy%c9%99timizin-incisi-susa-fotolar","status":"publish","type":"post","link":"https:\/\/arantv.az\/?p=425985","title":{"rendered":"\u201cM\u0259d\u0259niyy\u0259timizin incisi \u015eu\u015fa\u201d &#8211; FOTOLAR"},"content":{"rendered":"<div class=\"content lead font-weight-normal\">\n<p><em><strong>YAP X\u0259tai rayon t\u0259\u015fkilat\u0131n\u0131n v\u0259 2 n\u00f6mr\u0259li\u00a0 U\u015faq-G\u0259ncl\u0259r \u0130nki\u015faf M\u0259rk\u0259zinin birg\u0259 t\u0259\u015fkilat\u00e7\u0131l\u0131\u011f\u0131 il\u0259 bu adda r\u0259sm s\u0259rgisi ke\u00e7irilib<\/strong><\/em><\/p>\n<p>Bu il Qaraba\u011f xan\u0131 P\u0259nah\u0259li xan\u0131n \u015eu\u015fan\u0131n t\u0259m\u0259lini qoymas\u0131ndan 270 il \u00f6t\u00fcr. \u00d6lk\u0259 ba\u015f\u00e7\u0131s\u0131 \u0130lham \u018fliyev bu \u015fanl\u0131 tarix m\u00fcnasib\u0259til\u0259, el\u0259c\u0259 d\u0259 \u015eu\u015fan\u0131n b\u0259rpas\u0131n\u0131 s\u00fcr\u0259tl\u0259ndirm\u0259k m\u0259qs\u0259dil\u0259 cari ili \u201c\u015eu\u015fa \u0130li\u201d elan etdi. T\u0259kc\u0259 Az\u0259rbaycan\u0131n deyil, h\u0259m d\u0259 b\u00fct\u00fcn Qafqaz\u0131n incisi, tac\u0131 olan, m\u0259d\u0259niyy\u0259t paytaxt\u0131m\u0131z adland\u0131r\u0131lan bu qala-\u015f\u0259h\u0259r h\u0259r birimiz \u00fc\u00e7\u00fcn m\u00fcq\u0259dd\u0259s v\u0259 do\u011fma m\u0259kan kimi sevilir. 2022-ci ilin \u00a0\u00a0\u201c\u015eu\u015fa \u0130li\u201d elan edilm\u0259si \u00f6lk\u0259 ictimaiyy\u0259ti t\u0259r\u0259find\u0259n b\u00f6y\u00fck sevinc v\u0259 raz\u0131l\u0131qla qar\u015f\u0131lan\u0131b.<\/p>\n<p>Yanvar\u0131n 13-d\u0259 \u00a0X\u0259tai \u00a0S\u0259n\u0259t M\u0259rk\u0259zind\u0259 Yeni Az\u0259rbaycan Partiyas\u0131 (YAP) X\u0259tai rayon t\u0259\u015fkilat\u0131n\u0131n v\u0259\u00a0 2 n\u00f6mr\u0259li U\u015faq-G\u0259ncl\u0259r \u0130nki\u015faf M\u0259rk\u0259zinin\u00a0 birg\u0259 t\u0259\u015fkilat\u00e7\u0131l\u0131\u011f\u0131 il\u0259 \u201cM\u0259d\u0259niyy\u0259timizin incisi \u015eu\u015fa&#8221;\u00a0adl\u0131 r\u0259sm s\u0259rgisi ke\u00e7irilib.<\/p>\n<p>\u201cG\u0259nc t\u0259rtibat\u00e7\u0131 r\u0259ssamlar\u201d d\u0259rn\u0259yi \u00fczvl\u0259rinin V\u0259t\u0259n m\u00fcharib\u0259si d\u00f6vr\u00fcnd\u0259\u00a0 t\u0259\u015fkil olunmu\u015f\u00a0 s\u0259rgi v\u0259 m\u00fcsabiq\u0259l\u0259rd\u0259\u00a0 f\u0259al i\u015ftirak ed\u0259r\u0259k\u00a0 m\u00fcxt\u0259lif nailiyy\u0259tl\u0259r \u0259ld\u0259 ed\u0259n\u00a0 \u015fagirdl\u0259rinin \u00e7\u0259kdikl\u0259ri\u00a0 r\u0259sml\u0259r\u0259 bax\u0131\u015f\u00a0 ke\u00e7irildikd\u0259n sonra 2 n\u00f6m\u0259r\u0259li\u00a0 U\u015faq-G\u0259ncl\u0259r \u0130nki\u015faf M\u0259rk\u0259zinin direktoru, YAP X\u0259tai rayon t\u0259\u015fkilat\u0131n\u0131n Xudu M\u0259mm\u0259dov 37 \u00fcnvan\u0131nda yerl\u0259\u015f\u0259n \u0259razi partiya t\u0259\u015fkilat\u0131n\u0131n s\u0259dri\u00a0<strong>\u018fmin\u0259 Musayeva<\/strong>\u00a0d\u00f6vl\u0259t ba\u015f\u00e7\u0131s\u0131 \u0130lham \u018fliyevin S\u0259r\u0259ncam\u0131 il\u0259\u00a0 \u201c\u015eu\u015fa \u0130li\u201d elan edil\u0259n \u00a02022-ci il \u00e7\u0259r\u00e7iv\u0259sind\u0259 ke\u00e7iril\u0259c\u0259k t\u0259dbirl\u0259rin, r\u0259sm s\u0259rgil\u0259rinin Qaraba\u011f\u0131n tac\u0131n\u0131n t\u0259qdimat\u0131na \u00a0b\u00f6y\u00fck t\u00f6hf\u0259 olaca\u011f\u0131n\u0131 bildirib. Diqq\u0259t\u0259 \u00e7atd\u0131r\u0131l\u0131b ki, \u00a0\u201cg\u0259nc t\u0259rtibat\u00e7\u0131 r\u0259ssamlar\u201d d\u0259rn\u0259yi \u00fczvl\u0259rinin r\u0259ngl\u0259rin \u00a0dili il\u0259 \u015eu\u015fan\u0131n g\u00f6z\u0259lliyini t\u0259r\u0259nn\u00fcm etm\u0259l\u0259ri q\u00fcrurvericidir.\u00a0\u018f.Musayeva \u201cg\u0259nc t\u0259rtibat\u00e7\u0131 r\u0259ssamlar\u201da v\u0259 onlar\u0131n valideynl\u0259rin\u0259 t\u0259\u015f\u0259kk\u00fcrl\u0259rini ifad\u0259 edib.<\/p>\n<p>YAP X\u0259tai rayon t\u0259\u015fkilat\u0131n\u0131n s\u0259dri\u00a0<strong>V\u00fcqar R\u0259himzad\u0259\u00a0<\/strong>s\u0259rgid\u0259 yarad\u0131c\u0131l\u0131q n\u00fcmun\u0259l\u0259ri n\u00fcmayi\u015f etdir\u0259n \u00a0g\u0259nc r\u0259ssamlar\u0131 t\u0259brik edib, onlar\u0131n m\u00fc\u0259lliml\u0259rin\u0259 v\u0259 valideynl\u0259rin\u0259 minn\u0259tdarl\u0131\u011f\u0131n\u0131 \u00e7atd\u0131r\u0131b. \u00a0Bildirib ki, bug\u00fcnk\u00fc t\u0259dbir m\u0259n\u0259vi d\u00fcnyam\u0131z\u0131 daha da z\u0259nginl\u0259\u015fdirdi v\u0259 bu d\u00fcnyam\u0131za \u00a0yeni \u00e7alarlar \u0259lav\u0259 etdi: \u201cD\u00f6vl\u0259t ba\u015f\u00e7\u0131s\u0131 \u0130lham \u018fliyevin S\u0259r\u0259ncam\u0131 il\u0259 2022-ci ilin \u201c\u015eu\u015fa \u0130li\u201d elan edilm\u0259si olduqca q\u00fcrurvericidir.\u00a0 28 il i\u015f\u011fal alt\u0131nda olan, amma h\u0259r da\u015f\u0131, qayas\u0131 il\u0259 tariximizi, milli kimliyimizi, m\u0259nliyimizi qoruyub ya\u015fadan Qaraba\u011f\u0131n tac\u0131 bir ild\u0259n art\u0131qd\u0131r ki, azadd\u0131r. Bu g\u00fcn i\u015f\u011faldan azad edilmi\u015f torpaqlar\u0131m\u0131zda, o c\u00fcml\u0259d\u0259n Az\u0259rbaycan\u0131n m\u0259d\u0259niyy\u0259t paytaxt\u0131 \u015eu\u015fam\u0131zda geni\u015fmiqyasl\u0131 b\u0259rpa v\u0259 quruculuq i\u015fl\u0259ri h\u0259yata ke\u00e7irilir.\u00a0 Qaraba\u011f\u0131n tac\u0131 olan \u015eu\u015fa xalq\u0131m\u0131z \u00fc\u00e7\u00fcn m\u00fcq\u0259dd\u0259s v\u0259 \u0259ziz m\u0259kand\u0131r. \u015eu\u015fa sevgisi h\u0259r bir az\u0259rbaycanl\u0131n\u0131n m\u0259n\u0259vi varl\u0131\u011f\u0131n\u0131n ayr\u0131lmaz par\u00e7as\u0131d\u0131r. \u201c\u015eu\u015fa \u0130li\u201d il\u0259 ba\u011fl\u0131 imzalanan S\u0259r\u0259ncamda da qeyd olundu\u011fu kimi, b\u0259nz\u0259rsiz tarixi g\u00f6rk\u0259mini v\u0259 formala\u015fd\u0131rd\u0131\u011f\u0131 \u00f6z\u00fcn\u0259m\u0259xsus m\u00fchiti h\u0259mi\u015f\u0259 qoruyub saxlayan bu \u015f\u0259h\u0259r yetirdiyi b\u00f6y\u00fck \u015f\u0259xsiyy\u0259tl\u0259ri il\u0259 \u0259d\u0259bi, m\u0259d\u0259ni, elmi v\u0259 ictimai fikir salnam\u0259miz\u0259 parlaq s\u0259hif\u0259l\u0259r yazm\u0131\u015fd\u0131r. Tarixi Z\u0259f\u0259rimizd\u0259n, \u015eu\u015fa qalibyy\u0259tind\u0259n sonra\u00a0 \u015f\u0259h\u0259rd\u0259 infrastrukturun qurulmas\u0131 il\u0259 yana\u015f\u0131, tarix v\u0259 m\u0259d\u0259niyy\u0259t abid\u0259l\u0259rinin b\u0259rpas\u0131na da ba\u015flan\u0131ld\u0131. C\u0131d\u0131r d\u00fcz\u00fcnd\u0259 \u201cXar\u0131b\u00fclb\u00fcl\u201d musiqi festival\u0131n\u0131n v\u0259 Vaqifin m\u00f6ht\u0259\u015f\u0259m m\u0259qb\u0259r\u0259si \u00f6n\u00fcnd\u0259 Vaqif Poeziya G\u00fcnl\u0259rinin t\u0259\u015fkili \u0259n\u0259n\u0259sinin b\u0259rpas\u0131 da g\u00f6st\u0259rir ki, \u015eu\u015fa s\u00fcr\u0259tl\u0259 dir\u00e7\u0259l\u0259r\u0259k \u0259vv\u0259lki dol\u011fun m\u0259d\u0259ni h\u0259yat\u0131na qovu\u015fmaq yolundad\u0131r. \u015eu\u015fan\u0131n Az\u0259rbaycan xalq\u0131 \u00fc\u00e7\u00fcn tarixi \u0259h\u0259miyy\u0259ti, y\u00fcks\u0259k m\u0259d\u0259ni- m\u0259n\u0259vi d\u0259y\u0259ri n\u0259z\u0259r\u0259 al\u0131naraq\u00a0 2022-ci ilin \u201c\u015eu\u015fa \u0130li\u201d elan edilm\u0259si harada ya\u015famas\u0131ndan as\u0131l\u0131 olmayaraq b\u00fct\u00fcn d\u00fcnya az\u0259rbaycanl\u0131lar\u0131n\u0131 q\u00fcrurland\u0131r\u0131r.\u201d<\/p>\n<p>V\u00fcqar R\u0259himzad\u0259 qeyd edib ki, il \u00e7\u0259r\u00e7iv\u0259sind\u0259 ke\u00e7iril\u0259c\u0259k r\u0259ngar\u0259ng \u00a0t\u0259dbirl\u0259r bir daha\u00a0 \u015eu\u015fan\u0131n tarixinin, tarix\u0259n Az\u0259rbaycan xalq\u0131na m\u0259xsuslu\u011funun d\u00fcnyaya t\u0259qdimat\u0131nda \u0259h\u0259miyy\u0259tli rol oynayacaq.\u00a0YAP X\u0259tai rayon t\u0259\u015fkilat\u0131n\u0131n s\u0259dri \u00a0bel\u0259 t\u0259dbirl\u0259rin\u00a0 \u0259h\u0259miyy\u0259tind\u0259n d\u0259 geni\u015f b\u0259hs ed\u0259r\u0259k bildirib ki, g\u0259nc r\u0259ssamlar\u0131n yaratd\u0131qlar\u0131\u00a0 \u0259s\u0259rl\u0259rin h\u0259r bir \u015eu\u015fan\u0131n g\u00f6z\u0259lliyinin t\u0259qdimat\u0131d\u0131r.<\/p>\n<p>YAP X\u0259tai rayon t\u0259\u015fkilat\u0131n\u0131n s\u0259dri V\u00fcqar R\u0259himzad\u0259\u00a0Xudu M\u0259mm\u0259dov 37 \u00fcnvan\u0131nda\u00a0 yerl\u0259\u015f\u0259n\u00a0 \u0259razi partiya t\u0259\u015fkilat\u0131n\u0131n s\u0259dri, 2 n\u00f6mr\u0259li U\u015faq-G\u0259ncl\u0259r \u0130nki\u015faf M\u0259rk\u0259zinin direktoru \u018fmin\u0259 Musayevaya \u201cM\u0259d\u0259niyy\u0259timizin incisi \u015eu\u015fa\u201d r\u0259sm m\u00fcsabiq\u0259sinin t\u0259\u015fklind\u0259 f\u0259al i\u015ftirak\u0131na g\u00f6r\u0259\u00a0 rayon t\u0259\u015fkilat\u0131n\u0131n F\u0259xri f\u0259rman\u0131n\u0131 t\u0259qdim edib.<\/p>\n<p>\u201cT\u0259b\u0259ss\u00fcm\u201d r\u0259qs qrupu \u201cQaraba\u011f\u0131m\u201d v\u0259 \u201cSar\u0131 g\u0259lin\u201d r\u0259qsl\u0259rini, Vokal qrupu is\u0259 \u201cM\u0259n f\u0259xr edir\u0259m ki, az\u0259rbaycanl\u0131yam\u201d mahn\u0131s\u0131n\u0131 ifa edibl\u0259r.<\/p>\n<p>Sonda \u201cg\u0259nc t\u0259rtibat\u00e7\u0131 r\u0259ssamlar\u201d d\u0259rn\u0259yinin \u00fczvl\u0259ri V\u0259t\u0259n m\u00fcharib\u0259si d\u00f6vr\u00fcnd\u0259 t\u0259\u015fkil olunmu\u015f s\u0259rgi v\u0259 m\u00fcsabiq\u0259l\u0259rd\u0259 f\u0259al i\u015ftirak etdikl\u0259rin\u0259 g\u00f6r\u0259 diplom v\u0259 \u201cT\u0259\u015f\u0259kk\u00fcrnam\u0259\u201dl\u0259rl\u0259 m\u00fckafatland\u0131r\u0131l\u0131blar.<\/p>\n<p><strong>Yegan\u0259 \u018fliyeva,<\/strong><\/p>\n<p><strong>G\u00fcnel Eyyubova,<\/strong><\/p>\n<p><strong>V\u00fcsal Cahanov\u00a0<\/strong>(Foto),<em>\u00a0\u201c\u0130ki sahil\u201d<\/em><\/p>\n<div class=\"clearfix\"><\/div>\n<\/div>\n<div class=\"fotorama--hidden\"><\/div>\n<div id=\"galleryList\" class=\"fotorama fotorama1642148214663\" data-nav=\"thumbs\" data-width=\"100%\" data-thumbwidth=\"90\" data-thumbheight=\"60\" data-allowfullscreen=\"true\" data-autoplay=\"3000\" data-ratio=\"1.5\" data-keyboard=\"true\" data-fit=\"contain\">\n<div class=\"fotorama__wrap fotorama__wrap--css3 fotorama__wrap--slide fotorama__wrap--toggle-arrows fotorama__wrap--no-controls\">\n<div class=\"fotorama__stage fotorama__pointer\">\n<div class=\"fotorama__fullscreen-icon\" tabindex=\"0\" role=\"button\"><\/div>\n<div class=\"fotorama__stage__shaft\">\n<div class=\"fotorama__stage__frame fotorama__loaded fotorama__loaded--img\"><img class=\"fotorama__img\" src=\"https:\/\/ikisahil.az\/photo\/0x0_2\/upload\/gallery\/2022\/01\/13\/-6495cf7c164209338384888720310181624.jpg\" \/><\/div>\n<div class=\"fotorama__stage__frame fotorama__loaded fotorama__loaded--img fotorama__active\"><img class=\"fotorama__img\" src=\"https:\/\/ikisahil.az\/photo\/0x0_2\/upload\/gallery\/2022\/01\/13\/-f9fd2624164209338533728936110568170.jpg\" \/><\/div>\n<div class=\"fotorama__stage__frame fotorama__loaded fotorama__loaded--img\"><img class=\"fotorama__img\" src=\"https:\/\/ikisahil.az\/photo\/0x0_2\/upload\/gallery\/2022\/01\/13\/-a4a8a317164209338680581632710084174.jpg\" \/><\/div>\n<\/div>\n<div class=\"fotorama__arr fotorama__arr--prev\" tabindex=\"0\" role=\"button\"><\/div>\n<div class=\"fotorama__arr fotorama__arr--next\" tabindex=\"0\" role=\"button\"><\/div>\n<div class=\"fotorama__video-close\"><\/div>\n<\/div>\n<div class=\"fotorama__nav-wrap\">\n<div class=\"fotorama__nav fotorama__nav--thumbs fotorama__shadows--left fotorama__shadows--right\">\n<div class=\"fotorama__nav__shaft fotorama__grab\">\n<div class=\"fotorama__thumb-border\"><\/div>\n<div class=\"fotorama__nav__frame fotorama__nav__frame--thumb\" tabindex=\"0\" role=\"button\">\n<div class=\"fotorama__thumb fotorama__loaded fotorama__loaded--img\"><img class=\"fotorama__img\" src=\"https:\/\/ikisahil.az\/photo\/150x100_2\/upload\/gallery\/2022\/01\/13\/-e804a3e0164209337924088013311044542.jpg\" \/><\/div>\n<\/div>\n<div class=\"fotorama__nav__frame fotorama__nav__frame--thumb\" tabindex=\"0\" role=\"button\">\n<div class=\"fotorama__thumb fotorama__loaded fotorama__loaded--img\"><img class=\"fotorama__img\" src=\"https:\/\/ikisahil.az\/photo\/150x100_2\/upload\/gallery\/2022\/01\/13\/-bf201d54164209337922845767910021231.jpg\" \/><\/div>\n<\/div>\n<div class=\"fotorama__nav__frame fotorama__nav__frame--thumb\" tabindex=\"0\" role=\"button\">\n<div class=\"fotorama__thumb fotorama__loaded fotorama__loaded--img\"><img class=\"fotorama__img\" src=\"https:\/\/ikisahil.az\/photo\/150x100_2\/upload\/gallery\/2022\/01\/13\/-f0dd4a99164209338141326713510842167.jpg\" \/><\/div>\n<\/div>\n<div class=\"fotorama__nav__frame fotorama__nav__frame--thumb\" tabindex=\"0\" role=\"button\">\n<div class=\"fotorama__thumb fotorama__loaded fotorama__loaded--img\"><img class=\"fotorama__img\" src=\"https:\/\/ikisahil.az\/photo\/150x100_2\/upload\/gallery\/2022\/01\/13\/-6495cf7c164209338384888720310181624.jpg\" \/><\/div>\n<\/div>\n<div class=\"fotorama__nav__frame fotorama__nav__frame--thumb fotorama__active\" tabindex=\"0\" role=\"button\">\n<div class=\"fotorama__thumb fotorama__loaded fotorama__loaded--img\"><img class=\"fotorama__img\" src=\"https:\/\/ikisahil.az\/photo\/150x100_2\/upload\/gallery\/2022\/01\/13\/-f9fd2624164209338533728936110568170.jpg\" \/><\/div>\n<\/div>\n<div class=\"fotorama__nav__frame fotorama__nav__frame--thumb\" tabindex=\"0\" role=\"button\">\n<div class=\"fotorama__thumb fotorama__loaded fotorama__loaded--img\"><img class=\"fotorama__img\" src=\"https:\/\/ikisahil.az\/photo\/150x100_2\/upload\/gallery\/2022\/01\/13\/-a4a8a317164209338680581632710084174.jpg\" \/><\/div>\n<\/div>\n<div class=\"fotorama__nav__frame fotorama__nav__frame--thumb\" tabindex=\"0\" role=\"button\">\n<div class=\"fotorama__thumb fotorama__loaded fotorama__loaded--img\"><img class=\"fotorama__img\" src=\"https:\/\/ikisahil.az\/photo\/150x100_2\/upload\/gallery\/2022\/01\/13\/-465636eb16420933878822649301055821.jpg\" \/><\/div>\n<\/div>\n<div class=\"fotorama__nav__frame fotorama__nav__frame--thumb\" tabindex=\"0\" role=\"button\">\n<div class=\"fotorama__thumb fotorama__loaded fotorama__loaded--img\"><img class=\"fotorama__img\" src=\"https:\/\/ikisahil.az\/photo\/150x100_2\/upload\/gallery\/2022\/01\/13\/-926c11cc164209339063961648110017687.jpg\" \/><\/div>\n<\/div>\n<div class=\"fotorama__nav__frame fotorama__nav__frame--thumb\" tabindex=\"0\" role=\"button\">\n<div class=\"fotorama__thumb\"><\/div>\n<\/div>\n<div class=\"fotorama__nav__frame fotorama__nav__frame--thumb\" tabindex=\"0\" role=\"button\">\n<div class=\"fotorama__thumb\"><\/div>\n<\/div>\n<div class=\"fotorama__nav__frame fotorama__nav__frame--thumb\" tabindex=\"0\" role=\"button\">\n<div class=\"fotorama__thumb\"><\/div>\n<\/div>\n<div class=\"fotorama__nav__frame fotorama__nav__frame--thumb\" tabindex=\"0\" role=\"button\">\n<div class=\"fotorama__thumb\"><\/div>\n<\/div>\n<div class=\"fotorama__nav__frame fotorama__nav__frame--thumb\" tabindex=\"0\" role=\"button\">\n<div class=\"fotorama__thumb\"><\/div>\n<\/div>\n<div class=\"fotorama__nav__frame fotorama__nav__frame--thumb\" tabindex=\"0\" role=\"button\">\n<div class=\"fotorama__thumb\"><\/div>\n<\/div>\n<div class=\"fotorama__nav__frame fotorama__nav__frame--thumb\" tabindex=\"0\" role=\"button\">\n<div class=\"fotorama__thumb\"><\/div>\n<\/div>\n<div class=\"fotorama__nav__frame fotorama__nav__frame--thumb\" tabindex=\"0\" role=\"button\">\n<div class=\"fotorama__thumb\"><\/div>\n<\/div>\n<div class=\"fotorama__nav__frame fotorama__nav__frame--thumb\" tabindex=\"0\" role=\"button\">\n<div class=\"fotorama__thumb\"><\/div>\n<\/div>\n<div class=\"fotorama__nav__frame fotorama__nav__frame--thumb\" tabindex=\"0\" role=\"button\">\n<div class=\"fotorama__thumb\"><\/div>\n<\/div>\n<div class=\"fotorama__nav__frame fotorama__nav__frame--thumb\" tabindex=\"0\" role=\"button\">\n<div class=\"fotorama__thumb\"><\/div>\n<\/div>\n<\/div>\n<\/div>\n<\/div>\n<\/div>\n<\/div>\n<div class=\"sharing my-2 row no-gutters d-print-none\">\n<div class=\"col-md-3\"><\/div>\n<\/div>\n","protected":false},"excerpt":{"rendered":"<p>YAP X\u0259tai rayon t\u0259\u015fkilat\u0131n\u0131n v\u0259 2 n\u00f6mr\u0259li\u00a0 U\u015faq-G\u0259ncl\u0259r \u0130nki\u015faf M\u0259rk\u0259zinin birg\u0259 t\u0259\u015fkilat\u00e7\u0131l\u0131\u011f\u0131 il\u0259 bu adda r\u0259sm s\u0259rgisi ke\u00e7irilib Bu il Qaraba\u011f xan\u0131 P\u0259nah\u0259li xan\u0131n \u015eu\u015fan\u0131n t\u0259m\u0259lini qoymas\u0131ndan 270 il \u00f6t\u00fcr. \u00d6lk\u0259 ba\u015f\u00e7\u0131s\u0131 \u0130lham \u018fliyev bu \u015fanl\u0131 tarix m\u00fcnasib\u0259til\u0259, el\u0259c\u0259 d\u0259 \u015eu\u015fan\u0131n b\u0259rpas\u0131n\u0131 s\u00fcr\u0259tl\u0259ndirm\u0259k m\u0259qs\u0259dil\u0259 cari ili \u201c\u015eu\u015fa \u0130li\u201d elan etdi. T\u0259kc\u0259 Az\u0259rbaycan\u0131n deyil, h\u0259m d\u0259 b\u00fct\u00fcn Qafqaz\u0131n incisi, tac\u0131 olan, m\u0259d\u0259niyy\u0259t paytaxt\u0131m\u0131z adland\u0131r\u0131lan bu qala-\u015f\u0259h\u0259r h\u0259r birimiz \u00fc\u00e7\u00fcn m\u00fcq\u0259dd\u0259s v\u0259 do\u011fma m\u0259kan kimi sevilir. 2022-ci ilin \u00a0\u00a0\u201c\u015eu\u015fa \u0130li\u201d elan edilm\u0259si \u00f6lk\u0259 ictimaiyy\u0259ti t\u0259r\u0259find\u0259n b\u00f6y\u00fck sevinc v\u0259 raz\u0131l\u0131qla qar\u015f\u0131lan\u0131b. Yanvar\u0131n 13-d\u0259&hellip;<\/p>\n","protected":false},"author":2,"featured_media":425986,"comment_status":"closed","ping_status":"closed","sticky":false,"template":"","format":"standard","meta":{"om_disable_all_campaigns":false,"_monsterinsights_skip_tracking":false,"_monsterinsights_sitenote_active":false,"_monsterinsights_sitenote_note":"","_monsterinsights_sitenote_category":0},"categories":[4],"tags":[],"aioseo_notices":[],"gutentor_comment":0,"rttpg_featured_image_url":{"full":["https:\/\/arantv.az\/wp-content\/uploads\/2022\/01\/84f5ddd7164209310715205598710553255.jpg",975,540,false],"landscape":["https:\/\/arantv.az\/wp-content\/uploads\/2022\/01\/84f5ddd7164209310715205598710553255.jpg",975,540,false],"portraits":["https:\/\/arantv.az\/wp-content\/uploads\/2022\/01\/84f5ddd7164209310715205598710553255.jpg",975,540,false],"thumbnail":["https:\/\/arantv.az\/wp-content\/uploads\/2022\/01\/84f5ddd7164209310715205598710553255-500x280.jpg",500,280,true],"medium":["https:\/\/arantv.az\/wp-content\/uploads\/2022\/01\/84f5ddd7164209310715205598710553255-660x365.jpg",660,365,true],"large":["https:\/\/arantv.az\/wp-content\/uploads\/2022\/01\/84f5ddd7164209310715205598710553255-840x465.jpg",640,354,true],"1536x1536":["https:\/\/arantv.az\/wp-content\/uploads\/2022\/01\/84f5ddd7164209310715205598710553255.jpg",975,540,false],"2048x2048":["https:\/\/arantv.az\/wp-content\/uploads\/2022\/01\/84f5ddd7164209310715205598710553255.jpg",975,540,false],"post-thumbnail":["https:\/\/arantv.az\/wp-content\/uploads\/2022\/01\/84f5ddd7164209310715205598710553255-240x172.jpg",240,172,true],"advps-thumb-one":["https:\/\/arantv.az\/wp-content\/uploads\/2022\/01\/84f5ddd7164209310715205598710553255.jpg",975,540,false]},"rttpg_author":{"display_name":"V\u00fcsal Rafiqo\u011flu","author_link":"https:\/\/arantv.az\/?author=2"},"rttpg_comment":0,"rttpg_category":"<a href=\"https:\/\/arantv.az\/?cat=4\" rel=\"category\">Siyas\u0259t<\/a>","rttpg_excerpt":"YAP X\u0259tai rayon t\u0259\u015fkilat\u0131n\u0131n v\u0259 2 n\u00f6mr\u0259li\u00a0 U\u015faq-G\u0259ncl\u0259r \u0130nki\u015faf M\u0259rk\u0259zinin birg\u0259 t\u0259\u015fkilat\u00e7\u0131l\u0131\u011f\u0131 il\u0259 bu adda r\u0259sm s\u0259rgisi ke\u00e7irilib Bu il Qaraba\u011f xan\u0131 P\u0259nah\u0259li xan\u0131n \u015eu\u015fan\u0131n t\u0259m\u0259lini qoymas\u0131ndan 270 il \u00f6t\u00fcr. \u00d6lk\u0259 ba\u015f\u00e7\u0131s\u0131 \u0130lham \u018fliyev bu \u015fanl\u0131 tarix m\u00fcnasib\u0259til\u0259, el\u0259c\u0259 d\u0259 \u015eu\u015fan\u0131n b\u0259rpas\u0131n\u0131 s\u00fcr\u0259tl\u0259ndirm\u0259k m\u0259qs\u0259dil\u0259 cari ili \u201c\u015eu\u015fa \u0130li\u201d elan etdi. T\u0259kc\u0259 Az\u0259rbaycan\u0131n deyil, h\u0259m d\u0259&hellip;","_links":{"self":[{"href":"https:\/\/arantv.az\/index.php?rest_route=\/wp\/v2\/posts\/425985"}],"collection":[{"href":"https:\/\/arantv.az\/index.php?rest_route=\/wp\/v2\/posts"}],"about":[{"href":"https:\/\/arantv.az\/index.php?rest_route=\/wp\/v2\/types\/post"}],"author":[{"embeddable":true,"href":"https:\/\/arantv.az\/index.php?rest_route=\/wp\/v2\/users\/2"}],"replies":[{"embeddable":true,"href":"https:\/\/arantv.az\/index.php?rest_route=%2Fwp%2Fv2%2Fcomments&post=425985"}],"version-history":[{"count":0,"href":"https:\/\/arantv.az\/index.php?rest_route=\/wp\/v2\/posts\/425985\/revisions"}],"wp:featuredmedia":[{"embeddable":true,"href":"https:\/\/arantv.az\/index.php?rest_route=\/wp\/v2\/media\/425986"}],"wp:attachment":[{"href":"https:\/\/arantv.az\/index.php?rest_route=%2Fwp%2Fv2%2Fmedia&parent=425985"}],"wp:term":[{"taxonomy":"category","embeddable":true,"href":"https:\/\/arantv.az\/index.php?rest_route=%2Fwp%2Fv2%2Fcategories&post=425985"},{"taxonomy":"post_tag","embeddable":true,"href":"https:\/\/arantv.az\/index.php?rest_route=%2Fwp%2Fv2%2Ftags&post=425985"}],"curies":[{"name":"wp","href":"https:\/\/api.w.org\/{rel}","templated":true}]}}