{"id":425988,"date":"2022-01-14T10:19:32","date_gmt":"2022-01-14T07:19:32","guid":{"rendered":"http:\/\/arantv.az\/?p=425988"},"modified":"2022-01-14T10:19:32","modified_gmt":"2022-01-14T07:19:32","slug":"%c9%99n-son-soyusl%c9%99ri-soym%c9%99k-ist%c9%99yir%c9%99m-ki-zaur-usagi-vuran-t%c9%99rbiy%c9%99cid%c9%99n-danisdi","status":"publish","type":"post","link":"https:\/\/arantv.az\/?p=425988","title":{"rendered":"&#8220;\u018fn son s\u00f6y\u00fc\u015fl\u0259ri s\u00f6ym\u0259k ist\u0259yir\u0259m ki&#8230;&#8221; &#8211; Zaur u\u015fa\u011f\u0131 vuran &#8220;t\u0259rbiy\u0259\u00e7i&#8221;d\u0259n dan\u0131\u015fd\u0131"},"content":{"rendered":"<p>\u00d6t\u0259n gec\u0259d\u0259n mediada \u0130smay\u0131ll\u0131da f\u0259aliyy\u0259t g\u00f6st\u0259r\u0259n u\u015faq ba\u011f\u00e7as\u0131nda k\u00f6rp\u0259y\u0259 qar\u015f\u0131 t\u0259rbiy\u0259\u00e7i v\u0259 ya m\u00fc\u0259llimin \u015fidd\u0259t g\u00f6st\u0259rdiyini \u00f6z\u00fcnd\u0259 \u0259ks etdir\u0259n g\u00f6r\u00fcnt\u00fcl\u0259r yay\u0131l\u0131b. G\u00f6r\u00fcnt\u00fcl\u0259rd\u0259 qad\u0131n\u0131n k\u00f6rp\u0259nin \u00e7\u00f6r\u0259yi yem\u0259sini israr edir v\u0259 ba\u015f\u0131na sill\u0259 vurur. G\u00f6r\u00fcnt\u00fcl\u0259r h\u0259r k\u0259sd\u0259 \u0259s\u0259b aqressiya hissi yarad\u0131r. M\u0259\u015fhurlar da bu m\u0259s\u0259l\u0259y\u0259 diqq\u0259tsiz yana\u015fmay\u0131b.<\/p>\n<p><strong>ARANTV.AZ<\/strong>\u00a0 <a title=\"xeberler son xeberler 2021\" href=\"https:\/\/big.az\/\" target=\"_blank\" rel=\"noopener\">x\u0259b\u0259r<\/a>\u00a0verir ki, apar\u0131c\u0131 Zaur Bax\u015f\u0259liyev sosial media hesab\u0131nda m\u0259lum hadis\u0259 il\u0259 ba\u011fl\u0131 payla\u015f\u0131m edib:<\/p>\n<div class=\"AdviadNativeVideo\"><\/div>\n<p>&#8220;T\u0259rbiy\u0259siz t\u0259rbiy\u0259\u00e7i. Bel\u0259 insanlar nec\u0259 ba\u011f\u00e7ada t\u0259rbiy\u0259\u00e7i olur?Kim t\u0259yin edir onlar?Hans\u0131 meyarlara g\u00f6r\u0259 t\u0259yin edirl\u0259r.Bunun vidin\u0259 fasonuna bax.\u018fn son s\u00f6y\u00fc\u015fl\u0259ri yazmaq ist\u0259yir\u0259m ki,hirsim soyusun&#8221;.<br \/>\n<img class=\"imgbcode\" src=\"https:\/\/upload.az\/foto\/arxiv\/zaur_51642143424.png\" alt=\"&quot;\u018fn son s\u00f6y\u00fc\u015fl\u0259ri s\u00f6ym\u0259k ist\u0259yir\u0259m ki...&quot; - Zaur u\u015fa\u011f\u0131 vuran &quot;t\u0259rbiy\u0259\u00e7i&quot;d\u0259n dan\u0131\u015fd\u0131\" \/><\/p>\n","protected":false},"excerpt":{"rendered":"<p>\u00d6t\u0259n gec\u0259d\u0259n mediada \u0130smay\u0131ll\u0131da f\u0259aliyy\u0259t g\u00f6st\u0259r\u0259n u\u015faq ba\u011f\u00e7as\u0131nda k\u00f6rp\u0259y\u0259 qar\u015f\u0131 t\u0259rbiy\u0259\u00e7i v\u0259 ya m\u00fc\u0259llimin \u015fidd\u0259t g\u00f6st\u0259rdiyini \u00f6z\u00fcnd\u0259 \u0259ks etdir\u0259n g\u00f6r\u00fcnt\u00fcl\u0259r yay\u0131l\u0131b. G\u00f6r\u00fcnt\u00fcl\u0259rd\u0259 qad\u0131n\u0131n k\u00f6rp\u0259nin \u00e7\u00f6r\u0259yi yem\u0259sini israr edir v\u0259 ba\u015f\u0131na sill\u0259 vurur. G\u00f6r\u00fcnt\u00fcl\u0259r h\u0259r k\u0259sd\u0259 \u0259s\u0259b aqressiya hissi yarad\u0131r. M\u0259\u015fhurlar da bu m\u0259s\u0259l\u0259y\u0259 diqq\u0259tsiz yana\u015fmay\u0131b. ARANTV.AZ\u00a0 x\u0259b\u0259r\u00a0verir ki, apar\u0131c\u0131 Zaur Bax\u015f\u0259liyev sosial media hesab\u0131nda m\u0259lum hadis\u0259 il\u0259 ba\u011fl\u0131 payla\u015f\u0131m edib: &#8220;T\u0259rbiy\u0259siz t\u0259rbiy\u0259\u00e7i. Bel\u0259 insanlar nec\u0259 ba\u011f\u00e7ada t\u0259rbiy\u0259\u00e7i olur?Kim t\u0259yin edir onlar?Hans\u0131 meyarlara g\u00f6r\u0259 t\u0259yin edirl\u0259r.Bunun vidin\u0259 fasonuna bax.\u018fn son s\u00f6y\u00fc\u015fl\u0259ri yazmaq ist\u0259yir\u0259m ki,hirsim soyusun&#8221;.<\/p>\n","protected":false},"author":2,"featured_media":425989,"comment_status":"closed","ping_status":"closed","sticky":false,"template":"","format":"standard","meta":{"om_disable_all_campaigns":false,"_monsterinsights_skip_tracking":false,"_monsterinsights_sitenote_active":false,"_monsterinsights_sitenote_note":"","_monsterinsights_sitenote_category":0},"categories":[1],"tags":[],"aioseo_notices":[],"gutentor_comment":0,"rttpg_featured_image_url":{"full":["https:\/\/arantv.az\/wp-content\/uploads\/2022\/01\/1290981_81642143424.jpg",649,392,false],"landscape":["https:\/\/arantv.az\/wp-content\/uploads\/2022\/01\/1290981_81642143424.jpg",649,392,false],"portraits":["https:\/\/arantv.az\/wp-content\/uploads\/2022\/01\/1290981_81642143424.jpg",649,392,false],"thumbnail":["https:\/\/arantv.az\/wp-content\/uploads\/2022\/01\/1290981_81642143424-500x280.jpg",500,280,true],"medium":["https:\/\/arantv.az\/wp-content\/uploads\/2022\/01\/1290981_81642143424-604x365.jpg",604,365,true],"large":["https:\/\/arantv.az\/wp-content\/uploads\/2022\/01\/1290981_81642143424.jpg",640,387,false],"1536x1536":["https:\/\/arantv.az\/wp-content\/uploads\/2022\/01\/1290981_81642143424.jpg",649,392,false],"2048x2048":["https:\/\/arantv.az\/wp-content\/uploads\/2022\/01\/1290981_81642143424.jpg",649,392,false],"post-thumbnail":["https:\/\/arantv.az\/wp-content\/uploads\/2022\/01\/1290981_81642143424-240x172.jpg",240,172,true],"advps-thumb-one":["https:\/\/arantv.az\/wp-content\/uploads\/2022\/01\/1290981_81642143424.jpg",649,392,false]},"rttpg_author":{"display_name":"V\u00fcsal Rafiqo\u011flu","author_link":"https:\/\/arantv.az\/?author=2"},"rttpg_comment":0,"rttpg_category":"<a href=\"https:\/\/arantv.az\/?cat=1\" rel=\"category\">C\u0259miyy\u0259t<\/a>","rttpg_excerpt":"\u00d6t\u0259n gec\u0259d\u0259n mediada \u0130smay\u0131ll\u0131da f\u0259aliyy\u0259t g\u00f6st\u0259r\u0259n u\u015faq ba\u011f\u00e7as\u0131nda k\u00f6rp\u0259y\u0259 qar\u015f\u0131 t\u0259rbiy\u0259\u00e7i v\u0259 ya m\u00fc\u0259llimin \u015fidd\u0259t g\u00f6st\u0259rdiyini \u00f6z\u00fcnd\u0259 \u0259ks etdir\u0259n g\u00f6r\u00fcnt\u00fcl\u0259r yay\u0131l\u0131b. G\u00f6r\u00fcnt\u00fcl\u0259rd\u0259 qad\u0131n\u0131n k\u00f6rp\u0259nin \u00e7\u00f6r\u0259yi yem\u0259sini israr edir v\u0259 ba\u015f\u0131na sill\u0259 vurur. G\u00f6r\u00fcnt\u00fcl\u0259r h\u0259r k\u0259sd\u0259 \u0259s\u0259b aqressiya hissi yarad\u0131r. M\u0259\u015fhurlar da bu m\u0259s\u0259l\u0259y\u0259 diqq\u0259tsiz yana\u015fmay\u0131b. ARANTV.AZ\u00a0 x\u0259b\u0259r\u00a0verir ki, apar\u0131c\u0131 Zaur Bax\u015f\u0259liyev sosial media hesab\u0131nda m\u0259lum&hellip;","_links":{"self":[{"href":"https:\/\/arantv.az\/index.php?rest_route=\/wp\/v2\/posts\/425988"}],"collection":[{"href":"https:\/\/arantv.az\/index.php?rest_route=\/wp\/v2\/posts"}],"about":[{"href":"https:\/\/arantv.az\/index.php?rest_route=\/wp\/v2\/types\/post"}],"author":[{"embeddable":true,"href":"https:\/\/arantv.az\/index.php?rest_route=\/wp\/v2\/users\/2"}],"replies":[{"embeddable":true,"href":"https:\/\/arantv.az\/index.php?rest_route=%2Fwp%2Fv2%2Fcomments&post=425988"}],"version-history":[{"count":0,"href":"https:\/\/arantv.az\/index.php?rest_route=\/wp\/v2\/posts\/425988\/revisions"}],"wp:featuredmedia":[{"embeddable":true,"href":"https:\/\/arantv.az\/index.php?rest_route=\/wp\/v2\/media\/425989"}],"wp:attachment":[{"href":"https:\/\/arantv.az\/index.php?rest_route=%2Fwp%2Fv2%2Fmedia&parent=425988"}],"wp:term":[{"taxonomy":"category","embeddable":true,"href":"https:\/\/arantv.az\/index.php?rest_route=%2Fwp%2Fv2%2Fcategories&post=425988"},{"taxonomy":"post_tag","embeddable":true,"href":"https:\/\/arantv.az\/index.php?rest_route=%2Fwp%2Fv2%2Ftags&post=425988"}],"curies":[{"name":"wp","href":"https:\/\/api.w.org\/{rel}","templated":true}]}}