{"id":425997,"date":"2022-01-14T10:23:07","date_gmt":"2022-01-14T07:23:07","guid":{"rendered":"http:\/\/arantv.az\/?p=425997"},"modified":"2022-01-14T10:23:07","modified_gmt":"2022-01-14T07:23:07","slug":"qaz-saygaclari-d%c9%99yisdirilir","status":"publish","type":"post","link":"https:\/\/arantv.az\/?p=425997","title":{"rendered":"Qaz say\u011faclar\u0131 d\u0259yi\u015fdirilir"},"content":{"rendered":"<p>&#8220;Az\u0259riqaz&#8221; \u0130stehsalat Birliyinin (\u0130B) Ba\u015f direktoru Ruslan \u018fliyev bildirib ki, b\u00fct\u00fcn d\u00fcnyada smart-kart tipli say\u011faclar art\u0131q istehsalatdan \u00e7\u0131x\u0131r v\u0259 \u0130stehsalat Birliyi d\u0259 art\u0131q bu say\u011faclar\u0131n al\u0131nmas\u0131n\u0131 qism\u0259n dayand\u0131r\u0131b:<\/p>\n<p><strong>ARANTV.AZ<\/strong> bildirir ki, &#8220;Az\u0259riqaz&#8221; n\u00f6vb\u0259ti ild\u0259 60 min\u0259 yax\u0131n bel\u0259 say\u011faclar\u0131n alacaq.<\/p>\n<p>&#8220;Y\u0259qin ki, bu bizim son m\u00fcqavil\u0259miz olar. Art\u0131q Avropada bel\u0259 bu say\u011faclar \u00fcmumiyy\u0259tl\u0259 istehsal olunmur v\u0259 istismardan y\u0131\u011f\u0131\u015fd\u0131r\u0131l\u0131r&#8221;, &#8211; R.\u018fliyev deyib.<\/p>\n","protected":false},"excerpt":{"rendered":"<p>&#8220;Az\u0259riqaz&#8221; \u0130stehsalat Birliyinin (\u0130B) Ba\u015f direktoru Ruslan \u018fliyev bildirib ki, b\u00fct\u00fcn d\u00fcnyada smart-kart tipli say\u011faclar art\u0131q istehsalatdan \u00e7\u0131x\u0131r v\u0259 \u0130stehsalat Birliyi d\u0259 art\u0131q bu say\u011faclar\u0131n al\u0131nmas\u0131n\u0131 qism\u0259n dayand\u0131r\u0131b: ARANTV.AZ bildirir ki, &#8220;Az\u0259riqaz&#8221; n\u00f6vb\u0259ti ild\u0259 60 min\u0259 yax\u0131n bel\u0259 say\u011faclar\u0131n alacaq. &#8220;Y\u0259qin ki, bu bizim son m\u00fcqavil\u0259miz olar. Art\u0131q Avropada bel\u0259 bu say\u011faclar \u00fcmumiyy\u0259tl\u0259 istehsal olunmur v\u0259 istismardan y\u0131\u011f\u0131\u015fd\u0131r\u0131l\u0131r&#8221;, &#8211; R.\u018fliyev deyib.<\/p>\n","protected":false},"author":2,"featured_media":425998,"comment_status":"closed","ping_status":"closed","sticky":false,"template":"","format":"standard","meta":{"om_disable_all_campaigns":false,"_monsterinsights_skip_tracking":false,"_monsterinsights_sitenote_active":false,"_monsterinsights_sitenote_note":"","_monsterinsights_sitenote_category":0},"categories":[19],"tags":[],"aioseo_notices":[],"gutentor_comment":0,"rttpg_featured_image_url":{"full":["https:\/\/arantv.az\/wp-content\/uploads\/2022\/01\/qaz_saygac_38586.jpg",750,499,false],"landscape":["https:\/\/arantv.az\/wp-content\/uploads\/2022\/01\/qaz_saygac_38586.jpg",750,499,false],"portraits":["https:\/\/arantv.az\/wp-content\/uploads\/2022\/01\/qaz_saygac_38586.jpg",750,499,false],"thumbnail":["https:\/\/arantv.az\/wp-content\/uploads\/2022\/01\/qaz_saygac_38586-500x280.jpg",500,280,true],"medium":["https:\/\/arantv.az\/wp-content\/uploads\/2022\/01\/qaz_saygac_38586-549x365.jpg",549,365,true],"large":["https:\/\/arantv.az\/wp-content\/uploads\/2022\/01\/qaz_saygac_38586.jpg",640,426,false],"1536x1536":["https:\/\/arantv.az\/wp-content\/uploads\/2022\/01\/qaz_saygac_38586.jpg",750,499,false],"2048x2048":["https:\/\/arantv.az\/wp-content\/uploads\/2022\/01\/qaz_saygac_38586.jpg",750,499,false],"post-thumbnail":["https:\/\/arantv.az\/wp-content\/uploads\/2022\/01\/qaz_saygac_38586-240x172.jpg",240,172,true],"advps-thumb-one":["https:\/\/arantv.az\/wp-content\/uploads\/2022\/01\/qaz_saygac_38586.jpg",750,499,false]},"rttpg_author":{"display_name":"V\u00fcsal Rafiqo\u011flu","author_link":"https:\/\/arantv.az\/?author=2"},"rttpg_comment":0,"rttpg_category":"<a href=\"https:\/\/arantv.az\/?cat=19\" rel=\"category\">G\u00fcnd\u0259m<\/a>","rttpg_excerpt":"&#8220;Az\u0259riqaz&#8221; \u0130stehsalat Birliyinin (\u0130B) Ba\u015f direktoru Ruslan \u018fliyev bildirib ki, b\u00fct\u00fcn d\u00fcnyada smart-kart tipli say\u011faclar art\u0131q istehsalatdan \u00e7\u0131x\u0131r v\u0259 \u0130stehsalat Birliyi d\u0259 art\u0131q bu say\u011faclar\u0131n al\u0131nmas\u0131n\u0131 qism\u0259n dayand\u0131r\u0131b: ARANTV.AZ bildirir ki, &#8220;Az\u0259riqaz&#8221; n\u00f6vb\u0259ti ild\u0259 60 min\u0259 yax\u0131n bel\u0259 say\u011faclar\u0131n alacaq. &#8220;Y\u0259qin ki, bu bizim son m\u00fcqavil\u0259miz olar. Art\u0131q Avropada bel\u0259 bu say\u011faclar \u00fcmumiyy\u0259tl\u0259 istehsal olunmur&hellip;","_links":{"self":[{"href":"https:\/\/arantv.az\/index.php?rest_route=\/wp\/v2\/posts\/425997"}],"collection":[{"href":"https:\/\/arantv.az\/index.php?rest_route=\/wp\/v2\/posts"}],"about":[{"href":"https:\/\/arantv.az\/index.php?rest_route=\/wp\/v2\/types\/post"}],"author":[{"embeddable":true,"href":"https:\/\/arantv.az\/index.php?rest_route=\/wp\/v2\/users\/2"}],"replies":[{"embeddable":true,"href":"https:\/\/arantv.az\/index.php?rest_route=%2Fwp%2Fv2%2Fcomments&post=425997"}],"version-history":[{"count":0,"href":"https:\/\/arantv.az\/index.php?rest_route=\/wp\/v2\/posts\/425997\/revisions"}],"wp:featuredmedia":[{"embeddable":true,"href":"https:\/\/arantv.az\/index.php?rest_route=\/wp\/v2\/media\/425998"}],"wp:attachment":[{"href":"https:\/\/arantv.az\/index.php?rest_route=%2Fwp%2Fv2%2Fmedia&parent=425997"}],"wp:term":[{"taxonomy":"category","embeddable":true,"href":"https:\/\/arantv.az\/index.php?rest_route=%2Fwp%2Fv2%2Fcategories&post=425997"},{"taxonomy":"post_tag","embeddable":true,"href":"https:\/\/arantv.az\/index.php?rest_route=%2Fwp%2Fv2%2Ftags&post=425997"}],"curies":[{"name":"wp","href":"https:\/\/api.w.org\/{rel}","templated":true}]}}