{"id":426006,"date":"2022-01-14T10:37:04","date_gmt":"2022-01-14T07:37:04","guid":{"rendered":"http:\/\/arantv.az\/?p=426006"},"modified":"2022-01-14T10:37:04","modified_gmt":"2022-01-14T07:37:04","slug":"ir%c9%99van-t%c9%99xribatlara-son-verm%c9%99s%c9%99-az%c9%99rbaycan-erm%c9%99nistanin-d%c9%99rinliyini-bombardman-ed%c9%99c%c9%99k-t%c9%99hlil","status":"publish","type":"post","link":"https:\/\/arantv.az\/?p=426006","title":{"rendered":"\u0130r\u0259van t\u0259xribatlara son verm\u0259s\u0259, Az\u0259rbaycan Erm\u0259nistan\u0131n d\u0259rinliyini bombardman ed\u0259c\u0259k &#8211; T\u018fHL\u0130L"},"content":{"rendered":"<p>Erm\u0259nistan\u00a0\u00f6z t\u0259xribatlar\u0131n\u0131n m\u00fcst\u0259visini \u00fczv\u00fc oldu\u011fu Kollektiv T\u0259hl\u00fck\u0259sizlik M\u00fcqavil\u0259si\u00a0T\u0259\u015fkilat\u0131n\u0131n (KTMT) maraqlar\u0131na calama\u011fa\u00a0c\u0259hdl\u0259r ets\u0259 d\u0259, bu,\u00a0h\u0259d\u0259r gedir.<\/p>\n<p>Erm\u0259nistan\u0131n diplomatiyas\u0131nda h\u0259yas\u0131zl\u0131q konsepsiyas\u0131 o q\u0259d\u0259r d\u0259rin k\u00f6k sal\u0131b ki, indi bu k\u00f6k\u00fc qurutmaq v\u0259 ya qaz\u0131y\u0131b yerin\u0259 yeni t\u0259m\u0259l atmaq m\u00fc\u015fk\u00fcl\u0259 \u00e7evrilir.<\/p>\n<div class=\"AdviadNativeVideo\"><\/div>\n<p>Ona g\u00f6r\u0259 d\u0259 bundan sonra da Erm\u0259nistan\u0131n KTMT-nin potensial\u0131n\u0131 \u00f6z xeyrin\u0259 y\u00f6nl\u0259ndirm\u0259k meyill\u0259rini m\u00fc\u015fahid\u0259 ed\u0259c\u0259yik, Az\u0259rbaycan d\u00f6vl\u0259ti bu c\u00fcr hallara o q\u0259d\u0259r al\u0131\u015f\u0131b ki, t\u0259\u0259cc\u00fcbl\u00fc he\u00e7 n\u0259 g\u00f6rm\u00fcr.<\/p>\n<p>H\u0259l\u0259 Qaraba\u011f m\u00fcnaqi\u015f\u0259si periodunda v\u0259 44 g\u00fcnl\u00fck m\u00fcharib\u0259d\u0259 Erm\u0259nistan d\u0259f\u0259l\u0259rl\u0259 KTMT-ni d\u00f6y\u00fc\u015fl\u0259r\u0259 qatmaq \u00fc\u00e7\u00fcn d\u0259rid\u0259n-qab\u0131qdan \u00e7\u0131xd\u0131, \u00f6z \u0259razisind\u0259n Az\u0259rbaycanda dinc \u0259halinin ya\u015fad\u0131\u011f\u0131 \u015f\u0259h\u0259r v\u0259 rayonlar\u0131 raket at\u0259\u015fin\u0259 tutdu ki, Az\u0259rbaycan\u0131 t\u0259xribata \u00e7\u0259ksin.<\/p>\n<p>O d\u00f6vrd\u0259 yaranan diplomatik v\u0259 siyasi h\u0259ssasl\u0131q Az\u0259rbaycan\u0131 strateji s\u0259bir n\u00fcmayi\u015f etdirm\u0259y\u0259 vadar edirdi, amma indi, postm\u00fcharib\u0259 d\u00f6vr\u00fcnd\u0259 situasiya k\u00f6kl\u00fc \u015f\u0259kild\u0259 d\u0259yi\u015fib.<\/p>\n<p>Bu d\u0259f\u0259 Erm\u0259nistan kim\u0259, n\u0259y\u0259 g\u00fcv\u0259nib \u00f6z \u0259razisind\u0259n Az\u0259rbaycan torpaqlar\u0131na raket v\u0259 a\u011f\u0131r artilleriyadan m\u0259rmil\u0259r atma\u011fa \u00e7al\u0131\u015fsa, at\u0259\u015f n\u00f6qt\u0259l\u0259ri m\u0259hv edil\u0259c\u0259k.<\/p>\n<p>Qaraba\u011f konflikti zaman\u0131nda da Az\u0259rbaycan Nax\u00e7\u0131vandan \u0130r\u0259vana tu\u015flanan raketl\u0259r bar\u0259d\u0259 m\u0259lumatlar verirdi, indi is\u0259 bu c\u0259bh\u0259nin s\u0259rh\u0259dl\u0259ri \u0259h\u0259miyy\u0259tli d\u0259r\u0259c\u0259d\u0259 b\u00f6y\u00fcy\u00fcb.<\/p>\n<p>Prezident \u0130lham \u018fliyev noyabr\u0131n 12-d\u0259 yerli televiziya kanallar\u0131na m\u00fcsahib\u0259sind\u0259 deyib:<\/p>\n<p>\u201c\u018fg\u0259r bizim t\u0259hl\u00fck\u0259sizliyimiz\u0259 azac\u0131q da olsa t\u0259hdid g\u00f6rs\u0259k, bu t\u0259hdid harada, Erm\u0259nistan \u0259razisinin hans\u0131 d\u0259rinliyind\u0259 olsa da, biz onu d\u0259rhal, sad\u0259c\u0259, m\u0259hv ed\u0259c\u0259yik. Bunu ham\u0131, ilk n\u00f6vb\u0259d\u0259, Erm\u0259nistan r\u0259hb\u0259rliyi bilm\u0259li v\u0259 ba\u015fa d\u00fc\u015fm\u0259lidir\u201d.<\/p>\n<p>Bu o dem\u0259kdir ki:<\/p>\n<p>1. Nax\u00e7\u0131vanla yana\u015f\u0131, Erm\u0259nistanla s\u0259rh\u0259d t\u0259\u015fkil ed\u0259n dig\u0259r \u0259razil\u0259rimizd\u0259 yerl\u0259\u015fdiril\u0259n \u0259n m\u00fcasir silahlardan, o c\u00fcml\u0259d\u0259n b\u00f6y\u00fck da\u011f\u0131d\u0131c\u0131 g\u00fcc\u0259 malik olan raket kompleksl\u0259rind\u0259n at\u0259\u015f a\u00e7\u0131lacaq,<\/p>\n<p>2. Bu silahlar Erm\u0259nistana el\u0259 bir c\u0259h\u0259nn\u0259m ya\u015fadar ki, onun istiliyind\u0259n tamamil\u0259 \u201c\u0259riy\u0259r\u201d,<\/p>\n<p>3. Bu mesaj Erm\u0259nistan\u0131n \u00f6z \u0259razisind\u0259ki Rusiya h\u0259rbi bazas\u0131na arxay\u0131nla\u015fmas\u0131n\u0131n faydas\u0131z oldu\u011fu m\u0259nas\u0131n\u0131 \u00f6z\u00fcnd\u0259 ehtiva edir.<\/p>\n<p>4. Az\u0259rbaycan\u0131n T\u00fcrkiy\u0259 il\u0259 strateji m\u00fctt\u0259fiqlik \u0259laq\u0259l\u0259ri, Bak\u0131n\u0131n siyasi dan\u0131\u015f\u0131qlarda oldu\u011fu kimi, h\u0259rb meydan\u0131nda da \u0259lini g\u00fccl\u0259ndirir.<\/p>\n<p>M\u00fcasir raket v\u0259 artilleriya kompleksl\u0259ri bir yana, Az\u0259rbaycan ordusunun elit q\u00fcvv\u0259l\u0259rinin \u00f6z\u00fc d\u0259 Erm\u0259nistan \u0259razisin\u0259 s\u0131zma edib onun d\u0259rinliyinin alt\u0131n\u0131-\u00fcst\u00fcn\u0259 \u00e7evirm\u0259k qabiliyy\u0259tind\u0259dir.<\/p>\n<p>Az\u0259rbaycan\u0131n Z\u0259ngilanda, Qubadl\u0131da, K\u0259lb\u0259c\u0259rd\u0259, La\u00e7\u0131nda, Nax\u00e7\u0131vanda postm\u00fcharib\u0259 d\u00f6vr\u00fcnd\u0259 \u0259n strateji n\u00f6qt\u0259l\u0259rd\u0259 m\u00f6hk\u0259ml\u0259nm\u0259si is\u0259 bu i\u015fi daha da asanla\u015fd\u0131rar.<\/p>\n<p>H\u0259l\u0259 \u201cBayraktar\u201d, \u201cHarop\u201d, d\u00f6y\u00fc\u015f helikopterl\u0259ri, q\u0131r\u0131c\u0131 t\u0259yyar\u0259l\u0259rd\u0259n s\u00f6z a\u00e7m\u0131r\u0131q.<\/p>\n<p>\u0130ndi sual olunur: Erm\u0259nistan n\u0259y\u0259 arxay\u0131nd\u0131r? 102-ci bazayam\u0131? KTMT-y\u0259? \u00d6z\u00fcn\u00fcn da\u011f\u0131n\u0131q v\u0259 silah arsenal\u0131 b\u0259rbad olan ordusuna? N\u0259y\u0259 g\u00fcv\u0259nir-g\u00fcv\u0259nsin, bu g\u00fcv\u0259ni sars\u0131dacaq r\u0131\u00e7aqlar Az\u0259rbaycan\u0131n \u0259lind\u0259dir.<\/p>\n","protected":false},"excerpt":{"rendered":"<p>Erm\u0259nistan\u00a0\u00f6z t\u0259xribatlar\u0131n\u0131n m\u00fcst\u0259visini \u00fczv\u00fc oldu\u011fu Kollektiv T\u0259hl\u00fck\u0259sizlik M\u00fcqavil\u0259si\u00a0T\u0259\u015fkilat\u0131n\u0131n (KTMT) maraqlar\u0131na calama\u011fa\u00a0c\u0259hdl\u0259r ets\u0259 d\u0259, bu,\u00a0h\u0259d\u0259r gedir. Erm\u0259nistan\u0131n diplomatiyas\u0131nda h\u0259yas\u0131zl\u0131q konsepsiyas\u0131 o q\u0259d\u0259r d\u0259rin k\u00f6k sal\u0131b ki, indi bu k\u00f6k\u00fc qurutmaq v\u0259 ya qaz\u0131y\u0131b yerin\u0259 yeni t\u0259m\u0259l atmaq m\u00fc\u015fk\u00fcl\u0259 \u00e7evrilir. Ona g\u00f6r\u0259 d\u0259 bundan sonra da Erm\u0259nistan\u0131n KTMT-nin potensial\u0131n\u0131 \u00f6z xeyrin\u0259 y\u00f6nl\u0259ndirm\u0259k meyill\u0259rini m\u00fc\u015fahid\u0259 ed\u0259c\u0259yik, Az\u0259rbaycan d\u00f6vl\u0259ti bu c\u00fcr hallara o q\u0259d\u0259r al\u0131\u015f\u0131b ki, t\u0259\u0259cc\u00fcbl\u00fc he\u00e7 n\u0259 g\u00f6rm\u00fcr. H\u0259l\u0259 Qaraba\u011f m\u00fcnaqi\u015f\u0259si periodunda v\u0259 44 g\u00fcnl\u00fck m\u00fcharib\u0259d\u0259 Erm\u0259nistan d\u0259f\u0259l\u0259rl\u0259 KTMT-ni d\u00f6y\u00fc\u015fl\u0259r\u0259 qatmaq \u00fc\u00e7\u00fcn d\u0259rid\u0259n-qab\u0131qdan \u00e7\u0131xd\u0131, \u00f6z \u0259razisind\u0259n Az\u0259rbaycanda dinc \u0259halinin ya\u015fad\u0131\u011f\u0131 \u015f\u0259h\u0259r v\u0259&hellip;<\/p>\n","protected":false},"author":2,"featured_media":426007,"comment_status":"closed","ping_status":"closed","sticky":false,"template":"","format":"standard","meta":{"om_disable_all_campaigns":false,"_monsterinsights_skip_tracking":false,"_monsterinsights_sitenote_active":false,"_monsterinsights_sitenote_note":"","_monsterinsights_sitenote_category":0},"categories":[4],"tags":[],"aioseo_notices":[],"gutentor_comment":0,"rttpg_featured_image_url":{"full":["https:\/\/arantv.az\/wp-content\/uploads\/2022\/01\/0398765.jpg",620,396,false],"landscape":["https:\/\/arantv.az\/wp-content\/uploads\/2022\/01\/0398765.jpg",620,396,false],"portraits":["https:\/\/arantv.az\/wp-content\/uploads\/2022\/01\/0398765.jpg",620,396,false],"thumbnail":["https:\/\/arantv.az\/wp-content\/uploads\/2022\/01\/0398765-500x280.jpg",500,280,true],"medium":["https:\/\/arantv.az\/wp-content\/uploads\/2022\/01\/0398765-571x365.jpg",571,365,true],"large":["https:\/\/arantv.az\/wp-content\/uploads\/2022\/01\/0398765.jpg",620,396,false],"1536x1536":["https:\/\/arantv.az\/wp-content\/uploads\/2022\/01\/0398765.jpg",620,396,false],"2048x2048":["https:\/\/arantv.az\/wp-content\/uploads\/2022\/01\/0398765.jpg",620,396,false],"post-thumbnail":["https:\/\/arantv.az\/wp-content\/uploads\/2022\/01\/0398765-240x172.jpg",240,172,true],"advps-thumb-one":["https:\/\/arantv.az\/wp-content\/uploads\/2022\/01\/0398765.jpg",620,396,false]},"rttpg_author":{"display_name":"V\u00fcsal Rafiqo\u011flu","author_link":"https:\/\/arantv.az\/?author=2"},"rttpg_comment":0,"rttpg_category":"<a href=\"https:\/\/arantv.az\/?cat=4\" rel=\"category\">Siyas\u0259t<\/a>","rttpg_excerpt":"Erm\u0259nistan\u00a0\u00f6z t\u0259xribatlar\u0131n\u0131n m\u00fcst\u0259visini \u00fczv\u00fc oldu\u011fu Kollektiv T\u0259hl\u00fck\u0259sizlik M\u00fcqavil\u0259si\u00a0T\u0259\u015fkilat\u0131n\u0131n (KTMT) maraqlar\u0131na calama\u011fa\u00a0c\u0259hdl\u0259r ets\u0259 d\u0259, bu,\u00a0h\u0259d\u0259r gedir. Erm\u0259nistan\u0131n diplomatiyas\u0131nda h\u0259yas\u0131zl\u0131q konsepsiyas\u0131 o q\u0259d\u0259r d\u0259rin k\u00f6k sal\u0131b ki, indi bu k\u00f6k\u00fc qurutmaq v\u0259 ya qaz\u0131y\u0131b yerin\u0259 yeni t\u0259m\u0259l atmaq m\u00fc\u015fk\u00fcl\u0259 \u00e7evrilir. Ona g\u00f6r\u0259 d\u0259 bundan sonra da Erm\u0259nistan\u0131n KTMT-nin potensial\u0131n\u0131 \u00f6z xeyrin\u0259 y\u00f6nl\u0259ndirm\u0259k meyill\u0259rini m\u00fc\u015fahid\u0259 ed\u0259c\u0259yik, Az\u0259rbaycan d\u00f6vl\u0259ti&hellip;","_links":{"self":[{"href":"https:\/\/arantv.az\/index.php?rest_route=\/wp\/v2\/posts\/426006"}],"collection":[{"href":"https:\/\/arantv.az\/index.php?rest_route=\/wp\/v2\/posts"}],"about":[{"href":"https:\/\/arantv.az\/index.php?rest_route=\/wp\/v2\/types\/post"}],"author":[{"embeddable":true,"href":"https:\/\/arantv.az\/index.php?rest_route=\/wp\/v2\/users\/2"}],"replies":[{"embeddable":true,"href":"https:\/\/arantv.az\/index.php?rest_route=%2Fwp%2Fv2%2Fcomments&post=426006"}],"version-history":[{"count":0,"href":"https:\/\/arantv.az\/index.php?rest_route=\/wp\/v2\/posts\/426006\/revisions"}],"wp:featuredmedia":[{"embeddable":true,"href":"https:\/\/arantv.az\/index.php?rest_route=\/wp\/v2\/media\/426007"}],"wp:attachment":[{"href":"https:\/\/arantv.az\/index.php?rest_route=%2Fwp%2Fv2%2Fmedia&parent=426006"}],"wp:term":[{"taxonomy":"category","embeddable":true,"href":"https:\/\/arantv.az\/index.php?rest_route=%2Fwp%2Fv2%2Fcategories&post=426006"},{"taxonomy":"post_tag","embeddable":true,"href":"https:\/\/arantv.az\/index.php?rest_route=%2Fwp%2Fv2%2Ftags&post=426006"}],"curies":[{"name":"wp","href":"https:\/\/api.w.org\/{rel}","templated":true}]}}