{"id":426017,"date":"2022-01-14T10:41:24","date_gmt":"2022-01-14T07:41:24","guid":{"rendered":"http:\/\/arantv.az\/?p=426017"},"modified":"2022-01-14T10:41:24","modified_gmt":"2022-01-14T07:41:24","slug":"movlud-cavusoglu-k%c9%99d%c9%99rd%c9%99-v%c9%99-sevincd%c9%99-h%c9%99mis%c9%99-birlikd%c9%99yik","status":"publish","type":"post","link":"https:\/\/arantv.az\/?p=426017","title":{"rendered":"M\u00f6vlud \u00c7avu\u015fo\u011flu: \u201cK\u0259d\u0259rd\u0259 v\u0259 sevincd\u0259 &#8211; h\u0259mi\u015f\u0259 birlikd\u0259yik\u201d"},"content":{"rendered":"<p>T\u00fcrkiy\u0259nin xarici i\u015fl\u0259r naziri M\u00f6vlud \u00c7avu\u015fo\u011flu T\u00fcrkiy\u0259 il\u0259 Az\u0259rbaycan aras\u0131ndak\u0131 diplomatik m\u00fcnasib\u0259tl\u0259rin qurulmas\u0131n\u0131n 30-cu ild\u00f6n\u00fcm\u00fc m\u00fcnasib\u0259til\u0259 x\u00fcsusi payla\u015f\u0131m edib.<\/p>\n<div class=\"AdviadNativeVideo\"><\/div>\n<p>M\u00f6vlud \u00c7avu\u015fo\u011flu Az\u0259rbaycana \u00fcnvanland\u0131\u011f\u0131 t\u0259briki \u00f6z\u00fcn\u00fcn \u015f\u0259xsi \u201cTwitter\u201d s\u0259hif\u0259sind\u0259 yaz\u0131b.<\/p>\n<p>\u201cBu g\u00fcn Can Az\u0259rbaycanla diplomatik m\u00fcnasib\u0259tl\u0259rimizin yenid\u0259n qurulmas\u0131n\u0131n, qarda\u015flar\u0131m\u0131za yenid\u0259n qo\u015fulmam\u0131z\u0131n 30-cu ild\u00f6n\u00fcm\u00fcd\u00fcr. K\u0259d\u0259rd\u0259 v\u0259 sevincd\u0259 &#8211; h\u0259mi\u015f\u0259 birlikd\u0259yik, birlik olma\u011fa davam ed\u0259c\u0259yik. Ya\u015fas\u0131n T\u00fcrkiy\u0259-Az\u0259rbaycan qarda\u015fl\u0131\u011f\u0131! Bir mill\u0259t, iki d\u00f6vl\u0259t\u201d, &#8211; X\u0130N ba\u015f\u00e7\u0131s\u0131 qeyd edib.<\/p>\n<div>\n<div class=\"twitter-tweet twitter-tweet-rendered\"><iframe id=\"twitter-widget-0\" class=\"\" title=\"Twitter Tweet\" src=\"https:\/\/platform.twitter.com\/embed\/Tweet.html?creatorScreenName=oxuaz&amp;dnt=false&amp;embedId=twitter-widget-0&amp;features=eyJ0ZndfZXhwZXJpbWVudHNfY29va2llX2V4cGlyYXRpb24iOnsiYnVja2V0IjoxMjA5NjAwLCJ2ZXJzaW9uIjpudWxsfSwidGZ3X2hvcml6b25fdHdlZXRfZW1iZWRfOTU1NSI6eyJidWNrZXQiOiJodGUiLCJ2ZXJzaW9uIjpudWxsfSwidGZ3X3NwYWNlX2NhcmQiOnsiYnVja2V0Ijoib2ZmIiwidmVyc2lvbiI6bnVsbH19&amp;frame=false&amp;hideCard=false&amp;hideThread=false&amp;id=1481874879636987904&amp;lang=en&amp;origin=https%3A%2F%2Foxu.az%2Fworld%2F563953&amp;sessionId=31a0728b2eeee9209f7224b917fe5ee509c58354&amp;siteScreenName=oxuaz&amp;theme=light&amp;widgetsVersion=86e9194f%3A1641882287124&amp;width=550px\" frameborder=\"0\" scrolling=\"no\" allowfullscreen=\"allowfullscreen\" data-tweet-id=\"1481874879636987904\" data-mce-fragment=\"1\"><\/iframe><\/div>\n<\/div>\n<p>&nbsp;<\/p>\n","protected":false},"excerpt":{"rendered":"<p>T\u00fcrkiy\u0259nin xarici i\u015fl\u0259r naziri M\u00f6vlud \u00c7avu\u015fo\u011flu T\u00fcrkiy\u0259 il\u0259 Az\u0259rbaycan aras\u0131ndak\u0131 diplomatik m\u00fcnasib\u0259tl\u0259rin qurulmas\u0131n\u0131n 30-cu ild\u00f6n\u00fcm\u00fc m\u00fcnasib\u0259til\u0259 x\u00fcsusi payla\u015f\u0131m edib. M\u00f6vlud \u00c7avu\u015fo\u011flu Az\u0259rbaycana \u00fcnvanland\u0131\u011f\u0131 t\u0259briki \u00f6z\u00fcn\u00fcn \u015f\u0259xsi \u201cTwitter\u201d s\u0259hif\u0259sind\u0259 yaz\u0131b. \u201cBu g\u00fcn Can Az\u0259rbaycanla diplomatik m\u00fcnasib\u0259tl\u0259rimizin yenid\u0259n qurulmas\u0131n\u0131n, qarda\u015flar\u0131m\u0131za yenid\u0259n qo\u015fulmam\u0131z\u0131n 30-cu ild\u00f6n\u00fcm\u00fcd\u00fcr. K\u0259d\u0259rd\u0259 v\u0259 sevincd\u0259 &#8211; h\u0259mi\u015f\u0259 birlikd\u0259yik, birlik olma\u011fa davam ed\u0259c\u0259yik. Ya\u015fas\u0131n T\u00fcrkiy\u0259-Az\u0259rbaycan qarda\u015fl\u0131\u011f\u0131! Bir mill\u0259t, iki d\u00f6vl\u0259t\u201d, &#8211; X\u0130N ba\u015f\u00e7\u0131s\u0131 qeyd edib. &nbsp;<\/p>\n","protected":false},"author":2,"featured_media":426018,"comment_status":"closed","ping_status":"closed","sticky":false,"template":"","format":"standard","meta":{"om_disable_all_campaigns":false,"_monsterinsights_skip_tracking":false,"_monsterinsights_sitenote_active":false,"_monsterinsights_sitenote_note":"","_monsterinsights_sitenote_category":0},"categories":[4],"tags":[],"aioseo_notices":[],"gutentor_comment":0,"rttpg_featured_image_url":{"full":["https:\/\/arantv.az\/wp-content\/uploads\/2022\/01\/FotoJet-43.jpg",620,413,false],"landscape":["https:\/\/arantv.az\/wp-content\/uploads\/2022\/01\/FotoJet-43.jpg",620,413,false],"portraits":["https:\/\/arantv.az\/wp-content\/uploads\/2022\/01\/FotoJet-43.jpg",620,413,false],"thumbnail":["https:\/\/arantv.az\/wp-content\/uploads\/2022\/01\/FotoJet-43-500x280.jpg",500,280,true],"medium":["https:\/\/arantv.az\/wp-content\/uploads\/2022\/01\/FotoJet-43-548x365.jpg",548,365,true],"large":["https:\/\/arantv.az\/wp-content\/uploads\/2022\/01\/FotoJet-43.jpg",620,413,false],"1536x1536":["https:\/\/arantv.az\/wp-content\/uploads\/2022\/01\/FotoJet-43.jpg",620,413,false],"2048x2048":["https:\/\/arantv.az\/wp-content\/uploads\/2022\/01\/FotoJet-43.jpg",620,413,false],"post-thumbnail":["https:\/\/arantv.az\/wp-content\/uploads\/2022\/01\/FotoJet-43-240x172.jpg",240,172,true],"advps-thumb-one":["https:\/\/arantv.az\/wp-content\/uploads\/2022\/01\/FotoJet-43.jpg",620,413,false]},"rttpg_author":{"display_name":"V\u00fcsal Rafiqo\u011flu","author_link":"https:\/\/arantv.az\/?author=2"},"rttpg_comment":0,"rttpg_category":"<a href=\"https:\/\/arantv.az\/?cat=4\" rel=\"category\">Siyas\u0259t<\/a>","rttpg_excerpt":"T\u00fcrkiy\u0259nin xarici i\u015fl\u0259r naziri M\u00f6vlud \u00c7avu\u015fo\u011flu T\u00fcrkiy\u0259 il\u0259 Az\u0259rbaycan aras\u0131ndak\u0131 diplomatik m\u00fcnasib\u0259tl\u0259rin qurulmas\u0131n\u0131n 30-cu ild\u00f6n\u00fcm\u00fc m\u00fcnasib\u0259til\u0259 x\u00fcsusi payla\u015f\u0131m edib. M\u00f6vlud \u00c7avu\u015fo\u011flu Az\u0259rbaycana \u00fcnvanland\u0131\u011f\u0131 t\u0259briki \u00f6z\u00fcn\u00fcn \u015f\u0259xsi \u201cTwitter\u201d s\u0259hif\u0259sind\u0259 yaz\u0131b. \u201cBu g\u00fcn Can Az\u0259rbaycanla diplomatik m\u00fcnasib\u0259tl\u0259rimizin yenid\u0259n qurulmas\u0131n\u0131n, qarda\u015flar\u0131m\u0131za yenid\u0259n qo\u015fulmam\u0131z\u0131n 30-cu ild\u00f6n\u00fcm\u00fcd\u00fcr. K\u0259d\u0259rd\u0259 v\u0259 sevincd\u0259 &#8211; h\u0259mi\u015f\u0259 birlikd\u0259yik, birlik olma\u011fa davam ed\u0259c\u0259yik. Ya\u015fas\u0131n T\u00fcrkiy\u0259-Az\u0259rbaycan qarda\u015fl\u0131\u011f\u0131!&hellip;","_links":{"self":[{"href":"https:\/\/arantv.az\/index.php?rest_route=\/wp\/v2\/posts\/426017"}],"collection":[{"href":"https:\/\/arantv.az\/index.php?rest_route=\/wp\/v2\/posts"}],"about":[{"href":"https:\/\/arantv.az\/index.php?rest_route=\/wp\/v2\/types\/post"}],"author":[{"embeddable":true,"href":"https:\/\/arantv.az\/index.php?rest_route=\/wp\/v2\/users\/2"}],"replies":[{"embeddable":true,"href":"https:\/\/arantv.az\/index.php?rest_route=%2Fwp%2Fv2%2Fcomments&post=426017"}],"version-history":[{"count":0,"href":"https:\/\/arantv.az\/index.php?rest_route=\/wp\/v2\/posts\/426017\/revisions"}],"wp:featuredmedia":[{"embeddable":true,"href":"https:\/\/arantv.az\/index.php?rest_route=\/wp\/v2\/media\/426018"}],"wp:attachment":[{"href":"https:\/\/arantv.az\/index.php?rest_route=%2Fwp%2Fv2%2Fmedia&parent=426017"}],"wp:term":[{"taxonomy":"category","embeddable":true,"href":"https:\/\/arantv.az\/index.php?rest_route=%2Fwp%2Fv2%2Fcategories&post=426017"},{"taxonomy":"post_tag","embeddable":true,"href":"https:\/\/arantv.az\/index.php?rest_route=%2Fwp%2Fv2%2Ftags&post=426017"}],"curies":[{"name":"wp","href":"https:\/\/api.w.org\/{rel}","templated":true}]}}