{"id":426024,"date":"2022-01-14T11:00:32","date_gmt":"2022-01-14T08:00:32","guid":{"rendered":"http:\/\/arantv.az\/?p=426024"},"modified":"2022-01-14T11:00:32","modified_gmt":"2022-01-14T08:00:32","slug":"elsad-haciyev-tarix-%c9%99liyev-ozu-il%c9%99-bagli-t%c9%99dbir-gorub-video","status":"publish","type":"post","link":"https:\/\/arantv.az\/?p=426024","title":{"rendered":"El\u015fad Hac\u0131yev: \u201cTarix \u018fliyev \u00f6z\u00fc il\u0259 ba\u011fl\u0131 t\u0259dbir g\u00f6r\u00fcb\u201d &#8211; V\u0130DEO"},"content":{"rendered":"<article class=\"news\">\n<div class=\"news-inner\">\n<p>Daxili \u0130\u015fl\u0259r Nazirliyi (D\u0130N) prod\u00fcser Tarix \u018fliyev (Tolik) canl\u0131 yay\u0131mda m\u00fcdd\u0259td\u0259n art\u0131q h\u0259qiqi h\u0259rbi xidm\u0259t h\u0259rbi qulluq\u00e7ular\u0131 (MAXE) t\u0259hqir etm\u0259si il\u0259 ba\u011fl\u0131 yay\u0131lan m\u0259lumatlara m\u00fcnasib\u0259t bildirib.<\/p>\n<div class=\"AdviadNativeVideo\"><\/div>\n<p>D\u0130N-in M\u0259tbuat Xidm\u0259tinin KI\u0307V v\u0259 ictimaiyy\u0259tl\u0259 \u0259laq\u0259l\u0259r s\u0327o\u0308b\u0259sinin r\u0259isi, polis mayoru Els\u0327ad Hac\u0131yev\u00a0\u201cReport\u201dun sor\u011fusuna cavab olaraq bildirib ki, T.\u018fliyev \u00f6z\u00fc \u00f6z\u00fc il\u0259 ba\u011fl\u0131 t\u0259dbir g\u00f6r\u00fcb.<\/p>\n<p>\u201cSosial \u015f\u0259b\u0259k\u0259 hesablar\u0131nda aralar\u0131nda yaranan m\u00fcbahis\u0259y\u0259 ayd\u0131nl\u0131q g\u0259tirib\u201d, &#8211; dey\u0259 o vur\u011fulay\u0131b.<\/p>\n<p>Qeyd ed\u0259k ki, Tolikin sosial \u015f\u0259b\u0259k\u0259d\u0259 canl\u0131 yay\u0131m zaman\u0131 m\u00fcdd\u0259td\u0259n art\u0131q h\u0259qiqi h\u0259rbi xidm\u0259t h\u0259rbi qulluq\u00e7ular\u0131 t\u0259hqir etm\u0259si il\u0259 ba\u011fl\u0131 videog\u00f6r\u00fcnt\u00fcl\u0259r yay\u0131lm\u0131\u015fd\u0131.<\/p>\n<div><iframe loading=\"lazy\" src=\"https:\/\/player.baku.tv\/embed\/49068\" width=\"560\" height=\"315\" frameborder=\"0\" allowfullscreen=\"allowfullscreen\" data-mce-fragment=\"1\"><\/iframe><\/div>\n<div><iframe loading=\"lazy\" src=\"https:\/\/player.baku.tv\/embed\/49067\" width=\"560\" height=\"315\" frameborder=\"0\" allowfullscreen=\"allowfullscreen\" data-mce-fragment=\"1\"><\/iframe><\/div>\n<\/div>\n<\/article>\n","protected":false},"excerpt":{"rendered":"<p>Daxili \u0130\u015fl\u0259r Nazirliyi (D\u0130N) prod\u00fcser Tarix \u018fliyev (Tolik) canl\u0131 yay\u0131mda m\u00fcdd\u0259td\u0259n art\u0131q h\u0259qiqi h\u0259rbi xidm\u0259t h\u0259rbi qulluq\u00e7ular\u0131 (MAXE) t\u0259hqir etm\u0259si il\u0259 ba\u011fl\u0131 yay\u0131lan m\u0259lumatlara m\u00fcnasib\u0259t bildirib. D\u0130N-in M\u0259tbuat Xidm\u0259tinin KI\u0307V v\u0259 ictimaiyy\u0259tl\u0259 \u0259laq\u0259l\u0259r s\u0327o\u0308b\u0259sinin r\u0259isi, polis mayoru Els\u0327ad Hac\u0131yev\u00a0\u201cReport\u201dun sor\u011fusuna cavab olaraq bildirib ki, T.\u018fliyev \u00f6z\u00fc \u00f6z\u00fc il\u0259 ba\u011fl\u0131 t\u0259dbir g\u00f6r\u00fcb. \u201cSosial \u015f\u0259b\u0259k\u0259 hesablar\u0131nda aralar\u0131nda yaranan m\u00fcbahis\u0259y\u0259 ayd\u0131nl\u0131q g\u0259tirib\u201d, &#8211; dey\u0259 o vur\u011fulay\u0131b. Qeyd ed\u0259k ki, Tolikin sosial \u015f\u0259b\u0259k\u0259d\u0259 canl\u0131 yay\u0131m zaman\u0131 m\u00fcdd\u0259td\u0259n art\u0131q h\u0259qiqi h\u0259rbi xidm\u0259t h\u0259rbi qulluq\u00e7ular\u0131 t\u0259hqir etm\u0259si il\u0259 ba\u011fl\u0131 videog\u00f6r\u00fcnt\u00fcl\u0259r yay\u0131lm\u0131\u015fd\u0131.<\/p>\n","protected":false},"author":2,"featured_media":426025,"comment_status":"closed","ping_status":"closed","sticky":false,"template":"","format":"standard","meta":{"om_disable_all_campaigns":false,"_monsterinsights_skip_tracking":false,"_monsterinsights_sitenote_active":false,"_monsterinsights_sitenote_note":"","_monsterinsights_sitenote_category":0},"categories":[20],"tags":[],"aioseo_notices":[],"gutentor_comment":0,"rttpg_featured_image_url":{"full":["https:\/\/arantv.az\/wp-content\/uploads\/2022\/01\/13f3bb93-2aa4-431e-b938-07f1f08d19ab-1.jpg",620,413,false],"landscape":["https:\/\/arantv.az\/wp-content\/uploads\/2022\/01\/13f3bb93-2aa4-431e-b938-07f1f08d19ab-1.jpg",620,413,false],"portraits":["https:\/\/arantv.az\/wp-content\/uploads\/2022\/01\/13f3bb93-2aa4-431e-b938-07f1f08d19ab-1.jpg",620,413,false],"thumbnail":["https:\/\/arantv.az\/wp-content\/uploads\/2022\/01\/13f3bb93-2aa4-431e-b938-07f1f08d19ab-1-500x280.jpg",500,280,true],"medium":["https:\/\/arantv.az\/wp-content\/uploads\/2022\/01\/13f3bb93-2aa4-431e-b938-07f1f08d19ab-1-548x365.jpg",548,365,true],"large":["https:\/\/arantv.az\/wp-content\/uploads\/2022\/01\/13f3bb93-2aa4-431e-b938-07f1f08d19ab-1.jpg",620,413,false],"1536x1536":["https:\/\/arantv.az\/wp-content\/uploads\/2022\/01\/13f3bb93-2aa4-431e-b938-07f1f08d19ab-1.jpg",620,413,false],"2048x2048":["https:\/\/arantv.az\/wp-content\/uploads\/2022\/01\/13f3bb93-2aa4-431e-b938-07f1f08d19ab-1.jpg",620,413,false],"post-thumbnail":["https:\/\/arantv.az\/wp-content\/uploads\/2022\/01\/13f3bb93-2aa4-431e-b938-07f1f08d19ab-1-240x172.jpg",240,172,true],"advps-thumb-one":["https:\/\/arantv.az\/wp-content\/uploads\/2022\/01\/13f3bb93-2aa4-431e-b938-07f1f08d19ab-1.jpg",620,413,false]},"rttpg_author":{"display_name":"V\u00fcsal Rafiqo\u011flu","author_link":"https:\/\/arantv.az\/?author=2"},"rttpg_comment":0,"rttpg_category":"<a href=\"https:\/\/arantv.az\/?cat=20\" rel=\"category\">\u015eou biznes<\/a>","rttpg_excerpt":"Daxili \u0130\u015fl\u0259r Nazirliyi (D\u0130N) prod\u00fcser Tarix \u018fliyev (Tolik) canl\u0131 yay\u0131mda m\u00fcdd\u0259td\u0259n art\u0131q h\u0259qiqi h\u0259rbi xidm\u0259t h\u0259rbi qulluq\u00e7ular\u0131 (MAXE) t\u0259hqir etm\u0259si il\u0259 ba\u011fl\u0131 yay\u0131lan m\u0259lumatlara m\u00fcnasib\u0259t bildirib. D\u0130N-in M\u0259tbuat Xidm\u0259tinin KI\u0307V v\u0259 ictimaiyy\u0259tl\u0259 \u0259laq\u0259l\u0259r s\u0327o\u0308b\u0259sinin r\u0259isi, polis mayoru Els\u0327ad Hac\u0131yev\u00a0\u201cReport\u201dun sor\u011fusuna cavab olaraq bildirib ki, T.\u018fliyev \u00f6z\u00fc \u00f6z\u00fc il\u0259 ba\u011fl\u0131 t\u0259dbir g\u00f6r\u00fcb. \u201cSosial \u015f\u0259b\u0259k\u0259 hesablar\u0131nda aralar\u0131nda&hellip;","_links":{"self":[{"href":"https:\/\/arantv.az\/index.php?rest_route=\/wp\/v2\/posts\/426024"}],"collection":[{"href":"https:\/\/arantv.az\/index.php?rest_route=\/wp\/v2\/posts"}],"about":[{"href":"https:\/\/arantv.az\/index.php?rest_route=\/wp\/v2\/types\/post"}],"author":[{"embeddable":true,"href":"https:\/\/arantv.az\/index.php?rest_route=\/wp\/v2\/users\/2"}],"replies":[{"embeddable":true,"href":"https:\/\/arantv.az\/index.php?rest_route=%2Fwp%2Fv2%2Fcomments&post=426024"}],"version-history":[{"count":0,"href":"https:\/\/arantv.az\/index.php?rest_route=\/wp\/v2\/posts\/426024\/revisions"}],"wp:featuredmedia":[{"embeddable":true,"href":"https:\/\/arantv.az\/index.php?rest_route=\/wp\/v2\/media\/426025"}],"wp:attachment":[{"href":"https:\/\/arantv.az\/index.php?rest_route=%2Fwp%2Fv2%2Fmedia&parent=426024"}],"wp:term":[{"taxonomy":"category","embeddable":true,"href":"https:\/\/arantv.az\/index.php?rest_route=%2Fwp%2Fv2%2Fcategories&post=426024"},{"taxonomy":"post_tag","embeddable":true,"href":"https:\/\/arantv.az\/index.php?rest_route=%2Fwp%2Fv2%2Ftags&post=426024"}],"curies":[{"name":"wp","href":"https:\/\/api.w.org\/{rel}","templated":true}]}}