{"id":426032,"date":"2022-01-14T11:12:35","date_gmt":"2022-01-14T08:12:35","guid":{"rendered":"http:\/\/arantv.az\/?p=426032"},"modified":"2022-01-14T11:12:35","modified_gmt":"2022-01-14T08:12:35","slug":"dekabrda-susada-dost-m%c9%99rk%c9%99zinin-filiali-acilacaq","status":"publish","type":"post","link":"https:\/\/arantv.az\/?p=426032","title":{"rendered":"Dekabrda \u015eu\u015fada DOST m\u0259rk\u0259zinin filial\u0131 a\u00e7\u0131lacaq"},"content":{"rendered":"<p>\u201cQaraba\u011f proqram\u0131 il\u0259 ba\u011fl\u0131 onu dey\u0259 bil\u0259r\u0259m ki, Z\u0259ngilan\u0131n A\u011fal\u0131 k\u0259ndind\u0259 ilk m\u0259skunla\u015fma h\u0259yata ke\u00e7iril\u0259c\u0259k. Orada x\u00fcsusi a\u011f\u0131ll\u0131 DOST konsepsiyas\u0131n\u0131n h\u0259yata ke\u00e7irilm\u0259i n\u0259z\u0259rd\u0259 tutulub\u201d.<\/p>\n<p><strong>ARANTV.AZ x\u0259b\u0259r verir ki,<\/strong>\u00a0bunu DOST Agentliyinin \u0130dar\u0259 Hey\u0259ti s\u0259drinin m\u00fcavini Seymur Al\u0131yev bildirib.<\/p>\n<p>Onun s\u00f6zl\u0259rin\u0259 g\u00f6r\u0259, Prezidentin bu ili &#8220;\u015eu\u015fa \u0130li&#8221; elan etm\u0259si il\u0259 ba\u011fl\u0131 2022-ci ilin dekabr\u0131nda \u015eu\u015fa DOST filial\u0131n\u0131n a\u00e7\u0131l\u0131\u015f\u0131 n\u0259z\u0259rd\u0259 tutulub.<\/p>\n","protected":false},"excerpt":{"rendered":"<p>\u201cQaraba\u011f proqram\u0131 il\u0259 ba\u011fl\u0131 onu dey\u0259 bil\u0259r\u0259m ki, Z\u0259ngilan\u0131n A\u011fal\u0131 k\u0259ndind\u0259 ilk m\u0259skunla\u015fma h\u0259yata ke\u00e7iril\u0259c\u0259k. Orada x\u00fcsusi a\u011f\u0131ll\u0131 DOST konsepsiyas\u0131n\u0131n h\u0259yata ke\u00e7irilm\u0259i n\u0259z\u0259rd\u0259 tutulub\u201d. ARANTV.AZ x\u0259b\u0259r verir ki,\u00a0bunu DOST Agentliyinin \u0130dar\u0259 Hey\u0259ti s\u0259drinin m\u00fcavini Seymur Al\u0131yev bildirib. Onun s\u00f6zl\u0259rin\u0259 g\u00f6r\u0259, Prezidentin bu ili &#8220;\u015eu\u015fa \u0130li&#8221; elan etm\u0259si il\u0259 ba\u011fl\u0131 2022-ci ilin dekabr\u0131nda \u015eu\u015fa DOST filial\u0131n\u0131n a\u00e7\u0131l\u0131\u015f\u0131 n\u0259z\u0259rd\u0259 tutulub.<\/p>\n","protected":false},"author":2,"featured_media":426033,"comment_status":"closed","ping_status":"closed","sticky":false,"template":"","format":"standard","meta":{"om_disable_all_campaigns":false,"_monsterinsights_skip_tracking":false,"_monsterinsights_sitenote_active":false,"_monsterinsights_sitenote_note":"","_monsterinsights_sitenote_category":0},"categories":[26],"tags":[],"aioseo_notices":[],"gutentor_comment":0,"rttpg_featured_image_url":{"full":["https:\/\/arantv.az\/wp-content\/uploads\/2022\/01\/0b9e57c4164214754975061225610276336.jpg",975,540,false],"landscape":["https:\/\/arantv.az\/wp-content\/uploads\/2022\/01\/0b9e57c4164214754975061225610276336.jpg",975,540,false],"portraits":["https:\/\/arantv.az\/wp-content\/uploads\/2022\/01\/0b9e57c4164214754975061225610276336.jpg",975,540,false],"thumbnail":["https:\/\/arantv.az\/wp-content\/uploads\/2022\/01\/0b9e57c4164214754975061225610276336-500x280.jpg",500,280,true],"medium":["https:\/\/arantv.az\/wp-content\/uploads\/2022\/01\/0b9e57c4164214754975061225610276336-660x365.jpg",660,365,true],"large":["https:\/\/arantv.az\/wp-content\/uploads\/2022\/01\/0b9e57c4164214754975061225610276336-840x465.jpg",640,354,true],"1536x1536":["https:\/\/arantv.az\/wp-content\/uploads\/2022\/01\/0b9e57c4164214754975061225610276336.jpg",975,540,false],"2048x2048":["https:\/\/arantv.az\/wp-content\/uploads\/2022\/01\/0b9e57c4164214754975061225610276336.jpg",975,540,false],"post-thumbnail":["https:\/\/arantv.az\/wp-content\/uploads\/2022\/01\/0b9e57c4164214754975061225610276336-240x172.jpg",240,172,true],"advps-thumb-one":["https:\/\/arantv.az\/wp-content\/uploads\/2022\/01\/0b9e57c4164214754975061225610276336.jpg",975,540,false]},"rttpg_author":{"display_name":"V\u00fcsal Rafiqo\u011flu","author_link":"https:\/\/arantv.az\/?author=2"},"rttpg_comment":0,"rttpg_category":"<a href=\"https:\/\/arantv.az\/?cat=26\" rel=\"category\">Sosial<\/a>","rttpg_excerpt":"\u201cQaraba\u011f proqram\u0131 il\u0259 ba\u011fl\u0131 onu dey\u0259 bil\u0259r\u0259m ki, Z\u0259ngilan\u0131n A\u011fal\u0131 k\u0259ndind\u0259 ilk m\u0259skunla\u015fma h\u0259yata ke\u00e7iril\u0259c\u0259k. Orada x\u00fcsusi a\u011f\u0131ll\u0131 DOST konsepsiyas\u0131n\u0131n h\u0259yata ke\u00e7irilm\u0259i n\u0259z\u0259rd\u0259 tutulub\u201d. ARANTV.AZ x\u0259b\u0259r verir ki,\u00a0bunu DOST Agentliyinin \u0130dar\u0259 Hey\u0259ti s\u0259drinin m\u00fcavini Seymur Al\u0131yev bildirib. Onun s\u00f6zl\u0259rin\u0259 g\u00f6r\u0259, Prezidentin bu ili &#8220;\u015eu\u015fa \u0130li&#8221; elan etm\u0259si il\u0259 ba\u011fl\u0131 2022-ci ilin dekabr\u0131nda \u015eu\u015fa DOST filial\u0131n\u0131n&hellip;","_links":{"self":[{"href":"https:\/\/arantv.az\/index.php?rest_route=\/wp\/v2\/posts\/426032"}],"collection":[{"href":"https:\/\/arantv.az\/index.php?rest_route=\/wp\/v2\/posts"}],"about":[{"href":"https:\/\/arantv.az\/index.php?rest_route=\/wp\/v2\/types\/post"}],"author":[{"embeddable":true,"href":"https:\/\/arantv.az\/index.php?rest_route=\/wp\/v2\/users\/2"}],"replies":[{"embeddable":true,"href":"https:\/\/arantv.az\/index.php?rest_route=%2Fwp%2Fv2%2Fcomments&post=426032"}],"version-history":[{"count":0,"href":"https:\/\/arantv.az\/index.php?rest_route=\/wp\/v2\/posts\/426032\/revisions"}],"wp:featuredmedia":[{"embeddable":true,"href":"https:\/\/arantv.az\/index.php?rest_route=\/wp\/v2\/media\/426033"}],"wp:attachment":[{"href":"https:\/\/arantv.az\/index.php?rest_route=%2Fwp%2Fv2%2Fmedia&parent=426032"}],"wp:term":[{"taxonomy":"category","embeddable":true,"href":"https:\/\/arantv.az\/index.php?rest_route=%2Fwp%2Fv2%2Fcategories&post=426032"},{"taxonomy":"post_tag","embeddable":true,"href":"https:\/\/arantv.az\/index.php?rest_route=%2Fwp%2Fv2%2Ftags&post=426032"}],"curies":[{"name":"wp","href":"https:\/\/api.w.org\/{rel}","templated":true}]}}