{"id":426450,"date":"2022-01-14T22:24:23","date_gmt":"2022-01-14T19:24:23","guid":{"rendered":"http:\/\/arantv.az\/?p=426450"},"modified":"2022-01-14T22:24:23","modified_gmt":"2022-01-14T19:24:23","slug":"b%c9%99rb%c9%99rxana-v%c9%99-goz%c9%99llik-salonlarinda-isl%c9%99y%c9%99nl%c9%99rin-n%c9%99z%c9%99rin%c9%99-6000-manat-c%c9%99rim%c9%99-video","status":"publish","type":"post","link":"https:\/\/arantv.az\/?p=426450","title":{"rendered":"B\u0259rb\u0259rxana v\u0259 g\u00f6z\u0259llik salonlar\u0131nda i\u015fl\u0259y\u0259nl\u0259rin n\u0259z\u0259rin\u0259 &#8211; 6000 manat c\u0259rim\u0259&#8230; &#8211; V\u0130DEO"},"content":{"rendered":"<p>B\u0259rb\u0259rxana v\u0259 g\u00f6z\u0259llik salonlar\u0131na da kassa-aparatlar\u0131 qoyulacaq. M\u0259qs\u0259d k\u00f6lg\u0259 iqtisadiyyat\u0131n\u0131n miqyas\u0131n\u0131 azaltmaq v\u0259 g\u0259lirl\u0259ri leqalla\u015fd\u0131rmaqd\u0131r.<\/p>\n<p>\u0130qtisadiyyat Nazirliyi yan\u0131nda D\u00f6vl\u0259t V\u0259rgi\u00a0<a title=\"xidmetler\" href=\"https:\/\/xidmetler.az\/\" target=\"_blank\" rel=\"noopener\">Xidm\u0259tinin<\/a>\u00a0\u0259m\u0259kda\u015f\u0131 Eldar M\u0259d\u0259tov bildirib ki, bu ilin yanvar\u0131n 1-d\u0259k Vergi M\u0259c\u0259ll\u0259sinin 16.1.8-ci madd\u0259sind\u0259 m\u00fc\u0259yy\u0259nl\u0259\u015fdiril\u0259n istisinalar n\u0259z\u0259r\u0259 al\u0131nmaqla, p\u0259rak\u0259nd\u0259 ticar\u0259t v\u0259 ya ictimai ia\u015f\u0259 f\u0259aliyy\u0259ti \u00fczr\u0259 na\u011fd pul hesabla\u015fmalar\u0131 m\u0259cburi olaraq n\u0259zar\u0259t-kassa aparatlar\u0131 il\u0259 h\u0259yata ke\u00e7irilirdi. Vergi M\u0259c\u0259ll\u0259sin\u0259 edil\u0259n son d\u0259yi\u015fiklikl\u0259rl\u0259 bu siyah\u0131 geni\u015fl\u0259ndirilib.<\/p>\n<p>Eldar M\u0259d\u0259tov deyib ki, qeyd edil\u0259n f\u0259aliyy\u0259t sah\u0259sind\u0259, y\u0259ni b\u0259rb\u0259rxanalar v\u0259 g\u00f6z\u0259llik salonlar\u0131nda da vergi m\u00fcnasib\u0259tl\u0259rind\u0259 \u015f\u0259ffafl\u0131q t\u0259min edil\u0259c\u0259k.<\/p>\n<div class=\"AdviadNativeVideo\"><\/div>\n<p>Qeyd ed\u0259k ki, b\u0259rb\u0259rxanalar v\u0259 g\u00f6z\u0259llik salonunda i\u015fl\u0259y\u0259nl\u0259rin bir \u00e7oxu m\u0259s\u0259l\u0259d\u0259n\u00a0<a title=\"xeberler son xeberler 2021\" href=\"https:\/\/big.az\/\" target=\"_blank\" rel=\"noopener\">x\u0259b\u0259rsiz<\/a>\u00a0olduqlar\u0131n\u0131 deyirl\u0259r.<\/p>\n<p>Qeyd ed\u0259k ki, Vergi M\u0259c\u0259ll\u0259sin\u0259 \u0259sas\u0259n texniki t\u0259l\u0259bl\u0259r\u0259 cavab verm\u0259y\u0259n n\u0259zar\u0259t-kassa aparatlar\u0131ndan istifad\u0259 etm\u0259kl\u0259 \u0259hali il\u0259 pul hesabla\u015fmalar\u0131n\u0131n apar\u0131lmas\u0131nda qaydalar\u0131n pozulmas\u0131na g\u00f6r\u0259 vergi \u00f6d\u0259yicisin\u0259 bel\u0259 hallara birinci d\u0259f\u0259 yol verildikd\u0259 1000 manat, ikinci d\u0259f\u0259 yol verildikd\u0259 3000 manat, \u00fc\u00e7 v\u0259 daha \u00e7ox yol verildikd\u0259 6000 manat m\u0259bl\u0259\u011find\u0259 c\u0259rim\u0259 olunacaqlar.<\/p>\n<p><strong>ARANTV.AZ<\/strong> xezerxeber.az-a istinadla m\u00f6vzu il\u0259 ba\u011fl\u0131 daha \u0259trafl\u0131 videomaterial\u0131 t\u0259qdim edir:<\/p>\n<div class=\"embed-responsive embed-responsive-16by9\"><iframe loading=\"lazy\" id=\"nmqembedid\" class=\"embed-responsive-item\" title=\"video player\" src=\"https:\/\/izle.az\/embed\/SymxNTQyMjUyBQA~\" width=\"600\" height=\"340\" frameborder=\"0\" scrolling=\"no\" allowfullscreen=\"allowfullscreen\" data-mce-fragment=\"1\"><\/iframe><\/div>\n","protected":false},"excerpt":{"rendered":"<p>B\u0259rb\u0259rxana v\u0259 g\u00f6z\u0259llik salonlar\u0131na da kassa-aparatlar\u0131 qoyulacaq. M\u0259qs\u0259d k\u00f6lg\u0259 iqtisadiyyat\u0131n\u0131n miqyas\u0131n\u0131 azaltmaq v\u0259 g\u0259lirl\u0259ri leqalla\u015fd\u0131rmaqd\u0131r. \u0130qtisadiyyat Nazirliyi yan\u0131nda D\u00f6vl\u0259t V\u0259rgi\u00a0Xidm\u0259tinin\u00a0\u0259m\u0259kda\u015f\u0131 Eldar M\u0259d\u0259tov bildirib ki, bu ilin yanvar\u0131n 1-d\u0259k Vergi M\u0259c\u0259ll\u0259sinin 16.1.8-ci madd\u0259sind\u0259 m\u00fc\u0259yy\u0259nl\u0259\u015fdiril\u0259n istisinalar n\u0259z\u0259r\u0259 al\u0131nmaqla, p\u0259rak\u0259nd\u0259 ticar\u0259t v\u0259 ya ictimai ia\u015f\u0259 f\u0259aliyy\u0259ti \u00fczr\u0259 na\u011fd pul hesabla\u015fmalar\u0131 m\u0259cburi olaraq n\u0259zar\u0259t-kassa aparatlar\u0131 il\u0259 h\u0259yata ke\u00e7irilirdi. Vergi M\u0259c\u0259ll\u0259sin\u0259 edil\u0259n son d\u0259yi\u015fiklikl\u0259rl\u0259 bu siyah\u0131 geni\u015fl\u0259ndirilib. Eldar M\u0259d\u0259tov deyib ki, qeyd edil\u0259n f\u0259aliyy\u0259t sah\u0259sind\u0259, y\u0259ni b\u0259rb\u0259rxanalar v\u0259 g\u00f6z\u0259llik salonlar\u0131nda da vergi m\u00fcnasib\u0259tl\u0259rind\u0259 \u015f\u0259ffafl\u0131q t\u0259min edil\u0259c\u0259k. Qeyd ed\u0259k ki, b\u0259rb\u0259rxanalar v\u0259 g\u00f6z\u0259llik salonunda i\u015fl\u0259y\u0259nl\u0259rin bir&hellip;<\/p>\n","protected":false},"author":2,"featured_media":426452,"comment_status":"closed","ping_status":"closed","sticky":false,"template":"","format":"standard","meta":{"om_disable_all_campaigns":false,"_monsterinsights_skip_tracking":false,"_monsterinsights_sitenote_active":false,"_monsterinsights_sitenote_note":"","_monsterinsights_sitenote_category":0},"categories":[26],"tags":[],"aioseo_notices":[],"gutentor_comment":0,"rttpg_featured_image_url":{"full":["https:\/\/arantv.az\/wp-content\/uploads\/2022\/01\/kassa_51642183250-1.jpg",649,487,false],"landscape":["https:\/\/arantv.az\/wp-content\/uploads\/2022\/01\/kassa_51642183250-1.jpg",649,487,false],"portraits":["https:\/\/arantv.az\/wp-content\/uploads\/2022\/01\/kassa_51642183250-1.jpg",649,487,false],"thumbnail":["https:\/\/arantv.az\/wp-content\/uploads\/2022\/01\/kassa_51642183250-1-500x280.jpg",500,280,true],"medium":["https:\/\/arantv.az\/wp-content\/uploads\/2022\/01\/kassa_51642183250-1-486x365.jpg",486,365,true],"large":["https:\/\/arantv.az\/wp-content\/uploads\/2022\/01\/kassa_51642183250-1.jpg",640,480,false],"1536x1536":["https:\/\/arantv.az\/wp-content\/uploads\/2022\/01\/kassa_51642183250-1.jpg",649,487,false],"2048x2048":["https:\/\/arantv.az\/wp-content\/uploads\/2022\/01\/kassa_51642183250-1.jpg",649,487,false],"post-thumbnail":["https:\/\/arantv.az\/wp-content\/uploads\/2022\/01\/kassa_51642183250-1-240x172.jpg",240,172,true],"advps-thumb-one":["https:\/\/arantv.az\/wp-content\/uploads\/2022\/01\/kassa_51642183250-1.jpg",649,487,false]},"rttpg_author":{"display_name":"V\u00fcsal Rafiqo\u011flu","author_link":"https:\/\/arantv.az\/?author=2"},"rttpg_comment":0,"rttpg_category":"<a href=\"https:\/\/arantv.az\/?cat=26\" rel=\"category\">Sosial<\/a>","rttpg_excerpt":"B\u0259rb\u0259rxana v\u0259 g\u00f6z\u0259llik salonlar\u0131na da kassa-aparatlar\u0131 qoyulacaq. M\u0259qs\u0259d k\u00f6lg\u0259 iqtisadiyyat\u0131n\u0131n miqyas\u0131n\u0131 azaltmaq v\u0259 g\u0259lirl\u0259ri leqalla\u015fd\u0131rmaqd\u0131r. \u0130qtisadiyyat Nazirliyi yan\u0131nda D\u00f6vl\u0259t V\u0259rgi\u00a0Xidm\u0259tinin\u00a0\u0259m\u0259kda\u015f\u0131 Eldar M\u0259d\u0259tov bildirib ki, bu ilin yanvar\u0131n 1-d\u0259k Vergi M\u0259c\u0259ll\u0259sinin 16.1.8-ci madd\u0259sind\u0259 m\u00fc\u0259yy\u0259nl\u0259\u015fdiril\u0259n istisinalar n\u0259z\u0259r\u0259 al\u0131nmaqla, p\u0259rak\u0259nd\u0259 ticar\u0259t v\u0259 ya ictimai ia\u015f\u0259 f\u0259aliyy\u0259ti \u00fczr\u0259 na\u011fd pul hesabla\u015fmalar\u0131 m\u0259cburi olaraq n\u0259zar\u0259t-kassa aparatlar\u0131 il\u0259 h\u0259yata ke\u00e7irilirdi. Vergi&hellip;","_links":{"self":[{"href":"https:\/\/arantv.az\/index.php?rest_route=\/wp\/v2\/posts\/426450"}],"collection":[{"href":"https:\/\/arantv.az\/index.php?rest_route=\/wp\/v2\/posts"}],"about":[{"href":"https:\/\/arantv.az\/index.php?rest_route=\/wp\/v2\/types\/post"}],"author":[{"embeddable":true,"href":"https:\/\/arantv.az\/index.php?rest_route=\/wp\/v2\/users\/2"}],"replies":[{"embeddable":true,"href":"https:\/\/arantv.az\/index.php?rest_route=%2Fwp%2Fv2%2Fcomments&post=426450"}],"version-history":[{"count":0,"href":"https:\/\/arantv.az\/index.php?rest_route=\/wp\/v2\/posts\/426450\/revisions"}],"wp:featuredmedia":[{"embeddable":true,"href":"https:\/\/arantv.az\/index.php?rest_route=\/wp\/v2\/media\/426452"}],"wp:attachment":[{"href":"https:\/\/arantv.az\/index.php?rest_route=%2Fwp%2Fv2%2Fmedia&parent=426450"}],"wp:term":[{"taxonomy":"category","embeddable":true,"href":"https:\/\/arantv.az\/index.php?rest_route=%2Fwp%2Fv2%2Fcategories&post=426450"},{"taxonomy":"post_tag","embeddable":true,"href":"https:\/\/arantv.az\/index.php?rest_route=%2Fwp%2Fv2%2Ftags&post=426450"}],"curies":[{"name":"wp","href":"https:\/\/api.w.org\/{rel}","templated":true}]}}