{"id":426462,"date":"2022-01-15T08:13:10","date_gmt":"2022-01-15T05:13:10","guid":{"rendered":"http:\/\/arantv.az\/?p=426462"},"modified":"2022-01-15T08:13:10","modified_gmt":"2022-01-15T05:13:10","slug":"istanbulun-m%c9%99shur-korpusu-az%c9%99rbaycan-bayraginin-r%c9%99ngl%c9%99ri-il%c9%99-isiqlandirilib-foto","status":"publish","type":"post","link":"https:\/\/arantv.az\/?p=426462","title":{"rendered":"\u0130stanbulun m\u0259\u015fhur k\u00f6rp\u00fcs\u00fc Az\u0259rbaycan bayra\u011f\u0131n\u0131n r\u0259ngl\u0259ri il\u0259 i\u015f\u0131qland\u0131r\u0131l\u0131b &#8211; FOTO"},"content":{"rendered":"<p>T\u00fcrkiy\u0259nin \u0130stanbul \u015f\u0259h\u0259rind\u0259 qit\u0259l\u0259ri birl\u0259\u015fdir\u0259n Bo\u011faz k\u00f6rp\u00fcs\u00fc Az\u0259rbaycan bayra\u011f\u0131n\u0131n r\u0259ngl\u0259ri il\u0259 i\u015f\u0131qland\u0131r\u0131l\u0131b.<\/p>\n<p>Az\u0259rbaycanla T\u00fcrkiy\u0259 aras\u0131nda diplomatik \u0259laq\u0259l\u0259rin b\u0259rpas\u0131n\u0131n 30-cu ild\u00f6n\u00fcm\u00fc m\u00fcnasib\u0259til\u0259 i\u015f\u0131qland\u0131r\u0131lan tarixi Fateh Sultan Mehmet k\u00f6rp\u00fcs\u00fc \u0259halinin v\u0259 \u0130stanbulda ya\u015fayan az\u0259rbaycanl\u0131lar\u0131n mara\u011f\u0131n\u0131 c\u0259lb edib.<\/p>\n<p>Qeyd ed\u0259k ki, d\u00fcn\u0259n Az\u0259rbaycanla T\u00fcrkiy\u0259 aras\u0131nda diplomatik \u0259laq\u0259l\u0259rin qurulmas\u0131n\u0131n 30 ili tamam olub.<\/p>\n<p>T\u00fcrkiy\u0259 9 noyabr 1991-ci ild\u0259 Az\u0259rbaycan\u0131n m\u00fcst\u0259qilliyini tan\u0131yan ilk d\u00f6vl\u0259t olub. \u0130ki \u00f6lk\u0259 aras\u0131nda diplomatik m\u00fcnasib\u0259tl\u0259r 14 yanvar 1992-ci ild\u0259 qurulub.<\/p>\n<p>Az\u0259rbaycan\u0131n T\u00fcrkiy\u0259d\u0259 s\u0259firliyi 1992-ci ilin avqustunda a\u00e7\u0131l\u0131b. 1993-c\u00fc ilin yanvar\u0131nda \u0130stanbul \u015f\u0259h\u0259rind\u0259, 12 aprel 2004-c\u00fc il tarixind\u0259 is\u0259 Qars \u015f\u0259h\u0259rind\u0259 Az\u0259rbaycan\u0131n ba\u015f konsulluqlar\u0131 t\u0259sis edilib.<\/p>\n<p>T\u00fcrkiy\u0259nin Bak\u0131da S\u0259firliyi, Nax\u00e7\u0131van v\u0259 G\u0259nc\u0259 \u015f\u0259h\u0259rl\u0259rind\u0259 ba\u015f konsulluqlar\u0131 f\u0259aliyy\u0259t g\u00f6st\u0259rir.<\/p>\n<p>&nbsp;<\/p>\n<div class=\"gallery\">\n<div class=\"gallery-i\"><img src=\"https:\/\/cdn.oxu.az\/uploads\/W1siZiIsIjIwMjIvMDEvMTUvMDEvMDQvMTUvMTgxNmM1YmUtYjQyZS00ODI0LWIyMWUtZTNiMzFkMjU2Yjg4LzYxZTFkZmYzZWViYWU2MWUxZGZmM2VlYmFmMTY0MjE5Mjg4MzYxZTFkZmYzZWViYWI2MWUxZGZmM2VlYmFkLmpwZWciXSxbInAiLCJlbmNvZGUiLCJqcGciLCItcXVhbGl0eSA4MCJdLFsicCIsInRodW1iIiwiNTkweDU5MFx1MDAzZSJdXQ?sha=b906ad35265317ca\" alt=\"\" \/><\/div>\n<\/div>\n","protected":false},"excerpt":{"rendered":"<p>T\u00fcrkiy\u0259nin \u0130stanbul \u015f\u0259h\u0259rind\u0259 qit\u0259l\u0259ri birl\u0259\u015fdir\u0259n Bo\u011faz k\u00f6rp\u00fcs\u00fc Az\u0259rbaycan bayra\u011f\u0131n\u0131n r\u0259ngl\u0259ri il\u0259 i\u015f\u0131qland\u0131r\u0131l\u0131b. Az\u0259rbaycanla T\u00fcrkiy\u0259 aras\u0131nda diplomatik \u0259laq\u0259l\u0259rin b\u0259rpas\u0131n\u0131n 30-cu ild\u00f6n\u00fcm\u00fc m\u00fcnasib\u0259til\u0259 i\u015f\u0131qland\u0131r\u0131lan tarixi Fateh Sultan Mehmet k\u00f6rp\u00fcs\u00fc \u0259halinin v\u0259 \u0130stanbulda ya\u015fayan az\u0259rbaycanl\u0131lar\u0131n mara\u011f\u0131n\u0131 c\u0259lb edib. Qeyd ed\u0259k ki, d\u00fcn\u0259n Az\u0259rbaycanla T\u00fcrkiy\u0259 aras\u0131nda diplomatik \u0259laq\u0259l\u0259rin qurulmas\u0131n\u0131n 30 ili tamam olub. T\u00fcrkiy\u0259 9 noyabr 1991-ci ild\u0259 Az\u0259rbaycan\u0131n m\u00fcst\u0259qilliyini tan\u0131yan ilk d\u00f6vl\u0259t olub. \u0130ki \u00f6lk\u0259 aras\u0131nda diplomatik m\u00fcnasib\u0259tl\u0259r 14 yanvar 1992-ci ild\u0259 qurulub. Az\u0259rbaycan\u0131n T\u00fcrkiy\u0259d\u0259 s\u0259firliyi 1992-ci ilin avqustunda a\u00e7\u0131l\u0131b. 1993-c\u00fc ilin yanvar\u0131nda \u0130stanbul \u015f\u0259h\u0259rind\u0259, 12 aprel 2004-c\u00fc il tarixind\u0259 is\u0259 Qars \u015f\u0259h\u0259rind\u0259&hellip;<\/p>\n","protected":false},"author":2,"featured_media":426463,"comment_status":"closed","ping_status":"closed","sticky":false,"template":"","format":"standard","meta":{"om_disable_all_campaigns":false,"_monsterinsights_skip_tracking":false,"_monsterinsights_sitenote_active":false,"_monsterinsights_sitenote_note":"","_monsterinsights_sitenote_category":0},"categories":[4],"tags":[],"aioseo_notices":[],"gutentor_comment":0,"rttpg_featured_image_url":{"full":["https:\/\/arantv.az\/wp-content\/uploads\/2022\/01\/thumbs_b_c_3793f309d7897d9f447f76b985363f6d.jpg",620,413,false],"landscape":["https:\/\/arantv.az\/wp-content\/uploads\/2022\/01\/thumbs_b_c_3793f309d7897d9f447f76b985363f6d.jpg",620,413,false],"portraits":["https:\/\/arantv.az\/wp-content\/uploads\/2022\/01\/thumbs_b_c_3793f309d7897d9f447f76b985363f6d.jpg",620,413,false],"thumbnail":["https:\/\/arantv.az\/wp-content\/uploads\/2022\/01\/thumbs_b_c_3793f309d7897d9f447f76b985363f6d-500x280.jpg",500,280,true],"medium":["https:\/\/arantv.az\/wp-content\/uploads\/2022\/01\/thumbs_b_c_3793f309d7897d9f447f76b985363f6d-548x365.jpg",548,365,true],"large":["https:\/\/arantv.az\/wp-content\/uploads\/2022\/01\/thumbs_b_c_3793f309d7897d9f447f76b985363f6d.jpg",620,413,false],"1536x1536":["https:\/\/arantv.az\/wp-content\/uploads\/2022\/01\/thumbs_b_c_3793f309d7897d9f447f76b985363f6d.jpg",620,413,false],"2048x2048":["https:\/\/arantv.az\/wp-content\/uploads\/2022\/01\/thumbs_b_c_3793f309d7897d9f447f76b985363f6d.jpg",620,413,false],"post-thumbnail":["https:\/\/arantv.az\/wp-content\/uploads\/2022\/01\/thumbs_b_c_3793f309d7897d9f447f76b985363f6d-240x172.jpg",240,172,true],"advps-thumb-one":["https:\/\/arantv.az\/wp-content\/uploads\/2022\/01\/thumbs_b_c_3793f309d7897d9f447f76b985363f6d.jpg",620,413,false]},"rttpg_author":{"display_name":"V\u00fcsal Rafiqo\u011flu","author_link":"https:\/\/arantv.az\/?author=2"},"rttpg_comment":0,"rttpg_category":"<a href=\"https:\/\/arantv.az\/?cat=4\" rel=\"category\">Siyas\u0259t<\/a>","rttpg_excerpt":"T\u00fcrkiy\u0259nin \u0130stanbul \u015f\u0259h\u0259rind\u0259 qit\u0259l\u0259ri birl\u0259\u015fdir\u0259n Bo\u011faz k\u00f6rp\u00fcs\u00fc Az\u0259rbaycan bayra\u011f\u0131n\u0131n r\u0259ngl\u0259ri il\u0259 i\u015f\u0131qland\u0131r\u0131l\u0131b. Az\u0259rbaycanla T\u00fcrkiy\u0259 aras\u0131nda diplomatik \u0259laq\u0259l\u0259rin b\u0259rpas\u0131n\u0131n 30-cu ild\u00f6n\u00fcm\u00fc m\u00fcnasib\u0259til\u0259 i\u015f\u0131qland\u0131r\u0131lan tarixi Fateh Sultan Mehmet k\u00f6rp\u00fcs\u00fc \u0259halinin v\u0259 \u0130stanbulda ya\u015fayan az\u0259rbaycanl\u0131lar\u0131n mara\u011f\u0131n\u0131 c\u0259lb edib. Qeyd ed\u0259k ki, d\u00fcn\u0259n Az\u0259rbaycanla T\u00fcrkiy\u0259 aras\u0131nda diplomatik \u0259laq\u0259l\u0259rin qurulmas\u0131n\u0131n 30 ili tamam olub. T\u00fcrkiy\u0259 9 noyabr 1991-ci ild\u0259 Az\u0259rbaycan\u0131n&hellip;","_links":{"self":[{"href":"https:\/\/arantv.az\/index.php?rest_route=\/wp\/v2\/posts\/426462"}],"collection":[{"href":"https:\/\/arantv.az\/index.php?rest_route=\/wp\/v2\/posts"}],"about":[{"href":"https:\/\/arantv.az\/index.php?rest_route=\/wp\/v2\/types\/post"}],"author":[{"embeddable":true,"href":"https:\/\/arantv.az\/index.php?rest_route=\/wp\/v2\/users\/2"}],"replies":[{"embeddable":true,"href":"https:\/\/arantv.az\/index.php?rest_route=%2Fwp%2Fv2%2Fcomments&post=426462"}],"version-history":[{"count":0,"href":"https:\/\/arantv.az\/index.php?rest_route=\/wp\/v2\/posts\/426462\/revisions"}],"wp:featuredmedia":[{"embeddable":true,"href":"https:\/\/arantv.az\/index.php?rest_route=\/wp\/v2\/media\/426463"}],"wp:attachment":[{"href":"https:\/\/arantv.az\/index.php?rest_route=%2Fwp%2Fv2%2Fmedia&parent=426462"}],"wp:term":[{"taxonomy":"category","embeddable":true,"href":"https:\/\/arantv.az\/index.php?rest_route=%2Fwp%2Fv2%2Fcategories&post=426462"},{"taxonomy":"post_tag","embeddable":true,"href":"https:\/\/arantv.az\/index.php?rest_route=%2Fwp%2Fv2%2Ftags&post=426462"}],"curies":[{"name":"wp","href":"https:\/\/api.w.org\/{rel}","templated":true}]}}