{"id":426493,"date":"2022-01-15T08:24:47","date_gmt":"2022-01-15T05:24:47","guid":{"rendered":"http:\/\/arantv.az\/?p=426493"},"modified":"2022-01-15T08:24:47","modified_gmt":"2022-01-15T05:24:47","slug":"h%c9%99kiml%c9%99rd%c9%99n-yeni-omikron-x%c9%99b%c9%99rdarliqlari","status":"publish","type":"post","link":"https:\/\/arantv.az\/?p=426493","title":{"rendered":"H\u0259kiml\u0259rd\u0259n yeni \u201cOmikron\u201d x\u0259b\u0259rdarl\u0131qlar\u0131"},"content":{"rendered":"<h3><strong>\u201c\u00c7ox yoluxucudur, amma panikaya da \u0259sas yox&#8230;\u201d<\/strong><\/h3>\n<p><strong>Koronavirusun \u201cOmikron\u201d \u015ftam\u0131 \u00f6lk\u0259mizd\u0259 a\u015fkarland\u0131qdan sonra yoluxma say\u0131 da artma\u011fa ba\u015flay\u0131b. Bel\u0259 ki, yaz\u0131n\u0131 haz\u0131rlad\u0131\u011f\u0131m\u0131z zaman b\u0259lli olan statistik g\u00f6st\u0259ricil\u0259r\u0259 g\u00f6r\u0259 COVID-19 infeksiyas\u0131na 674 yeni yoluxma fakt\u0131 qeyd\u0259 al\u0131n\u0131b 509 n\u0259f\u0259r m\u00fcalic\u0259 olunaraq sa\u011fal\u0131b. Nazirl\u0259r Kabineti yan\u0131nda Operativ Q\u0259rargahdan veril\u0259n m\u0259lumata g\u00f6r\u0259, COVID-19 \u00fc\u00e7\u00fcn g\u00f6t\u00fcr\u00fcl\u0259n analiz n\u00fcmun\u0259l\u0259ri m\u00fcsb\u0259t \u00e7\u0131xm\u0131\u015f 10 n\u0259f\u0259r v\u0259fat edib.<\/strong><\/p>\n<p>\u201cOmikron\u201dun g\u0259li\u015fi il\u0259 ba\u011fl\u0131 \u00f6lk\u0259mizd\u0259 yoluxma say\u0131 n\u0259 q\u0259d\u0259r m\u00fcdd\u0259t sonra 4-r\u0259q\u0259mliy\u0259 \u00e7ata bil\u0259r? Haz\u0131rk\u0131 3-r\u0259q\u0259mli dinamika n\u0259 deyir? \u00dcmumiyy\u0259tl\u0259, yoluxma 4-r\u0259q\u0259mliy\u0259 \u00e7atmaya bil\u0259rmi?\u00a0 \u00dcmumd\u00fcnya S\u0259hiyy\u0259 T\u0259\u015fkilat\u0131 m\u0259lumat yay\u0131b ki, \u201cOmikron\u201d sonuncu \u015ftam olmaya da bil\u0259r. Bundan sonra daha ne\u00e7\u0259 \u015ftamm olacaq?<\/p>\n<p><em>Yeri g\u0259lmi\u015fk\u0259n, S\u0259hiyy\u0259 Nazirliyinin ekspert-m\u00fct\u0259x\u0259ssisi T\u0259yyar Eyvazov \u201cOmikron\u201d \u015ftam\u0131n\u0131n simptomlar\u0131n\u0131 sadalay\u0131b: \u201cYeni \u015ftam\u0131n spesifik simptomlar\u0131 yoxdur. X\u0259st\u0259lik daha \u00e7ox dig\u0259r respirator virus infeksiyalar\u0131n\u0131 xat\u0131rlad\u0131r (\u0259sas\u0259n subfebril h\u0259rar\u0259t, \u00fcmumi z\u0259iflik, \u0259zginlik, ba\u015f a\u011fr\u0131s\u0131, \u0259z\u0259l\u0259 a\u011fr\u0131lar\u0131, b\u0259d\u0259nd\u0259 q\u0131r\u0131lmalar, bo\u011fazda qa\u015f\u0131nma v\u0259 ya a\u011fr\u0131 hissi, quru \u00f6sk\u00fcr\u0259k, burun axmas\u0131 v\u0259 ya t\u0131xanmas\u0131, b\u0259z\u0259n m\u0259d\u0259-ba\u011f\u0131rsaq \u0259lam\u0259tl\u0259ri &#8211; \u00fcr\u0259kbulanma, qusma v\u0259 s). Dad v\u0259 iybilm\u0259nin itirilm\u0259si daha az rast g\u0259linir. \u0130ndi \u201dOmickon&#8221; v\u0259 \u201cDelta\u201d olan x\u0259st\u0259l\u0259ri ay\u0131rd etm\u0259k klinik c\u0259h\u0259td\u0259n dem\u0259k olar ki, m\u00fcmk\u00fcn deyil&#8221;.<\/em><\/p>\n<p><em><img src=\"http:\/\/abc.az\/cdn\/2021\/august\/10\/Teyyar.jpg\" alt=\"T\u0259yyar Eyvazov: Haz\u0131rda yoluxanlar\u0131n b\u00f6y\u00fck \u0259ks\u0259riyy\u0259ti vaksin olunmayan  \u015f\u0259xsl\u0259rdir\" \/><\/em><\/p>\n<p><strong><em>T\u0259yyar Eyvazov\u00a0<\/em><\/strong><\/p>\n<p><strong>Eyvazov \u0259lav\u0259 edib ki, \u201cOmikron\u201d \u015ftamm\u0131 COVID-19-un bir variant\u0131 oldu\u011fu \u00fc\u00e7\u00fcn \u0259n\u0259n\u0259vi PCR burun-udlaq yaxma testl\u0259ri virusu a\u015fkar edir:<\/strong>\u00a0\u201cLakin a\u015fkarlanm\u0131\u015f koronavirusun \u201dOmikron&#8221; \u015ftam\u0131 olmas\u0131n\u0131 daha m\u00fcr\u0259kk\u0259b v\u0259 bahal\u0131 olan sekvenl\u0259\u015fm\u0259 metodu il\u0259 m\u00fc\u0259yy\u0259n olunur. Yay\u0131lan yeni \u015ftamdan qorunmaq \u00fc\u00e7\u00fcn ikinci dozadan v\u0259 yaxud x\u0259st\u0259liy\u0259 yoluxub sa\u011fald\u0131qdan 6 ay sonra g\u00fccl\u0259ndirici (buster) doza il\u0259 peyv\u0259ndl\u0259nm\u0259k vacibdir. Qorunma yollar\u0131 is\u0259 eynidir: maska geym\u0259k, insanlar\u0131n s\u0131x topla\u015fd\u0131\u011f\u0131 m\u0259kanlara getm\u0259m\u0259k, m\u0259saf\u0259 g\u00f6zl\u0259m\u0259k, \u0259l v\u0259 respirator gigiyena qaydalar\u0131na ciddi \u0259m\u0259l etm\u0259k&#8221;.<\/p>\n<p><img src=\"https:\/\/a.radikal.ru\/a23\/2109\/2d\/bf67adf15806.jpg\" alt=\"Az\u0259rbaycanda \u201cMU\u201d \u015ftamm\u0131n\u0131n yay\u0131lma t\u0259hl\u00fck\u0259si\" \/><\/p>\n<p><strong>K\u00f6n\u00fcl \u0130smay\u0131lova<\/strong><\/p>\n<p><strong>S\u0259hiyy\u0259 Nazirliyinin \u0130ctimai S\u0259hiyy\u0259 v\u0259 \u0130slahatlar M\u0259rk\u0259zinin m\u00fct\u0259x\u0259ssisi K\u00f6n\u00fcl \u0130smay\u0131lova m\u00f6vzu il\u0259 ba\u011fl\u0131 bunlar\u0131 \u015f\u0259rh edib:<\/strong>\u00a0\u201cOmikron \u015ftam\u0131ndan \u0259vv\u0259l d\u0259 daha iki mutasiya bar\u0259d\u0259 m\u0259lumatlar vard\u0131, lakin, onlarla ba\u011fl\u0131 \u0259sasl\u0131 m\u0259lumatlar olmad\u0131. \u201dOmikron&#8221; daha s\u00fcr\u0259tl\u0259 yay\u0131ld\u0131, bu da \u00f6z n\u00f6vb\u0259sind\u0259 daha \u00e7ox insan\u0131n x\u0259st\u0259liy\u0259 yoluxmas\u0131 dem\u0259kdir, d\u00fcnya \u0259halisinin\u00a0 narahatl\u0131\u011f\u0131na s\u0259b\u0259b olub. Haz\u0131rda \u0259hali aras\u0131nda h\u0259r zaman ba\u015f ver\u0259n influenza qrip virusuna da rast g\u0259linir. Klinik olaraq, h\u0259m qrip, h\u0259m d\u0259 koronavirus, o c\u00fcml\u0259d\u0259n \u201cOmikron\u201d \u015ftamm\u0131n\u0131n diaqnozunu qoymaq m\u00fcmk\u00fcn deyil, bu simptomlar ox\u015fard\u0131rlar, diaqnoz PCR testi \u0259sas\u0131nda f\u0259rql\u0259ndiril\u0259 bil\u0259r. \u201cOmikron\u201d \u015ftamm\u0131n\u0131n inkubasiya d\u00f6vr\u00fc daha q\u0131sad\u0131r (4 g\u00fcn\u0259 q\u0259d\u0259r) v\u0259 \u0259n \u00e7ox ba\u015f a\u011fr\u0131s\u0131 v\u0259 yor\u011funluqla \u00f6z\u00fcn\u00fc g\u00f6st\u0259rir. Bunlarla yana\u015f\u0131, q\u0131zd\u0131rma, burun tutulmas\u0131, \u0259z\u0259l\u0259 a\u011fr\u0131lar\u0131, ba\u015f\u00a0 a\u011fr\u0131s\u0131, asq\u0131rma, \u00f6sk\u00fcr\u0259k kimi \u0259lam\u0259tl\u0259r rast g\u0259linir. Yoluxduqdan 1-6 g\u00fcn sonra PCR testl\u0259ri x\u0259st\u0259liyi t\u0259sdiql\u0259yib m\u00fcsb\u0259t n\u0259tic\u0259 g\u00f6st\u0259r\u0259 bil\u0259r&#8221;.<\/p>\n<p><strong>\u0130nfeksionistin s\u00f6zl\u0259rin\u0259 g\u00f6r\u0259, \u201cDelta\u201d \u015ftam\u0131 il\u0259 m\u00fcqayis\u0259d\u0259 \u201cOmikron\u201d variant\u0131nda a\u011f\u0131r kliniki gedi\u015fat, \u00f6l\u00fcm\u00a0 v\u0259 hospitalizasiya hallar\u0131 xeyli a\u015fa\u011f\u0131d\u0131r:<\/strong>\u00a0\u201cBir s\u0131ra \u00f6lk\u0259l\u0259r inkubasiya d\u00f6vr\u00fcn\u00fcn q\u0131sa olmas\u0131n\u0131 n\u0259z\u0259r\u0259 alaraq karantin m\u00fcdd\u0259tini 7 g\u00fcn olaraq m\u00fc\u0259yy\u0259n edibl\u0259r. Klinik gedi\u015fatdan as\u0131l\u0131 olaraq (m\u00fcvafiq g\u00f6st\u0259ricil\u0259r \u0259sas\u0131nda)\u00a0 stasionar yaxud evd\u0259 m\u00fcalic\u0259 t\u0259yin oluna bil\u0259r. R\u0259smi beyn\u0259lxalq s\u0259hiyy\u0259 qurumlar\u0131n\u0131n m\u0259lumat\u0131na \u0259sas\u0259n, b\u0259zi \u00f6lk\u0259l\u0259r h\u0259tta 4 ay sonra buster doza alma\u011f\u0131 t\u00f6vsiy\u0259 edirl\u0259r\u201d.<\/p>\n<p><img loading=\"lazy\" src=\"http:\/\/qanunvehedef.az\/uploads\/posts\/2019-02\/1550346962_mg-20190216-wa0007.jpg\" alt=\"M\u0259rdan \u018fliyev h\u0259m pe\u015f\u0259kar, qay\u011f\u0131ke\u015f v\u0259 s\u0259mimi insan \u00bb Qanun v\u0259 H\u0259d\u0259f\" width=\"647\" height=\"430\" \/><\/p>\n<p><strong>M\u0259rdan \u018fliyev\u00a0<\/strong><\/p>\n<p><strong>H\u0259kim-infeksionist M\u0259rdan \u018fliyev d\u0259 bildirib ki, bundan sonra yoluxmada m\u00fc\u0259yy\u0259n q\u0259d\u0259r art\u0131m g\u00f6zl\u0259m\u0259liyik:<\/strong>\u00a0\u201c\u00c7ox b\u00f6y\u00fck ehtimalla art\u0131m h\u0259l\u0259 olacaq. T\u0259bii ki, bundan sonra \u0259ks epidemik t\u0259dbirl\u0259r\u0259, profilaktik qaydalara, karantin qaydalar\u0131na v\u0259 \u015f\u0259xsi gigiyena qaydalar\u0131na m\u00fctl\u0259q \u015f\u0259kild\u0259 riay\u0259t etm\u0259liyik. Maskan\u0131n tax\u0131lmas\u0131na daha ciddi \u0259m\u0259l olunmal\u0131d\u0131r. Bir q\u0259d\u0259r bu qaydalar\u0131 g\u00fccl\u0259ndirm\u0259liyik, h\u0259m f\u0259rdi \u015f\u0259kild\u0259, h\u0259m d\u0259 \u00fcmumi d\u00f6vl\u0259t t\u0259r\u0259find\u0259n n\u0259zar\u0259t bir q\u0259d\u0259r art\u0131r\u0131lmal\u0131d\u0131r. X\u00fcsus\u0259n, h\u0259r k\u0259s ciddi \u015f\u0259kild\u0259 maska taxmal\u0131d\u0131r. Toplum yerl\u0259r\u0259 getm\u0259m\u0259k laz\u0131md\u0131r. \u018fg\u0259r bel\u0259 olsa, yoluxma say\u0131nda nisb\u0259t\u0259n daha az art\u0131m qeyd edil\u0259 bil\u0259r. Amma panika yaratma\u011fa ehtiyac yoxdur. \u00c7\u00fcnki bu, \u201dDelta&#8221; \u015ftam\u0131ndan xeyli d\u0259r\u0259c\u0259d\u0259 y\u00fcng\u00fcl ke\u00e7ir. A\u011f\u0131rla\u015fma ehtimal\u0131 olmur v\u0259 qrip\u0259 ox\u015fard\u0131r. T\u0259bii ki, koronavirus kimi gedi\u015fata malikdir. Qripd\u0259n f\u0259rqli olaraq koronavirusa ox\u015far kliniki gedi\u015fat\u0131 var&#8221;.<\/p>\n","protected":false},"excerpt":{"rendered":"<p>\u201c\u00c7ox yoluxucudur, amma panikaya da \u0259sas yox&#8230;\u201d Koronavirusun \u201cOmikron\u201d \u015ftam\u0131 \u00f6lk\u0259mizd\u0259 a\u015fkarland\u0131qdan sonra yoluxma say\u0131 da artma\u011fa ba\u015flay\u0131b. Bel\u0259 ki, yaz\u0131n\u0131 haz\u0131rlad\u0131\u011f\u0131m\u0131z zaman b\u0259lli olan statistik g\u00f6st\u0259ricil\u0259r\u0259 g\u00f6r\u0259 COVID-19 infeksiyas\u0131na 674 yeni yoluxma fakt\u0131 qeyd\u0259 al\u0131n\u0131b 509 n\u0259f\u0259r m\u00fcalic\u0259 olunaraq sa\u011fal\u0131b. Nazirl\u0259r Kabineti yan\u0131nda Operativ Q\u0259rargahdan veril\u0259n m\u0259lumata g\u00f6r\u0259, COVID-19 \u00fc\u00e7\u00fcn g\u00f6t\u00fcr\u00fcl\u0259n analiz n\u00fcmun\u0259l\u0259ri m\u00fcsb\u0259t \u00e7\u0131xm\u0131\u015f 10 n\u0259f\u0259r v\u0259fat edib. \u201cOmikron\u201dun g\u0259li\u015fi il\u0259 ba\u011fl\u0131 \u00f6lk\u0259mizd\u0259 yoluxma say\u0131 n\u0259 q\u0259d\u0259r m\u00fcdd\u0259t sonra 4-r\u0259q\u0259mliy\u0259 \u00e7ata bil\u0259r? Haz\u0131rk\u0131 3-r\u0259q\u0259mli dinamika n\u0259 deyir? \u00dcmumiyy\u0259tl\u0259, yoluxma 4-r\u0259q\u0259mliy\u0259 \u00e7atmaya bil\u0259rmi?\u00a0 \u00dcmumd\u00fcnya S\u0259hiyy\u0259 T\u0259\u015fkilat\u0131 m\u0259lumat yay\u0131b ki,&hellip;<\/p>\n","protected":false},"author":2,"featured_media":426494,"comment_status":"closed","ping_status":"closed","sticky":false,"template":"","format":"standard","meta":{"om_disable_all_campaigns":false,"_monsterinsights_skip_tracking":false,"_monsterinsights_sitenote_active":false,"_monsterinsights_sitenote_note":"","_monsterinsights_sitenote_category":0},"categories":[19],"tags":[],"aioseo_notices":[],"gutentor_comment":0,"rttpg_featured_image_url":{"full":["https:\/\/arantv.az\/wp-content\/uploads\/2022\/01\/7b8c4fe1dcca38e91acd438035a548aa.jpg",450,300,false],"landscape":["https:\/\/arantv.az\/wp-content\/uploads\/2022\/01\/7b8c4fe1dcca38e91acd438035a548aa.jpg",450,300,false],"portraits":["https:\/\/arantv.az\/wp-content\/uploads\/2022\/01\/7b8c4fe1dcca38e91acd438035a548aa.jpg",450,300,false],"thumbnail":["https:\/\/arantv.az\/wp-content\/uploads\/2022\/01\/7b8c4fe1dcca38e91acd438035a548aa-450x280.jpg",450,280,true],"medium":["https:\/\/arantv.az\/wp-content\/uploads\/2022\/01\/7b8c4fe1dcca38e91acd438035a548aa.jpg",450,300,false],"large":["https:\/\/arantv.az\/wp-content\/uploads\/2022\/01\/7b8c4fe1dcca38e91acd438035a548aa.jpg",450,300,false],"1536x1536":["https:\/\/arantv.az\/wp-content\/uploads\/2022\/01\/7b8c4fe1dcca38e91acd438035a548aa.jpg",450,300,false],"2048x2048":["https:\/\/arantv.az\/wp-content\/uploads\/2022\/01\/7b8c4fe1dcca38e91acd438035a548aa.jpg",450,300,false],"post-thumbnail":["https:\/\/arantv.az\/wp-content\/uploads\/2022\/01\/7b8c4fe1dcca38e91acd438035a548aa-240x172.jpg",240,172,true],"advps-thumb-one":["https:\/\/arantv.az\/wp-content\/uploads\/2022\/01\/7b8c4fe1dcca38e91acd438035a548aa.jpg",450,300,false]},"rttpg_author":{"display_name":"V\u00fcsal Rafiqo\u011flu","author_link":"https:\/\/arantv.az\/?author=2"},"rttpg_comment":0,"rttpg_category":"<a href=\"https:\/\/arantv.az\/?cat=19\" rel=\"category\">G\u00fcnd\u0259m<\/a>","rttpg_excerpt":"\u201c\u00c7ox yoluxucudur, amma panikaya da \u0259sas yox&#8230;\u201d Koronavirusun \u201cOmikron\u201d \u015ftam\u0131 \u00f6lk\u0259mizd\u0259 a\u015fkarland\u0131qdan sonra yoluxma say\u0131 da artma\u011fa ba\u015flay\u0131b. Bel\u0259 ki, yaz\u0131n\u0131 haz\u0131rlad\u0131\u011f\u0131m\u0131z zaman b\u0259lli olan statistik g\u00f6st\u0259ricil\u0259r\u0259 g\u00f6r\u0259 COVID-19 infeksiyas\u0131na 674 yeni yoluxma fakt\u0131 qeyd\u0259 al\u0131n\u0131b 509 n\u0259f\u0259r m\u00fcalic\u0259 olunaraq sa\u011fal\u0131b. Nazirl\u0259r Kabineti yan\u0131nda Operativ Q\u0259rargahdan veril\u0259n m\u0259lumata g\u00f6r\u0259, COVID-19 \u00fc\u00e7\u00fcn g\u00f6t\u00fcr\u00fcl\u0259n analiz n\u00fcmun\u0259l\u0259ri m\u00fcsb\u0259t&hellip;","_links":{"self":[{"href":"https:\/\/arantv.az\/index.php?rest_route=\/wp\/v2\/posts\/426493"}],"collection":[{"href":"https:\/\/arantv.az\/index.php?rest_route=\/wp\/v2\/posts"}],"about":[{"href":"https:\/\/arantv.az\/index.php?rest_route=\/wp\/v2\/types\/post"}],"author":[{"embeddable":true,"href":"https:\/\/arantv.az\/index.php?rest_route=\/wp\/v2\/users\/2"}],"replies":[{"embeddable":true,"href":"https:\/\/arantv.az\/index.php?rest_route=%2Fwp%2Fv2%2Fcomments&post=426493"}],"version-history":[{"count":0,"href":"https:\/\/arantv.az\/index.php?rest_route=\/wp\/v2\/posts\/426493\/revisions"}],"wp:featuredmedia":[{"embeddable":true,"href":"https:\/\/arantv.az\/index.php?rest_route=\/wp\/v2\/media\/426494"}],"wp:attachment":[{"href":"https:\/\/arantv.az\/index.php?rest_route=%2Fwp%2Fv2%2Fmedia&parent=426493"}],"wp:term":[{"taxonomy":"category","embeddable":true,"href":"https:\/\/arantv.az\/index.php?rest_route=%2Fwp%2Fv2%2Fcategories&post=426493"},{"taxonomy":"post_tag","embeddable":true,"href":"https:\/\/arantv.az\/index.php?rest_route=%2Fwp%2Fv2%2Ftags&post=426493"}],"curies":[{"name":"wp","href":"https:\/\/api.w.org\/{rel}","templated":true}]}}