{"id":426499,"date":"2022-01-15T08:26:09","date_gmt":"2022-01-15T05:26:09","guid":{"rendered":"http:\/\/arantv.az\/?p=426499"},"modified":"2022-01-15T08:26:09","modified_gmt":"2022-01-15T05:26:09","slug":"fundamental-m%c9%99s%c9%99l%c9%99l%c9%99rd%c9%99-az%c9%99rbaycanla-ukraynanin-movqeyi-tam-ust-ust%c9%99-dusur","status":"publish","type":"post","link":"https:\/\/arantv.az\/?p=426499","title":{"rendered":"\u201cFundamental m\u0259s\u0259l\u0259l\u0259rd\u0259 Az\u0259rbaycanla Ukraynan\u0131n m\u00f6vqeyi tam \u00fcst-\u00fcst\u0259 d\u00fc\u015f\u00fcr\u201d"},"content":{"rendered":"<h3><strong>Ekspertl\u0259rd\u0259n \u0130lham \u018fliyevin Ukrayna s\u0259f\u0259rin\u0259 dair \u015f\u0259rhl\u0259r<\/strong><\/h3>\n<p>Yanvar\u0131n 14-d\u0259 Az\u0259rbaycan Prezidenti \u0130lham \u018fliyev ukraynal\u0131 h\u0259mkar\u0131 Vladimir Zelenskinin d\u0259v\u0259ti il\u0259 Ukraynaya i\u015fg\u00fczar s\u0259f\u0259r\u0259 gedib. H\u0259r iki \u00f6lk\u0259nin d\u00f6vl\u0259t bayraqlar\u0131n\u0131n dal\u011faland\u0131\u011f\u0131 Kiyevin Borispol Beyn\u0259lxalq Hava Liman\u0131nda Az\u0259rbaycan Prezidentinin \u015f\u0259r\u0259fin\u0259 f\u0259xri qarovul d\u0259st\u0259si d\u00fcz\u00fcl\u00fcb.<\/p>\n<p>D\u00f6vl\u0259t ba\u015f\u00e7\u0131s\u0131n\u0131 Ukrayna xarici i\u015fl\u0259r nazirinin birinci m\u00fcavini \u018fmin\u0259 Caparova v\u0259 dig\u0259r r\u0259smi \u015f\u0259xsl\u0259r qar\u015f\u0131lay\u0131blar. Daha sonra Zelenski \u00f6z az\u0259rbaycanl\u0131 h\u0259mkar\u0131n\u0131 qar\u015f\u0131lay\u0131b. Prezidentl\u0259r birg\u0259 foto \u00e7\u0259kdiribl\u0259r. Az\u0259rbaycan n\u00fcmay\u0259nd\u0259 hey\u0259ti Zelenskiy\u0259, Ukrayna n\u00fcmay\u0259nd\u0259 hey\u0259ti is\u0259 Az\u0259rbaycan Prezidentin\u0259 t\u0259qdim edilib. Ard\u0131nca \u00f6lk\u0259 ba\u015f\u00e7\u0131lar\u0131 aras\u0131nda t\u0259kb\u0259t\u0259k g\u00f6r\u00fc\u015f ke\u00e7irilib.<\/p>\n<p><strong>Ekspertl\u0259r bu s\u0259f\u0259rin h\u0259r iki \u00f6lk\u0259 ad\u0131na \u00e7ox m\u00fcsb\u0259t n\u0259tic\u0259l\u0259r ver\u0259c\u0259yini qeyd edirl\u0259r. X\u00fcsusil\u0259, d\u00f6vl\u0259t ba\u015f\u00e7\u0131s\u0131n\u0131n Kiyev\u0259 gedi\u015finin Ukrayna-Rusiya m\u00fcnasib\u0259tl\u0259rind\u0259 g\u0259rginliyin pik h\u0259dd\u0259 \u00e7atd\u0131\u011f\u0131 bir d\u00f6n\u0259m\u0259 t\u0259sad\u00fcf etm\u0259sinin s\u0259f\u0259rin \u00e7\u0259kisini daha da art\u0131rd\u0131\u011f\u0131 qeyd olunur.<\/strong><\/p>\n<p>Onu da xat\u0131rlatma\u011f\u0131 borc bilirik ki, Az\u0259rbaycan v\u0259 Ukrayna GUAM \u00e7\u0259r\u00e7iv\u0259sind\u0259 d\u0259 \u0259m\u0259kda\u015fl\u0131q edirl\u0259r. Bu n\u00fcans\u0131n da \u0130lham \u018fliyevin Ukrayna s\u0259f\u0259rin\u0259 t\u0259sirsiz \u00f6t\u00fc\u015fm\u0259y\u0259c\u0259yi, \u0259m\u0259kda\u015fl\u0131q istiqam\u0259tind\u0259 yeni q\u0259rarlar\u0131n q\u0259bul olunaca\u011f\u0131 istisna edilmir.<\/p>\n<p><strong>\u201cAz\u0259rbaycan Prezidenti \u0130lham \u018fliyevin Ukraynaya i\u015fg\u00fczar s\u0259f\u0259rinin b\u00f6y\u00fck siyasi v\u0259 diplomatik \u0259h\u0259miyy\u0259ti var. Bu s\u0259f\u0259r d\u00f6vl\u0259tl\u0259rimiz aras\u0131nda strateji \u0259laq\u0259l\u0259ri yeni s\u0259viyy\u0259y\u0259 qald\u0131racaq\u201d.<\/strong><\/p>\n<p><em>Bu fikri AZ\u018fRTAC-a a\u00e7\u0131qlamas\u0131nda Avropa \u015euras\u0131 Parlament Assambleyas\u0131n\u0131n vitse-prezidenti, Ukrayna Ali Radas\u0131n\u0131n Xarici siyas\u0259t v\u0259 parlamentl\u0259raras\u0131 \u0259m\u0259kda\u015fl\u0131q komit\u0259sinin s\u0259dri\u00a0<strong>Oleksandr Merejko<\/strong>\u00a0s\u00f6yl\u0259yib. O bildirib ki, Prezident \u0130lham \u018fliyevin Ukraynan\u0131n \u00e7\u0259tin d\u00f6n\u0259mind\u0259 s\u0259f\u0259ri y\u00fcks\u0259k t\u0259qdir\u0259layiqdir.<\/em><\/p>\n<p><em><img loading=\"lazy\" src=\"https:\/\/cdn.oxu.az\/uploads\/W1siZiIsIjIwMjEvMTIvMzEvMTUvMDkvMTcvMGEzY2NlZjQtYmIzNC00YzFlLWE4ZDEtMTE2NjM2NzcxNDUxL0ZvdG9KZXQgKDY1KS5qcGciXV0?sha=cdd5edeb960d9fb3\" alt=\"Oxu.az - Aleksandr Merejko: \u201cGerid\u0259 qoyma\u011fa haz\u0131rla\u015fd\u0131\u011f\u0131m\u0131z il Az\u0259rbaycan  \u00fc\u00e7\u00fcn u\u011furlu oldu\u201d - Ukraynadan T\u018fBR\u0130KL\u018fR\" width=\"753\" height=\"502\" \/><\/em><\/p>\n<p><em><strong>Oleksandr Merejko<\/strong><\/em><\/p>\n<p>\u201cAz\u0259rbaycan Prezidentinin s\u0259f\u0259ri Ukraynaya g\u00fccl\u00fc d\u0259st\u0259yin t\u0259zah\u00fcr\u00fcd\u00fcr. Prezident \u0130lham \u018fliyev Az\u0259rbaycan\u0131n beyn\u0259lxalq al\u0259md\u0259 inki\u015faf\u0131 \u00fc\u00e7\u00fcn d\u00fczg\u00fcn strateji kurs se\u00e7ib. Onun xarici siyas\u0259ti say\u0259sind\u0259 Az\u0259rbaycan \u00f6z suverenliyini, m\u00fcst\u0259qilliyini qoruyub saxlay\u0131b, \u0259razi b\u00fct\u00f6vl\u00fcy\u00fcn\u00fc b\u0259rpa edib. Fikrimc\u0259, Az\u0259rbaycan\u0131n xarici siyas\u0259ti region d\u00f6vl\u0259tl\u0259ri \u00fc\u00e7\u00fcn n\u00fcmun\u0259 ola bil\u0259r v\u0259 b\u00fct\u00f6vl\u00fckd\u0259 regionun t\u0259hl\u00fck\u0259sizliyinin m\u00f6hk\u0259ml\u0259nm\u0259sin\u0259 t\u00f6hf\u0259 ver\u0259 bil\u0259r\u201d, &#8211; dey\u0259 A\u015ePA-n\u0131n vitse-prezidenti vur\u011fulay\u0131b.<\/p>\n<p><strong>\u201cAz\u0259rbaycan-Ukrayna m\u00fcnasib\u0259tl\u0259ri h\u0259r zaman y\u00fcks\u0259k s\u0259viyy\u0259d\u0259 olub\u201d.<\/strong><\/p>\n<p>APA-n\u0131n m\u0259lumat\u0131na g\u00f6r\u0259, bu s\u00f6zl\u0259ri Beyn\u0259lxalq M\u00fcnasib\u0259tl\u0259rin T\u0259hlili M\u0259rk\u0259zinin \u0130dar\u0259 Hey\u0259tinin s\u0259dri F\u0259rid \u015e\u0259fiyev Az\u0259rbaycan Prezidenti \u0130lham \u018fliyevin Ukraynaya s\u0259f\u0259ri il\u0259 ba\u011fl\u0131 bildirib. \u201cAz\u0259rbaycan\u0131n Prezidentinin Ukraynaya s\u0259f\u0259ri s\u00fcbut edir ki, Az\u0259rbaycana he\u00e7 kim he\u00e7 n\u0259 dikt\u0259 ed\u0259 bilm\u0259z\u201d, &#8211; o vur\u011fulay\u0131b.<\/p>\n<p><img src=\"https:\/\/sfera.az\/file\/pic\/xeber\/2020-10\/1602144262_elman_nesieov_modern.azdsc072221551674366.jpg\" alt=\"Elman N\u0259sirov: \u201cErm\u0259ni \u0259sg\u0259ri daha \u0259yil\u0259-\u0259yil\u0259 g\u0259zmir, indi im\u0259kl\u0259yir\u201d \u00bb  Sfera.az Az\u0259rbaycanda \u00f6z\u0259l x\u0259b\u0259rl\u0259r, ara\u015fd\u0131rmalar, t\u0259hlill\u0259r v\u0259  m\u00fcsahib\u0259l\u0259rin t\u0259k \u00fcnvan\u0131\" \/><\/p>\n<p><strong>\u00a0Elman N\u0259sirov<\/strong><\/p>\n<p><strong>YAP funksioneri, Az\u0259rbaycan-Ukrayna parlamentl\u0259raras\u0131 \u0259laq\u0259l\u0259r \u00fczr\u0259 i\u015f\u00e7i qrupunun \u00fczv\u00fc Elman N\u0259sirov \u201cYeni M\u00fcsavat\u201da bildirdi ki, Az\u0259rbaycan Prezidenti \u0130lham \u018fliyevin Ukraynaya s\u0259f\u0259ri ikit\u0259r\u0259fli m\u00fcnasib\u0259tl\u0259rimizin inki\u015faf\u0131 n\u00f6qteyi-n\u0259z\u0259rind\u0259n olduqca \u0259h\u0259miyy\u0259tlidir:<\/strong>\u00a0\u201cBu s\u0259f\u0259r \u00e7\u0259r\u00e7iv\u0259sind\u0259 he\u00e7 \u015f\u00fcbh\u0259siz ki, Az\u0259rbaycan-Ukrayna m\u00fcnasib\u0259tl\u0259rinin geni\u015f spektrin\u0259 aid m\u0259s\u0259l\u0259l\u0259r m\u00fczakir\u0259 edil\u0259c\u0259k. N\u0259z\u0259r\u0259 alsaq ki, Az\u0259rbaycan v\u0259 Ukrayna GUAM t\u0259\u015fkilat\u0131 \u00e7\u0259r\u00e7iv\u0259sind\u0259 d\u0259 t\u0259r\u0259fda\u015fd\u0131rlar. Dem\u0259li bu s\u0259f\u0259r t\u0259kc\u0259 ikit\u0259r\u0259fli m\u00fcnasib\u0259tl\u0259r n\u00f6qteyi-n\u0259z\u0259rind\u0259n deyil, h\u0259m d\u0259 \u00e7oxt\u0259r\u0259fli m\u00fcnasib\u0259tl\u0259r n\u00f6qteyi-n\u0259z\u0259rind\u0259n olduqca b\u00f6y\u00fck maraq do\u011furur v\u0259 \u00e7ox \u0259h\u0259miyy\u0259tlidir. Onu da n\u0259z\u0259r\u0259 alsaq ki, Az\u0259rbaycan Prezidentinin Ukraynaya s\u0259f\u0259ri Rusiya-Ukrayna aras\u0131nda yaranm\u0131\u015f g\u0259rginliyin pik d\u00f6vr\u00fcn\u0259 t\u0259sad\u00fcf edir. Bu n\u00f6qteyi-n\u0259z\u0259rd\u0259n d\u0259 s\u0259f\u0259r\u0259 qiym\u0259t verm\u0259k laz\u0131md\u0131r. M\u0259s\u0259l\u0259nin \u00f6z\u0259lliyi ondad\u0131r ki, Az\u0259rbaycan Rusiya il\u0259 strateji t\u0259r\u0259fda\u015fl\u0131q m\u00fcnasib\u0259tind\u0259dir, y\u00fcks\u0259k s\u0259viyy\u0259li dialoq m\u00fchiti var, iqtisadi \u0259laq\u0259l\u0259rimiz dinamik inki\u015faf tempin\u0259 malikdir. Fundamental m\u0259s\u0259l\u0259l\u0259rd\u0259 h\u0259r iki t\u0259r\u0259fin m\u00f6vqeyi tam \u015f\u0259kild\u0259 \u00fcst-\u00fcst\u0259 d\u00fc\u015f\u00fcr. Eyni zamanda, Az\u0259rbaycan-Ukrayna m\u00fcnasib\u0259tl\u0259ri d\u0259 \u00f6z xarakteriskas\u0131na g\u00f6r\u0259 strateji m\u0259zmun k\u0259sb edir. H\u0259r iki \u00f6lk\u0259 aras\u0131nda m\u00fcnasib\u0259tl\u0259r \u0259n\u0259n\u0259vi olaraq yax\u015f\u0131 s\u0259viyy\u0259si il\u0259 xarakter olunub. Qar\u0131\u015f\u0131ql\u0131 s\u0259f\u0259r bax\u0131m\u0131ndan da bu yaddaqaland\u0131r\u201d.<\/p>\n<p><strong>Deputat h\u0259r zaman Az\u0259rbaycan-Ukrayna m\u00fcnasib\u0259tl\u0259rinin y\u00fcks\u0259k s\u0259viyy\u0259d\u0259 oldu\u011funu bildirdi:<\/strong>\u00a0\u201cEl\u0259 bir m\u0259s\u0259l\u0259 yoxdur ki, h\u0259min m\u0259s\u0259l\u0259l\u0259rd\u0259 Az\u0259rbaycan-Ukrayna m\u00fcnasib\u0259tl\u0259rind\u0259 ziddiyy\u0259tli m\u0259qamlar olsun. Anla\u015f\u0131lmazl\u0131q m\u00fchitind\u0259n s\u00f6hb\u0259t ged\u0259 bilm\u0259z. Hesab edir\u0259m ki, Az\u0259rbaycan Prezidentinin yeritdiyi u\u011furlu, m\u00fcst\u0259qil, milli m\u0259nafey\u0259 s\u00f6yk\u0259n\u0259n, t\u0259r\u0259fda\u015flar\u0131n\u0131n maraqlar\u0131n\u0131 n\u0259z\u0259r\u0259 alan siyas\u0259ti n\u0259tic\u0259 etibar\u0131 il\u0259 Rusiya-Ukrayna m\u00fcnasib\u0259tl\u0259rind\u0259 d\u0259 g\u0259rginliyin aradan qald\u0131r\u0131lmas\u0131na xidm\u0259t ed\u0259 bil\u0259r. Bu bax\u0131mdan Az\u0259rbaycan\u0131n unikal t\u0259cr\u00fcb\u0259si var. Vaxt\u0131 il\u0259 Rusiya v\u0259 T\u00fcrkiy\u0259 aras\u0131nda yaranm\u0131\u015f g\u0259rginliyin d\u0259 aradan qald\u0131r\u0131lmas\u0131nda Az\u0259rbaycan prezidenti \u0130lham \u018fliyevin rolu kifay\u0259t q\u0259d\u0259r b\u00f6y\u00fck olub. Bunu h\u0259m Rusiyada, h\u0259m d\u0259 qarda\u015f \u00f6lk\u0259d\u0259 \u00e7ox yax\u015f\u0131 bilirl\u0259r. Hesab edir\u0259m ki, Az\u0259rbaycan d\u00f6vl\u0259tinin h\u0259m Ukrayna, h\u0259m d\u0259 Rusiya il\u0259 y\u00fcks\u0259k s\u0259viyy\u0259d\u0259 olan m\u00fcnasib\u0259tl\u0259ri n\u0259tic\u0259 etibar\u0131 il\u0259 bu iki \u00f6lk\u0259 aras\u0131nda formala\u015fm\u0131\u015f olduqca g\u0259rgin prosesl\u0259rin h\u0259llin\u0259 t\u00f6hf\u0259 ver\u0259 bil\u0259r.<\/p>\n<p>T\u0259bii ki, bu s\u0259f\u0259r \u00e7\u0259r\u00e7iv\u0259sind\u0259 iqtisadi, ticar\u0259t \u0259laq\u0259l\u0259rinin daha da geni\u015fl\u0259ndirilm\u0259si, humanitar sah\u0259l\u0259rd\u0259 \u0259laq\u0259l\u0259rin davam etdirilm\u0259si v\u0259 el\u0259c\u0259 d\u0259 enerji m\u0259s\u0259l\u0259l\u0259rinin diqq\u0259td\u0259 saxlan\u0131lmas\u0131 istisna deyil. Pandemiyaya qar\u015f\u0131 m\u00fcbariz\u0259 m\u0259s\u0259l\u0259si d\u0259 b\u00f6y\u00fck ehtimalla x\u00fcsusi olaraq diqq\u0259t m\u0259rk\u0259zind\u0259 saxlan\u0131lacaq. Ukrayna \u00fc\u00e7\u00fcn olduqca \u0259h\u0259miyy\u0259tlidir ki, Az\u0259rbaycan pandemiyaya qar\u015f\u0131 m\u00fcbariz\u0259y\u0259 milli, beyn\u0259lxalq s\u0259viyy\u0259d\u0259 t\u00f6hf\u0259 ver\u0259n bir \u00f6lk\u0259dir. Bu bax\u0131mdan \u00f6lk\u0259mizin t\u0259cr\u00fcb\u0259si Ukrayna \u00fc\u00e7\u00fcn olduqca \u0259h\u0259miyy\u0259tlidir. D\u00fc\u015f\u00fcn\u00fcr\u0259m ki, s\u0259f\u0259r \u00e7\u0259r\u00e7iv\u0259sind\u0259 t\u0259hl\u00fck\u0259sizlik m\u0259s\u0259l\u0259si d\u0259 ciddi m\u00fczakir\u0259 m\u00f6vzusu olacaq. \u018fslind\u0259 Silahl\u0131 Q\u00fcvv\u0259l\u0259rin Ali Ba\u015f Komandan\u0131, c\u0259nab \u0130lham \u018fliyevin r\u0259hb\u0259rliyi alt\u0131nda yenilm\u0259z Az\u0259rbaycan Ordusunun V\u0259t\u0259n m\u00fcharib\u0259sind\u0259 qazand\u0131\u011f\u0131 tarixi q\u0259l\u0259b\u0259, onu \u015f\u0259rtl\u0259ndir\u0259n v\u0259 sonunda qazan\u0131lan n\u0259tic\u0259 Ukraynada \u00e7ox diqq\u0259tl\u0259 izl\u0259nilir, ara\u015fd\u0131r\u0131l\u0131r, t\u0259dqiq olunur. Hesab edir\u0259m ki, bu parametrl\u0259r n\u00f6qteyi-n\u0259z\u0259rind\u0259n Az\u0259rbaycan prezidentinin s\u0259f\u0259ri Ukraynada \u00e7ox b\u00f6y\u00fck ruh y\u00fcks\u0259kliyi il\u0259 qeyd olunmaqdad\u0131r. Bu s\u0259f\u0259r Az\u0259rbaycan-Ukrayna m\u00fcnasib\u0259tl\u0259rinin bundan sonrak\u0131 inki\u015faf\u0131 \u00fc\u00e7\u00fcn \u00f6z t\u00f6hf\u0259l\u0259rini ver\u0259c\u0259k. Regional t\u0259hl\u00fck\u0259sizlik bax\u0131m\u0131ndan da bu s\u0259f\u0259r b\u00f6y\u00fck \u0259h\u0259miyy\u0259t\u0259 malikdir&#8221;.<\/p>\n","protected":false},"excerpt":{"rendered":"<p>Ekspertl\u0259rd\u0259n \u0130lham \u018fliyevin Ukrayna s\u0259f\u0259rin\u0259 dair \u015f\u0259rhl\u0259r Yanvar\u0131n 14-d\u0259 Az\u0259rbaycan Prezidenti \u0130lham \u018fliyev ukraynal\u0131 h\u0259mkar\u0131 Vladimir Zelenskinin d\u0259v\u0259ti il\u0259 Ukraynaya i\u015fg\u00fczar s\u0259f\u0259r\u0259 gedib. H\u0259r iki \u00f6lk\u0259nin d\u00f6vl\u0259t bayraqlar\u0131n\u0131n dal\u011faland\u0131\u011f\u0131 Kiyevin Borispol Beyn\u0259lxalq Hava Liman\u0131nda Az\u0259rbaycan Prezidentinin \u015f\u0259r\u0259fin\u0259 f\u0259xri qarovul d\u0259st\u0259si d\u00fcz\u00fcl\u00fcb. D\u00f6vl\u0259t ba\u015f\u00e7\u0131s\u0131n\u0131 Ukrayna xarici i\u015fl\u0259r nazirinin birinci m\u00fcavini \u018fmin\u0259 Caparova v\u0259 dig\u0259r r\u0259smi \u015f\u0259xsl\u0259r qar\u015f\u0131lay\u0131blar. Daha sonra Zelenski \u00f6z az\u0259rbaycanl\u0131 h\u0259mkar\u0131n\u0131 qar\u015f\u0131lay\u0131b. Prezidentl\u0259r birg\u0259 foto \u00e7\u0259kdiribl\u0259r. Az\u0259rbaycan n\u00fcmay\u0259nd\u0259 hey\u0259ti Zelenskiy\u0259, Ukrayna n\u00fcmay\u0259nd\u0259 hey\u0259ti is\u0259 Az\u0259rbaycan Prezidentin\u0259 t\u0259qdim edilib. Ard\u0131nca \u00f6lk\u0259 ba\u015f\u00e7\u0131lar\u0131 aras\u0131nda t\u0259kb\u0259t\u0259k g\u00f6r\u00fc\u015f ke\u00e7irilib. Ekspertl\u0259r bu s\u0259f\u0259rin h\u0259r&hellip;<\/p>\n","protected":false},"author":2,"featured_media":426500,"comment_status":"closed","ping_status":"closed","sticky":false,"template":"","format":"standard","meta":{"om_disable_all_campaigns":false,"_monsterinsights_skip_tracking":false,"_monsterinsights_sitenote_active":false,"_monsterinsights_sitenote_note":"","_monsterinsights_sitenote_category":0},"categories":[4],"tags":[],"aioseo_notices":[],"gutentor_comment":0,"rttpg_featured_image_url":{"full":["https:\/\/arantv.az\/wp-content\/uploads\/2022\/01\/28a117cfa1de50f35c88c7b685993fa7.jpg",450,300,false],"landscape":["https:\/\/arantv.az\/wp-content\/uploads\/2022\/01\/28a117cfa1de50f35c88c7b685993fa7.jpg",450,300,false],"portraits":["https:\/\/arantv.az\/wp-content\/uploads\/2022\/01\/28a117cfa1de50f35c88c7b685993fa7.jpg",450,300,false],"thumbnail":["https:\/\/arantv.az\/wp-content\/uploads\/2022\/01\/28a117cfa1de50f35c88c7b685993fa7-450x280.jpg",450,280,true],"medium":["https:\/\/arantv.az\/wp-content\/uploads\/2022\/01\/28a117cfa1de50f35c88c7b685993fa7.jpg",450,300,false],"large":["https:\/\/arantv.az\/wp-content\/uploads\/2022\/01\/28a117cfa1de50f35c88c7b685993fa7.jpg",450,300,false],"1536x1536":["https:\/\/arantv.az\/wp-content\/uploads\/2022\/01\/28a117cfa1de50f35c88c7b685993fa7.jpg",450,300,false],"2048x2048":["https:\/\/arantv.az\/wp-content\/uploads\/2022\/01\/28a117cfa1de50f35c88c7b685993fa7.jpg",450,300,false],"post-thumbnail":["https:\/\/arantv.az\/wp-content\/uploads\/2022\/01\/28a117cfa1de50f35c88c7b685993fa7-240x172.jpg",240,172,true],"advps-thumb-one":["https:\/\/arantv.az\/wp-content\/uploads\/2022\/01\/28a117cfa1de50f35c88c7b685993fa7.jpg",450,300,false]},"rttpg_author":{"display_name":"V\u00fcsal Rafiqo\u011flu","author_link":"https:\/\/arantv.az\/?author=2"},"rttpg_comment":0,"rttpg_category":"<a href=\"https:\/\/arantv.az\/?cat=4\" rel=\"category\">Siyas\u0259t<\/a>","rttpg_excerpt":"Ekspertl\u0259rd\u0259n \u0130lham \u018fliyevin Ukrayna s\u0259f\u0259rin\u0259 dair \u015f\u0259rhl\u0259r Yanvar\u0131n 14-d\u0259 Az\u0259rbaycan Prezidenti \u0130lham \u018fliyev ukraynal\u0131 h\u0259mkar\u0131 Vladimir Zelenskinin d\u0259v\u0259ti il\u0259 Ukraynaya i\u015fg\u00fczar s\u0259f\u0259r\u0259 gedib. H\u0259r iki \u00f6lk\u0259nin d\u00f6vl\u0259t bayraqlar\u0131n\u0131n dal\u011faland\u0131\u011f\u0131 Kiyevin Borispol Beyn\u0259lxalq Hava Liman\u0131nda Az\u0259rbaycan Prezidentinin \u015f\u0259r\u0259fin\u0259 f\u0259xri qarovul d\u0259st\u0259si d\u00fcz\u00fcl\u00fcb. D\u00f6vl\u0259t ba\u015f\u00e7\u0131s\u0131n\u0131 Ukrayna xarici i\u015fl\u0259r nazirinin birinci m\u00fcavini \u018fmin\u0259 Caparova v\u0259 dig\u0259r r\u0259smi \u015f\u0259xsl\u0259r&hellip;","_links":{"self":[{"href":"https:\/\/arantv.az\/index.php?rest_route=\/wp\/v2\/posts\/426499"}],"collection":[{"href":"https:\/\/arantv.az\/index.php?rest_route=\/wp\/v2\/posts"}],"about":[{"href":"https:\/\/arantv.az\/index.php?rest_route=\/wp\/v2\/types\/post"}],"author":[{"embeddable":true,"href":"https:\/\/arantv.az\/index.php?rest_route=\/wp\/v2\/users\/2"}],"replies":[{"embeddable":true,"href":"https:\/\/arantv.az\/index.php?rest_route=%2Fwp%2Fv2%2Fcomments&post=426499"}],"version-history":[{"count":0,"href":"https:\/\/arantv.az\/index.php?rest_route=\/wp\/v2\/posts\/426499\/revisions"}],"wp:featuredmedia":[{"embeddable":true,"href":"https:\/\/arantv.az\/index.php?rest_route=\/wp\/v2\/media\/426500"}],"wp:attachment":[{"href":"https:\/\/arantv.az\/index.php?rest_route=%2Fwp%2Fv2%2Fmedia&parent=426499"}],"wp:term":[{"taxonomy":"category","embeddable":true,"href":"https:\/\/arantv.az\/index.php?rest_route=%2Fwp%2Fv2%2Fcategories&post=426499"},{"taxonomy":"post_tag","embeddable":true,"href":"https:\/\/arantv.az\/index.php?rest_route=%2Fwp%2Fv2%2Ftags&post=426499"}],"curies":[{"name":"wp","href":"https:\/\/api.w.org\/{rel}","templated":true}]}}