{"id":426502,"date":"2022-01-15T08:26:57","date_gmt":"2022-01-15T05:26:57","guid":{"rendered":"http:\/\/arantv.az\/?p=426502"},"modified":"2022-01-15T08:26:57","modified_gmt":"2022-01-15T05:26:57","slug":"ankara-v%c9%99-bakinin-moht%c9%99s%c9%99m-2023-h%c9%99d%c9%99fi","status":"publish","type":"post","link":"https:\/\/arantv.az\/?p=426502","title":{"rendered":"Ankara v\u0259 Bak\u0131n\u0131n m\u00f6ht\u0259\u015f\u0259m 2023 h\u0259d\u0259fi"},"content":{"rendered":"<h3><strong>\u201cF-16\u201d v\u0259 \u201dF-35\u201d-l\u0259ri \u00fcst\u0259l\u0259y\u0259c\u0259k \u015fok proje; h\u0259rbi ekspert: \u201cBu g\u00fcn biz h\u0259m d\u0259 ona g\u00f6r\u0259 \u015fansl\u0131y\u0131q ki&#8230;\u201d<\/strong><\/h3>\n<p><strong>T\u00fcrkiy\u0259 V n\u0259sil q\u0131r\u0131c\u0131lar\u0131n yarad\u0131lmas\u0131n\u0131n vaxt\u0131n\u0131 elan edib. Onlar 2023-c\u00fc ild\u0259 anqardan \u00e7\u0131xar\u0131lacaq. Bu bar\u0259d\u0259 T\u00fcrkiy\u0259 Silahl\u0131 Q\u00fcvv\u0259l\u0259rin\u0259 D\u0259st\u0259k Fondunun ba\u015f direktoru Sad\u0131k Piyade bildirib.<\/strong><\/p>\n<p>Onun s\u00f6zl\u0259rin\u0259 g\u00f6r\u0259, t\u0259yyar\u0259nin istehsal\u0131 \u00fczr\u0259 i\u015fl\u0259r s\u00fcr\u0259tl\u0259ndirilmi\u015f templ\u0259 davam edir. O qeyd edib ki, prezident R\u0259c\u0259b Tayyib \u018frdo\u011fan\u0131n r\u0259hb\u0259rlik etdiyi fond Kiprd\u0259ki s\u00fclhm\u0259raml\u0131 \u0259m\u0259liyyatdan sonra T\u00fcrkiy\u0259nin \u00f6z silahlar\u0131n\u0131 istehsal etm\u0259sin\u0259 imkan yaratmaq m\u0259qs\u0259di il\u0259 yarad\u0131l\u0131b. \u018frdo\u011fan q\u0131r\u0131c\u0131 \u00fcz\u0259rind\u0259 i\u015fl\u0259rin 2023-c\u00fc ilin sonuna q\u0259d\u0259r ba\u015fa \u00e7atd\u0131r\u0131lmas\u0131 bar\u0259d\u0259 g\u00f6st\u0259ri\u015f verib.<\/p>\n<p>Qeyd ed\u0259k ki, q\u0131r\u0131c\u0131 h\u0259mkarlar\u0131ndan f\u0259rql\u0259nir: o, radarlara yaxalanm\u0131r, uzun m\u00fcdd\u0259t havada qal\u0131r v\u0259 b\u00fct\u00fcn keyfiyy\u0259tl\u0259rin\u0259 g\u00f6r\u0259 \u201cF-16\u201d v\u0259 \u201dF-35\u201d-i \u00fcst\u0259l\u0259yir. Q\u0131r\u0131c\u0131 tamamil\u0259 yerli imkanlar hesab\u0131na istehsal olunacaq.<\/p>\n<p><strong>He\u00e7 \u015f\u00fcbh\u0259siz ki, bu q\u0131r\u0131c\u0131lar\u0131n ilk al\u0131c\u0131s\u0131 Az\u0259rbaycan olacaq. \u0130ki qarda\u015f \u00f6lk\u0259nin yax\u0131n perspektiv \u00fc\u00e7\u00fcn artan h\u0259rbi g\u00fcc\u00fc il\u0259 istehsal olunan bu vasit\u0259l\u0259r iki d\u00f6vl\u0259t \u00fc\u00e7\u00fcn d\u0259 \u00e7ox \u0259h\u0259miyy\u0259tlidir.<\/strong><\/p>\n<p><strong><img loading=\"lazy\" src=\"https:\/\/azfood.az\/wp-content\/uploads\/2020\/09\/Ruslan-Imamquliyev.jpeg\" alt=\"T\u0259lim vaxt\u0131&amp;quot;n\u0131n qona\u011f\u0131 olan Ruslan \u0130mamquliyevdan logistika xidm\u0259til\u0259 ba\u011fl\u0131  diqq\u0259t \u00e7\u0259k\u0259n m\u0259qamlar - Azfood\" width=\"719\" height=\"479\" \/><\/strong><\/p>\n<p><strong>\u00a0Ruslan \u0130mamquliyev<\/strong><\/p>\n<p><strong>H\u0259rbi ekspert Ruslan \u0130mamquliyev xat\u0131rlatd\u0131 ki, iki qarda\u015f \u00f6lk\u0259 aras\u0131nda m\u00fcst\u0259qilliyimizd\u0259n sonra b\u00fct\u00fcn sah\u0259l\u0259rd\u0259 oldu\u011fu kimi, h\u0259rbi m\u00fcst\u0259vid\u0259 d\u0259 s\u0131x \u0259laq\u0259l\u0259r olub v\u0259 bBunu daim inki\u015faf etdirm\u0259k \u00e7ox \u0259h\u0259miyy\u0259tlidir:<\/strong>\u00a0\u201c\u00c7\u00fcnki h\u0259rbi ad\u0131na istifad\u0259 edil\u0259n b\u00fct\u00fcn vasit\u0259l\u0259rd\u0259n birincisi, prioritet odur ki, onun m\u0259xfi\u00e7iliyin\u0259 diqq\u0259t yetirilm\u0259lidir. Bu m\u00f6vzuda qarda\u015f \u00f6lk\u0259 il\u0259 aram\u0131zda olan etibar v\u0259 g\u00fcv\u0259n ba\u015fqa ikinci bir d\u00f6vl\u0259tl\u0259 he\u00e7 bir halda bu \u015f\u0259kild\u0259 olmayacaqd\u0131r. G\u0259l\u0259c\u0259k perspektivd\u0259 T\u00fcrkiy\u0259nin m\u00fcdafi\u0259 s\u0259nayesinin inki\u015faf etdirilm\u0259si, bununla yana\u015f\u0131 \u0259m\u0259kda\u015fl\u0131\u011f\u0131m\u0131z \u00e7\u0259r\u00e7iv\u0259sind\u0259 Az\u0259rbaycan m\u00fcdafi\u0259 s\u0259nayesinin inki\u015faf etdirilm\u0259si ad\u0131na bu g\u00fcn bir s\u0131ra add\u0131mlar art\u0131q at\u0131lmaqdad\u0131r.<\/p>\n<p><img src=\"https:\/\/static.report.az\/photo\/636982b8-9f1d-343e-82f1-5cccfc3f6e37_850.jpg\" alt=\"Az\u0259rbaycan v\u0259 T\u00fcrkiy\u0259 q\u0131r\u0131c\u0131lar\u0131 G\u0259nc\u0259 \u00fcz\u0259rind\u0259 u\u00e7u\u015flar ke\u00e7ir\u0259c\u0259k |  Report.az\" \/><\/p>\n<p>T\u0259bii ki, bununla yana\u015f\u0131 m\u00fcdafi\u0259 s\u0259nayemizin inki\u015faf etdirilm\u0259si, ortaq istehsalata ke\u00e7ilm\u0259si, bir s\u0131ra vasit\u0259l\u0259rin dig\u0259r d\u00f6vl\u0259tl\u0259rd\u0259n deyil, m\u0259hz T\u00fcrkiy\u0259d\u0259n al\u0131nmas\u0131 Az\u0259rbaycan\u0131n uzaq strateji h\u0259d\u0259fl\u0259ri bax\u0131m\u0131ndan \u00f6lk\u0259miz ad\u0131na \u00e7ox \u00f6n\u0259mlidir. Uzaq perspektivd\u0259 T\u00fcrkiy\u0259nin n\u0259z\u0259rd\u0259 tutulmu\u015f bir s\u0131ra vasit\u0259l\u0259ri var ki &#8211; x\u00fcsusil\u0259, 2023-c\u00fc ild\u0259 q\u0131r\u0131c\u0131 t\u0259yyar\u0259l\u0259rin istehsal olunmas\u0131 n\u0259z\u0259rd\u0259 tutulub &#8211; Az\u0259rbaycan da bundan faydalanmal\u0131d\u0131r. Bu c\u00fcr vasit\u0259l\u0259rin b\u0259rab\u0259r istehsal\u0131 istiqam\u0259tind\u0259 m\u00fczakir\u0259l\u0259r apar\u0131lmal\u0131 v\u0259 h\u0259tta istehsalata ke\u00e7ilm\u0259lidir. Bununla yana\u015f\u0131, Az\u0259rbaycan Silahl\u0131 Q\u00fcvv\u0259l\u0259rin\u0259 dig\u0259r d\u00f6vl\u0259tl\u0259rd\u0259n al\u0131nacaq strateji vasit\u0259l\u0259ri T\u00fcrkiy\u0259d\u0259n al\u0131nacaq vasit\u0259l\u0259rl\u0259 \u0259v\u0259zl\u0259m\u0259k bizim uzaq perspektivd\u0259 d\u00f6y\u00fc\u015f sah\u0259sind\u0259 daha g\u00fcv\u0259nli, dinamik, \u00e7evik v\u0259 qabiliyy\u0259tli bir ordu formala\u015fd\u0131rma\u011f\u0131m\u0131za da \u00f6z t\u0259sirini g\u00f6st\u0259r\u0259c\u0259k&#8221;.<\/p>\n<p><img loading=\"lazy\" src=\"https:\/\/cdn.yenicag.az\/files\/uploads\/2021\/09\/telim.jpg\" alt=\"T\u00fcrkiy\u0259d\u0259n Az\u0259rbaycana GENERAL T\u018fY\u0130NATI: \u201cR\u0259smi Bak\u0131 Rusiya il\u0259 h\u0259rbi sah\u0259d\u0259  \u0259m\u0259kda\u015fl\u0131\u011f\u0131\u2026\u201d \u2013 H\u0259rbi ekspert \u2013 Yenicag.Az\" width=\"734\" height=\"397\" \/><\/p>\n<p><strong>H\u0259rbi ekspert T\u00fcrkiy\u0259 il\u0259 h\u0259rbi sah\u0259d\u0259 olan \u0259m\u0259kda\u015fl\u0131\u011f\u0131n zaman-zaman Az\u0259rbaycana verdiyi t\u00f6hf\u0259l\u0259r\u0259 h\u0259r k\u0259sin \u015fahidlik etdiyini d\u0259 s\u00f6yl\u0259di:<\/strong>\u00a0\u201cQarda\u015f d\u00f6vl\u0259tl\u0259 \u0259m\u0259kda\u015fl\u0131\u011f\u0131m\u0131z 44 g\u00fcnl\u00fck V\u0259t\u0259n m\u00fcharib\u0259mizd\u0259 biz\u0259 n\u0259 q\u0259d\u0259r t\u00f6hf\u0259 verdiyini g\u00f6rd\u00fck. X\u00fcsusil\u0259, \u201dBayraktar&#8221;lar\u0131n d\u00f6y\u00fc\u015f sah\u0259sin\u0259 t\u0259tbiqi b\u00fct\u00fcn d\u00fcnya d\u00f6vl\u0259tl\u0259ri t\u0259r\u0259find\u0259n h\u0259m izl\u0259ndi, h\u0259m d\u0259 y\u00fcks\u0259k rezonans olaraq \u00f6z t\u0259sirini g\u00f6st\u0259rmi\u015f oldu. Bundan sonrak\u0131 d\u00f6n\u0259ml\u0259rd\u0259 T\u00fcrkiy\u0259nin h\u0259rbi sah\u0259d\u0259 istehsal ed\u0259c\u0259yi vasit\u0259l\u0259rl\u0259 m\u00fcdafi\u0259 s\u0259nayemizi daha da g\u00fccl\u0259ndirm\u0259yimiz, onlar\u0131n istehsal etdikl\u0259rinin ilk al\u0131c\u0131s\u0131 olma\u011f\u0131m\u0131z \u00e7ox \u00f6n\u0259mlidir.<\/p>\n<p>\u00dcmumiyy\u0259tl\u0259, m\u00fcdafi\u0259 s\u0259nayesinin inki\u015faf etdirilm\u0259si ancaq g\u00fcv\u0259n\u0259 bil\u0259c\u0259yin, \u0259m\u0259kda\u015fl\u0131q ed\u0259 bil\u0259c\u0259yin d\u00f6vl\u0259tl\u0259rl\u0259 ortaq \u00e7al\u0131\u015fma il\u0259 \u0259laq\u0259dard\u0131r. Bu g\u00fcn biz bir q\u0259d\u0259r d\u0259 \u015fansl\u0131y\u0131q ki, yan\u0131m\u0131zda T\u00fcrkiy\u0259 v\u0259 Pakistan kimi g\u00fcv\u0259n\u0259c\u0259yimiz, etibar ed\u0259 bil\u0259c\u0259yimiz, ke\u00e7mi\u015fd\u0259n bu g\u00fcn\u0259 q\u0259d\u0259r \u0259laq\u0259l\u0259rimizin oldu\u011fu d\u00f6vl\u0259tl\u0259r var. Bundan sonrak\u0131 d\u00f6n\u0259ml\u0259rd\u0259 bu \u0259laq\u0259l\u0259ri daha da inki\u015faf etdirm\u0259k uzaq perspektivd\u0259 h\u0259m Az\u0259rbaycan Ordusunun q\u00fcdr\u0259tl\u0259nm\u0259sin\u0259, h\u0259m d\u0259 iqtisadiyyat\u0131m\u0131z\u0131n inki\u015faf etm\u0259sin\u0259 \u00e7ox ciddi t\u00f6hf\u0259 ver\u0259c\u0259k&#8221;.<\/p>\n","protected":false},"excerpt":{"rendered":"<p>\u201cF-16\u201d v\u0259 \u201dF-35\u201d-l\u0259ri \u00fcst\u0259l\u0259y\u0259c\u0259k \u015fok proje; h\u0259rbi ekspert: \u201cBu g\u00fcn biz h\u0259m d\u0259 ona g\u00f6r\u0259 \u015fansl\u0131y\u0131q ki&#8230;\u201d T\u00fcrkiy\u0259 V n\u0259sil q\u0131r\u0131c\u0131lar\u0131n yarad\u0131lmas\u0131n\u0131n vaxt\u0131n\u0131 elan edib. Onlar 2023-c\u00fc ild\u0259 anqardan \u00e7\u0131xar\u0131lacaq. Bu bar\u0259d\u0259 T\u00fcrkiy\u0259 Silahl\u0131 Q\u00fcvv\u0259l\u0259rin\u0259 D\u0259st\u0259k Fondunun ba\u015f direktoru Sad\u0131k Piyade bildirib. Onun s\u00f6zl\u0259rin\u0259 g\u00f6r\u0259, t\u0259yyar\u0259nin istehsal\u0131 \u00fczr\u0259 i\u015fl\u0259r s\u00fcr\u0259tl\u0259ndirilmi\u015f templ\u0259 davam edir. O qeyd edib ki, prezident R\u0259c\u0259b Tayyib \u018frdo\u011fan\u0131n r\u0259hb\u0259rlik etdiyi fond Kiprd\u0259ki s\u00fclhm\u0259raml\u0131 \u0259m\u0259liyyatdan sonra T\u00fcrkiy\u0259nin \u00f6z silahlar\u0131n\u0131 istehsal etm\u0259sin\u0259 imkan yaratmaq m\u0259qs\u0259di il\u0259 yarad\u0131l\u0131b. \u018frdo\u011fan q\u0131r\u0131c\u0131 \u00fcz\u0259rind\u0259 i\u015fl\u0259rin 2023-c\u00fc ilin sonuna q\u0259d\u0259r ba\u015fa \u00e7atd\u0131r\u0131lmas\u0131 bar\u0259d\u0259 g\u00f6st\u0259ri\u015f&hellip;<\/p>\n","protected":false},"author":2,"featured_media":426503,"comment_status":"closed","ping_status":"closed","sticky":false,"template":"","format":"standard","meta":{"om_disable_all_campaigns":false,"_monsterinsights_skip_tracking":false,"_monsterinsights_sitenote_active":false,"_monsterinsights_sitenote_note":"","_monsterinsights_sitenote_category":0},"categories":[19],"tags":[],"aioseo_notices":[],"gutentor_comment":0,"rttpg_featured_image_url":{"full":["https:\/\/arantv.az\/wp-content\/uploads\/2022\/01\/fd77bfbfb94bbc80a65e44b8583a8638.jpg",450,300,false],"landscape":["https:\/\/arantv.az\/wp-content\/uploads\/2022\/01\/fd77bfbfb94bbc80a65e44b8583a8638.jpg",450,300,false],"portraits":["https:\/\/arantv.az\/wp-content\/uploads\/2022\/01\/fd77bfbfb94bbc80a65e44b8583a8638.jpg",450,300,false],"thumbnail":["https:\/\/arantv.az\/wp-content\/uploads\/2022\/01\/fd77bfbfb94bbc80a65e44b8583a8638-450x280.jpg",450,280,true],"medium":["https:\/\/arantv.az\/wp-content\/uploads\/2022\/01\/fd77bfbfb94bbc80a65e44b8583a8638.jpg",450,300,false],"large":["https:\/\/arantv.az\/wp-content\/uploads\/2022\/01\/fd77bfbfb94bbc80a65e44b8583a8638.jpg",450,300,false],"1536x1536":["https:\/\/arantv.az\/wp-content\/uploads\/2022\/01\/fd77bfbfb94bbc80a65e44b8583a8638.jpg",450,300,false],"2048x2048":["https:\/\/arantv.az\/wp-content\/uploads\/2022\/01\/fd77bfbfb94bbc80a65e44b8583a8638.jpg",450,300,false],"post-thumbnail":["https:\/\/arantv.az\/wp-content\/uploads\/2022\/01\/fd77bfbfb94bbc80a65e44b8583a8638-240x172.jpg",240,172,true],"advps-thumb-one":["https:\/\/arantv.az\/wp-content\/uploads\/2022\/01\/fd77bfbfb94bbc80a65e44b8583a8638.jpg",450,300,false]},"rttpg_author":{"display_name":"V\u00fcsal Rafiqo\u011flu","author_link":"https:\/\/arantv.az\/?author=2"},"rttpg_comment":0,"rttpg_category":"<a href=\"https:\/\/arantv.az\/?cat=19\" rel=\"category\">G\u00fcnd\u0259m<\/a>","rttpg_excerpt":"\u201cF-16\u201d v\u0259 \u201dF-35\u201d-l\u0259ri \u00fcst\u0259l\u0259y\u0259c\u0259k \u015fok proje; h\u0259rbi ekspert: \u201cBu g\u00fcn biz h\u0259m d\u0259 ona g\u00f6r\u0259 \u015fansl\u0131y\u0131q ki&#8230;\u201d T\u00fcrkiy\u0259 V n\u0259sil q\u0131r\u0131c\u0131lar\u0131n yarad\u0131lmas\u0131n\u0131n vaxt\u0131n\u0131 elan edib. Onlar 2023-c\u00fc ild\u0259 anqardan \u00e7\u0131xar\u0131lacaq. Bu bar\u0259d\u0259 T\u00fcrkiy\u0259 Silahl\u0131 Q\u00fcvv\u0259l\u0259rin\u0259 D\u0259st\u0259k Fondunun ba\u015f direktoru Sad\u0131k Piyade bildirib. Onun s\u00f6zl\u0259rin\u0259 g\u00f6r\u0259, t\u0259yyar\u0259nin istehsal\u0131 \u00fczr\u0259 i\u015fl\u0259r s\u00fcr\u0259tl\u0259ndirilmi\u015f templ\u0259 davam edir. O qeyd&hellip;","_links":{"self":[{"href":"https:\/\/arantv.az\/index.php?rest_route=\/wp\/v2\/posts\/426502"}],"collection":[{"href":"https:\/\/arantv.az\/index.php?rest_route=\/wp\/v2\/posts"}],"about":[{"href":"https:\/\/arantv.az\/index.php?rest_route=\/wp\/v2\/types\/post"}],"author":[{"embeddable":true,"href":"https:\/\/arantv.az\/index.php?rest_route=\/wp\/v2\/users\/2"}],"replies":[{"embeddable":true,"href":"https:\/\/arantv.az\/index.php?rest_route=%2Fwp%2Fv2%2Fcomments&post=426502"}],"version-history":[{"count":0,"href":"https:\/\/arantv.az\/index.php?rest_route=\/wp\/v2\/posts\/426502\/revisions"}],"wp:featuredmedia":[{"embeddable":true,"href":"https:\/\/arantv.az\/index.php?rest_route=\/wp\/v2\/media\/426503"}],"wp:attachment":[{"href":"https:\/\/arantv.az\/index.php?rest_route=%2Fwp%2Fv2%2Fmedia&parent=426502"}],"wp:term":[{"taxonomy":"category","embeddable":true,"href":"https:\/\/arantv.az\/index.php?rest_route=%2Fwp%2Fv2%2Fcategories&post=426502"},{"taxonomy":"post_tag","embeddable":true,"href":"https:\/\/arantv.az\/index.php?rest_route=%2Fwp%2Fv2%2Ftags&post=426502"}],"curies":[{"name":"wp","href":"https:\/\/api.w.org\/{rel}","templated":true}]}}