{"id":426583,"date":"2022-01-15T10:20:43","date_gmt":"2022-01-15T07:20:43","guid":{"rendered":"http:\/\/arantv.az\/?p=426583"},"modified":"2022-01-15T10:20:43","modified_gmt":"2022-01-15T07:20:43","slug":"ukrayna-il%c9%99-yeni-sazisl%c9%99r-bu-az%c9%99rbaycan-iqtisadiyyatina-n%c9%99-ver%c9%99c%c9%99k-t%c9%99hlil","status":"publish","type":"post","link":"https:\/\/arantv.az\/?p=426583","title":{"rendered":"Ukrayna il\u0259 yeni sazi\u015fl\u0259r: Bu, Az\u0259rbaycan iqtisadiyyat\u0131na n\u0259 ver\u0259c\u0259k? &#8211; T\u018fHL\u0130L"},"content":{"rendered":"<p>Yanvar\u0131n 14-d\u0259 Az\u0259rbaycan Prezidenti \u0130lham \u018fliyevin Ukraynaya i\u015fg\u00fczar s\u0259f\u0259ri ba\u015f tutub. S\u0259f\u0259r \u00e7\u0259r\u00e7iv\u0259sind\u0259 iqtisadiyyat\u0131n m\u00fcxt\u0259lif sah\u0259l\u0259rind\u0259 ikit\u0259r\u0259fli m\u00fcnasib\u0259tl\u0259rin inki\u015faf\u0131nda yeni s\u0259hif\u0259l\u0259r a\u00e7an vacib s\u0259n\u0259dl\u0259r imzalan\u0131b.<\/p>\n<p>\u00dcmumilikd\u0259, t\u0259r\u0259fl\u0259r be\u015f s\u0259n\u0259d v\u0259 prezidentl\u0259rin birg\u0259 b\u0259yannam\u0259sini imzalay\u0131b.<\/p>\n<p>Bu s\u0259n\u0259dl\u0259r\u0259 &#8220;Qida t\u0259hl\u00fck\u0259sizliyi sah\u0259sind\u0259 \u0259m\u0259kda\u015fl\u0131q haqq\u0131nda&#8221; sazi\u015f, &#8220;\u0130kit\u0259r\u0259fli ticar\u0259td\u0259 t\u0259cili \u0259m\u0259kda\u015fl\u0131q haqq\u0131nda&#8221; anla\u015fma memorandumu, &#8220;Aqrar sah\u0259d\u0259 \u0259m\u0259kda\u015fl\u0131q haqq\u0131nda&#8221; anla\u015fma memorandumu, &#8220;Neft-qaz Ukrain\u0131&#8221; Milli S\u0259hmdar \u015eirk\u0259ti&#8221; S\u0259hmdar C\u0259miyy\u0259ti il\u0259 Az\u0259rbaycan D\u00f6vl\u0259t Neft \u015eirk\u0259ti &#8211; SOCAR aras\u0131nda &#8220;Energetika sah\u0259sind\u0259 \u0259m\u0259kda\u015fl\u0131q haqq\u0131nda&#8221; anla\u015fma memorandumu, &#8220;Torpaq m\u00fcnasib\u0259tl\u0259ri, d\u00f6vl\u0259t torpaqlar\u0131n\u0131n idar\u0259 edilm\u0259si v\u0259 d\u00f6vl\u0259t torpaq kadastr\u0131 sah\u0259sind\u0259 \u0259m\u0259kda\u015fl\u0131q haqq\u0131nda&#8221; anla\u015fma memorandumu daxildir.<\/p>\n<p>Bu sazi\u015fl\u0259rd\u0259n Az\u0259rbaycan iqtisadiyyat\u0131n\u0131n hans\u0131 faydalar \u0259ld\u0259 ed\u0259c\u0259yi bar\u0259d\u0259 ukraynal\u0131 iqtisad\u00e7\u0131 ekspert Aleksandr Oxrimenko\u00a0<a href=\"http:\/\/trend.az\/\" target=\"_blank\" rel=\"noopener\">Trend<\/a>-\u0259 dan\u0131\u015f\u0131b.<\/p>\n<p>Onun s\u00f6zl\u0259rin\u0259 g\u00f6r\u0259, qida t\u0259hl\u00fck\u0259sizliyi sah\u0259sind\u0259 \u0259m\u0259kda\u015fl\u0131q haqq\u0131nda sazi\u015f iki \u00f6lk\u0259 aras\u0131nda qida m\u0259hsullar\u0131n\u0131n ixrac\u0131 v\u0259 idxal\u0131 \u00fc\u00e7\u00fcn b\u00fcrokratik \u0259ng\u0259ll\u0259ri a\u015fma\u011fa imkan ver\u0259c\u0259k.<\/p>\n<p>&#8220;\u0130kit\u0259r\u0259fli ticar\u0259td\u0259 t\u0259cili \u0259m\u0259kda\u015fl\u0131q haqq\u0131nda anla\u015fma memorandumu is\u0259 ukraynal\u0131 v\u0259 az\u0259rbaycanl\u0131 i\u015f adamlar\u0131 aras\u0131nda \u0259mt\u0259\u0259 m\u00fcbahis\u0259l\u0259rini daha tez v\u0259 s\u0259m\u0259r\u0259li h\u0259ll etm\u0259y\u0259 imkan yaradacaq. \u00d6lk\u0259l\u0259rimiz aras\u0131nda ticar\u0259t d\u00f6vriyy\u0259sinin artmas\u0131n\u0131 n\u0259z\u0259r\u0259 alsaq, bu, \u00e7ox vacibdir. Aqrar sah\u0259d\u0259 \u0259m\u0259kda\u015fl\u0131q haqq\u0131nda anla\u015fma memorandumu da \u00e7ox vacib s\u0259n\u0259ddir. Bel\u0259 ki, Ukrayna bu g\u00fcn aqrar sektora investisiyalar\u0131n c\u0259lb olunmas\u0131nda maraql\u0131d\u0131r. Az\u0259rbaycan is\u0259 bu c\u00fcr investor ola bil\u0259r v\u0259 Ukraynaya k\u0259nd t\u0259s\u0259rr\u00fcfat\u0131n\u0131n inki\u015faf\u0131nda v\u0259 \u0259rzaq t\u0259hl\u00fck\u0259sizliyi il\u0259 ba\u011fl\u0131 probleml\u0259rin h\u0259llind\u0259 k\u00f6m\u0259k ed\u0259 bil\u0259r. Ukraynada torpaq bazar\u0131n\u0131n i\u015f\u0259 d\u00fc\u015fm\u0259sind\u0259n sonra investorlar qar\u015f\u0131s\u0131nda b\u00f6y\u00fck imkanlar a\u00e7\u0131l\u0131r v\u0259 burada d\u00f6vl\u0259t d\u0259st\u0259yi, bu m\u00fcnasib\u0259tl\u0259rin inki\u015faf\u0131n\u0131n t\u0259minat\u0131 laz\u0131md\u0131r&#8221;, &#8211; dey\u0259 ekspert bildirib.<\/p>\n<p>Energetika sah\u0259sind\u0259 \u0259m\u0259kda\u015fl\u0131q haqq\u0131nda anla\u015fma memorandumuna g\u0259ldikd\u0259 is\u0259 A.Oxrimenko vur\u011fulay\u0131b ki, Az\u0259rbaycan neftl\u0259 z\u0259ngin \u00f6lk\u0259dir, Ukraynada is\u0259 neft emal\u0131 zavodlar\u0131 m\u00f6vcuddur v\u0259 onun \u00fc\u00e7\u00fcn Az\u0259rbaycan neftini emal etm\u0259k s\u0259rf\u0259lidir.<\/p>\n<p>&#8220;Bu, neft m\u0259hsullar\u0131n\u0131n bir hiss\u0259sini Ukraynada, bir hiss\u0259sini is\u0259 Avropa \u0130ttifaq\u0131nda satma\u011fa imkan verir. Ukrayna il\u0259 Az\u0259rbaycan aras\u0131nda neft biznesind\u0259 \u0259m\u0259kda\u015fl\u0131\u011f\u0131 geni\u015fl\u0259ndirm\u0259k laz\u0131md\u0131r, \u00e7\u00fcnki bu, perspektivli v\u0259 s\u0259m\u0259r\u0259lidir&#8221;, &#8211; dey\u0259 ekspert s\u00f6zl\u0259rini yekunla\u015fd\u0131r\u0131b.<\/p>\n<p>Qeyd olunan sazi\u015fl\u0259r faktiki olaraq Az\u0259rbaycanla Ukrayna aras\u0131nda m\u00fcxt\u0259lif istiqam\u0259tl\u0259rd\u0259 qar\u015f\u0131l\u0131ql\u0131 m\u00fcnasib\u0259tl\u0259rin inki\u015faf\u0131nda yeni s\u0259hif\u0259 a\u00e7\u0131r. Prezident \u0130lham \u018fliyevin s\u0259f\u0259ri \u00e7\u0259r\u00e7iv\u0259sind\u0259 \u0259ld\u0259 olunmu\u015f raz\u0131la\u015fmalar\u0131n realla\u015fd\u0131r\u0131lmas\u0131 iki \u00f6lk\u0259nin iqtisadiyyat\u0131n\u0131n daha s\u00fcr\u0259tli inki\u015faf\u0131na yol a\u00e7acaq v\u0259 b\u00f6y\u00fck dividendl\u0259r g\u0259tir\u0259c\u0259k.<\/p>\n","protected":false},"excerpt":{"rendered":"<p>Yanvar\u0131n 14-d\u0259 Az\u0259rbaycan Prezidenti \u0130lham \u018fliyevin Ukraynaya i\u015fg\u00fczar s\u0259f\u0259ri ba\u015f tutub. S\u0259f\u0259r \u00e7\u0259r\u00e7iv\u0259sind\u0259 iqtisadiyyat\u0131n m\u00fcxt\u0259lif sah\u0259l\u0259rind\u0259 ikit\u0259r\u0259fli m\u00fcnasib\u0259tl\u0259rin inki\u015faf\u0131nda yeni s\u0259hif\u0259l\u0259r a\u00e7an vacib s\u0259n\u0259dl\u0259r imzalan\u0131b. \u00dcmumilikd\u0259, t\u0259r\u0259fl\u0259r be\u015f s\u0259n\u0259d v\u0259 prezidentl\u0259rin birg\u0259 b\u0259yannam\u0259sini imzalay\u0131b. Bu s\u0259n\u0259dl\u0259r\u0259 &#8220;Qida t\u0259hl\u00fck\u0259sizliyi sah\u0259sind\u0259 \u0259m\u0259kda\u015fl\u0131q haqq\u0131nda&#8221; sazi\u015f, &#8220;\u0130kit\u0259r\u0259fli ticar\u0259td\u0259 t\u0259cili \u0259m\u0259kda\u015fl\u0131q haqq\u0131nda&#8221; anla\u015fma memorandumu, &#8220;Aqrar sah\u0259d\u0259 \u0259m\u0259kda\u015fl\u0131q haqq\u0131nda&#8221; anla\u015fma memorandumu, &#8220;Neft-qaz Ukrain\u0131&#8221; Milli S\u0259hmdar \u015eirk\u0259ti&#8221; S\u0259hmdar C\u0259miyy\u0259ti il\u0259 Az\u0259rbaycan D\u00f6vl\u0259t Neft \u015eirk\u0259ti &#8211; SOCAR aras\u0131nda &#8220;Energetika sah\u0259sind\u0259 \u0259m\u0259kda\u015fl\u0131q haqq\u0131nda&#8221; anla\u015fma memorandumu, &#8220;Torpaq m\u00fcnasib\u0259tl\u0259ri, d\u00f6vl\u0259t torpaqlar\u0131n\u0131n idar\u0259 edilm\u0259si v\u0259 d\u00f6vl\u0259t torpaq kadastr\u0131 sah\u0259sind\u0259 \u0259m\u0259kda\u015fl\u0131q haqq\u0131nda&#8221; anla\u015fma&hellip;<\/p>\n","protected":false},"author":2,"featured_media":426584,"comment_status":"closed","ping_status":"closed","sticky":false,"template":"","format":"standard","meta":{"om_disable_all_campaigns":false,"_monsterinsights_skip_tracking":false,"_monsterinsights_sitenote_active":false,"_monsterinsights_sitenote_note":"","_monsterinsights_sitenote_category":0},"categories":[4],"tags":[],"aioseo_notices":[],"gutentor_comment":0,"rttpg_featured_image_url":{"full":["https:\/\/arantv.az\/wp-content\/uploads\/2022\/01\/1011917.jpg",800,600,false],"landscape":["https:\/\/arantv.az\/wp-content\/uploads\/2022\/01\/1011917.jpg",800,600,false],"portraits":["https:\/\/arantv.az\/wp-content\/uploads\/2022\/01\/1011917.jpg",800,600,false],"thumbnail":["https:\/\/arantv.az\/wp-content\/uploads\/2022\/01\/1011917-500x280.jpg",500,280,true],"medium":["https:\/\/arantv.az\/wp-content\/uploads\/2022\/01\/1011917-487x365.jpg",487,365,true],"large":["https:\/\/arantv.az\/wp-content\/uploads\/2022\/01\/1011917.jpg",640,480,false],"1536x1536":["https:\/\/arantv.az\/wp-content\/uploads\/2022\/01\/1011917.jpg",800,600,false],"2048x2048":["https:\/\/arantv.az\/wp-content\/uploads\/2022\/01\/1011917.jpg",800,600,false],"post-thumbnail":["https:\/\/arantv.az\/wp-content\/uploads\/2022\/01\/1011917-240x172.jpg",240,172,true],"advps-thumb-one":["https:\/\/arantv.az\/wp-content\/uploads\/2022\/01\/1011917.jpg",800,600,false]},"rttpg_author":{"display_name":"V\u00fcsal Rafiqo\u011flu","author_link":"https:\/\/arantv.az\/?author=2"},"rttpg_comment":0,"rttpg_category":"<a href=\"https:\/\/arantv.az\/?cat=4\" rel=\"category\">Siyas\u0259t<\/a>","rttpg_excerpt":"Yanvar\u0131n 14-d\u0259 Az\u0259rbaycan Prezidenti \u0130lham \u018fliyevin Ukraynaya i\u015fg\u00fczar s\u0259f\u0259ri ba\u015f tutub. S\u0259f\u0259r \u00e7\u0259r\u00e7iv\u0259sind\u0259 iqtisadiyyat\u0131n m\u00fcxt\u0259lif sah\u0259l\u0259rind\u0259 ikit\u0259r\u0259fli m\u00fcnasib\u0259tl\u0259rin inki\u015faf\u0131nda yeni s\u0259hif\u0259l\u0259r a\u00e7an vacib s\u0259n\u0259dl\u0259r imzalan\u0131b. \u00dcmumilikd\u0259, t\u0259r\u0259fl\u0259r be\u015f s\u0259n\u0259d v\u0259 prezidentl\u0259rin birg\u0259 b\u0259yannam\u0259sini imzalay\u0131b. Bu s\u0259n\u0259dl\u0259r\u0259 &#8220;Qida t\u0259hl\u00fck\u0259sizliyi sah\u0259sind\u0259 \u0259m\u0259kda\u015fl\u0131q haqq\u0131nda&#8221; sazi\u015f, &#8220;\u0130kit\u0259r\u0259fli ticar\u0259td\u0259 t\u0259cili \u0259m\u0259kda\u015fl\u0131q haqq\u0131nda&#8221; anla\u015fma memorandumu, &#8220;Aqrar sah\u0259d\u0259 \u0259m\u0259kda\u015fl\u0131q haqq\u0131nda&#8221; anla\u015fma memorandumu,&hellip;","_links":{"self":[{"href":"https:\/\/arantv.az\/index.php?rest_route=\/wp\/v2\/posts\/426583"}],"collection":[{"href":"https:\/\/arantv.az\/index.php?rest_route=\/wp\/v2\/posts"}],"about":[{"href":"https:\/\/arantv.az\/index.php?rest_route=\/wp\/v2\/types\/post"}],"author":[{"embeddable":true,"href":"https:\/\/arantv.az\/index.php?rest_route=\/wp\/v2\/users\/2"}],"replies":[{"embeddable":true,"href":"https:\/\/arantv.az\/index.php?rest_route=%2Fwp%2Fv2%2Fcomments&post=426583"}],"version-history":[{"count":0,"href":"https:\/\/arantv.az\/index.php?rest_route=\/wp\/v2\/posts\/426583\/revisions"}],"wp:featuredmedia":[{"embeddable":true,"href":"https:\/\/arantv.az\/index.php?rest_route=\/wp\/v2\/media\/426584"}],"wp:attachment":[{"href":"https:\/\/arantv.az\/index.php?rest_route=%2Fwp%2Fv2%2Fmedia&parent=426583"}],"wp:term":[{"taxonomy":"category","embeddable":true,"href":"https:\/\/arantv.az\/index.php?rest_route=%2Fwp%2Fv2%2Fcategories&post=426583"},{"taxonomy":"post_tag","embeddable":true,"href":"https:\/\/arantv.az\/index.php?rest_route=%2Fwp%2Fv2%2Ftags&post=426583"}],"curies":[{"name":"wp","href":"https:\/\/api.w.org\/{rel}","templated":true}]}}