{"id":426615,"date":"2022-01-15T10:58:49","date_gmt":"2022-01-15T07:58:49","guid":{"rendered":"http:\/\/arantv.az\/?p=426615"},"modified":"2022-01-15T10:58:49","modified_gmt":"2022-01-15T07:58:49","slug":"ilham-%c9%99liyevin-kiyev-s%c9%99f%c9%99ri-zelenskinin-b%c9%99yanatinda-gizl%c9%99n%c9%99n-m%c9%99qamlar-t%c9%99hlil","status":"publish","type":"post","link":"https:\/\/arantv.az\/?p=426615","title":{"rendered":"\u0130lham \u018fliyevin Kiyev s\u0259f\u0259ri: Zelenskinin b\u0259yanat\u0131nda gizl\u0259n\u0259n m\u0259qamlar \u2013 T\u018fHL\u0130L"},"content":{"rendered":"<p>\u015eu\u015fa B\u0259yannam\u0259si imzaland\u0131qdan sonra s\u0259n\u0259din m\u0259tni il\u0259 tan\u0131\u015fl\u0131q zaman\u0131 Bak\u0131-Ankara strateji m\u00fctt\u0259fiqlik \u0259laq\u0259l\u0259rinin co\u011frafiyas\u0131n\u0131 geni\u015fl\u0259tm\u0259sin\u0259 dair t\u0259\u0259ss\u00fcratlar formala\u015fd\u0131.<\/p>\n<p>Bu s\u0259n\u0259d C\u0259nubi Qafqazda yaranan yeni reall\u0131qlar\u0131n beyn\u0259lxalq sisteml\u0259 \u0259laq\u0259l\u0259ndirilm\u0259si mexanizminin t\u0259rkib hiss\u0259si idi, \u00e7\u00fcnki postm\u00fcharib\u0259 d\u00f6vr\u00fcn\u00fcn d\u0259 \u00e7oxlu riskl\u0259ri m\u00f6vcuddur.<\/p>\n<div class=\"AdviadNativeVideo\"><\/div>\n<p>Postm\u00fcnaqi\u015f\u0259 d\u00f6vr\u00fc Az\u0259rbaycan\u0131 sabit yerd\u0259 qalmama\u011fa, yeni t\u0259hl\u00fck\u0259sizlik m\u00fchiti formala\u015fd\u0131rmaq v\u0259 onu g\u00fccl\u0259ndirm\u0259k \u00fc\u00e7\u00fcn \u0259laq\u0259l\u0259ri geni\u015fl\u0259tm\u0259y\u0259 s\u00f6vq edirdi.<\/p>\n<p>Regional l\u00f6vh\u0259d\u0259 bunun a\u00e7ar\u0131 T\u00fcrkiy\u0259 il\u0259 strateji m\u00fctt\u0259fiqlik m\u00fcnasib\u0259tl\u0259rin\u0259 yeni ideyalar g\u0259tirm\u0259kd\u0259n ke\u00e7ir, bu, Bak\u0131-Ankara tandemind\u0259 birg\u0259 maraqlar\u0131n \u00e7\u0259kisini art\u0131r\u0131r.<\/p>\n<p>Az\u0259rbaycan T\u00fcrkiy\u0259 il\u0259 m\u00fc\u015ft\u0259r\u0259k maraqlar\u0131nda yaranan yeni m\u00fcst\u0259vi iki \u00f6lk\u0259nin strateji x\u0259ttini dig\u0259r co\u011frafiyalara da da\u015f\u0131y\u0131r.<\/p>\n<p>Az\u0259rbaycan Prezidenti \u0130lham \u018fliyevin yanvar\u0131n 14-d\u0259 Kiyev\u0259 s\u0259f\u0259ri zaman\u0131 Ukrayna Prezidenti Volodimir Zelenski il\u0259 g\u00f6r\u00fc\u015f\u00fcn\u00fcn siyasi aspektl\u0259ri Bak\u0131-Ankara strateji maraqlar\u0131 bax\u0131m\u0131ndan izah edilm\u0259lidir.<\/p>\n<p>T\u00fcrkiy\u0259 Rusiya Kr\u0131m\u0131 ilhaq etdikd\u0259n sonra Ukrayna il\u0259 m\u00fcnasib\u0259tl\u0259rinin dair\u0259sini s\u00fcr\u0259tl\u0259 geni\u015fl\u0259ndir\u0259n siyas\u0259t y\u00fcr\u00fcd\u00fcr.<\/p>\n<p>\u00c7\u00fcnki:<\/p>\n<p>1. T\u00fcrkiy\u0259 Ukraynada \u0259n b\u00f6y\u00fck investorlardand\u0131r (4,5 milyard dollarl\u0131q s\u0259rmay\u0259 il\u0259&#8230; \u00d6lk\u0259d\u0259 700-d\u0259n \u00e7ox T\u00fcrkiy\u0259 \u015firk\u0259ti m\u00f6vcuddur),<\/p>\n<p>2. Ukraynaya Rusiyan\u0131n h\u0259r hans\u0131 h\u0259rbi m\u00fcdaxil\u0259si h\u0259min yat\u0131r\u0131mlar\u0131n taleyini sual alt\u0131na qoyar.<\/p>\n<p>Az\u0259rbaycan \u00fc\u00e7\u00fcn d\u0259 s\u0259rmay\u0259 yat\u0131rmaq \u00fc\u00e7\u00fcn \u0259n \u0259lveri\u015fli \u00f6lk\u0259l\u0259rd\u0259n biri Ukraynad\u0131r, indi bu iqtisadi z\u0259ncird\u0259 yeni halqalar yaratmaq v\u0259 onun t\u0259hl\u00fck\u0259sizliyi \u00fc\u00e7\u00fcn konkret istiqam\u0259tl\u0259ri ortaya qoymaq laz\u0131md\u0131r.<\/p>\n<p>Bu is\u0259, Qara d\u0259nizd\u0259 t\u0259hl\u00fck\u0259sizlik \u00fc\u00e7\u00fcn yeni g\u00fcnd\u0259liyin \u0259rs\u0259y\u0259 g\u0259lm\u0259sind\u0259n ke\u00e7ir, \u00e7\u00fcnki Rusiya ilhaq etdiyi Kr\u0131mda h\u0259rbi obyektl\u0259rin say\u0131n\u0131 art\u0131r\u0131b v\u0259 ora yeni silahlar yerl\u0259\u015fdirib. Kremlin bu add\u0131m\u0131 Qara d\u0259niz regionunda t\u0259hl\u00fck\u0259sizlik v\u0259ziyy\u0259tini sars\u0131da bil\u0259c\u0259k akt kimi n\u0259z\u0259rd\u0259n ke\u00e7irilir, bu, t\u0259kc\u0259 Qara d\u0259niz h\u00f6vz\u0259sin\u0259 daxil olan Ukrayna v\u0259 T\u00fcrkiy\u0259nin deyil, el\u0259c\u0259 d\u0259 regional v\u0259 qlobal n\u0259tic\u0259l\u0259r hasil ed\u0259n t\u0259hl\u00fck\u0259sizlik problemidir.<\/p>\n<p>Az\u0259rbaycan da Qara d\u0259nizin t\u0259hl\u00fck\u0259sizliyin\u0259 t\u00f6hf\u0259 ver\u0259n d\u00f6vl\u0259t\u0259 \u00e7evrilir, Bak\u0131-Ankara-Ukrayna \u00fc\u00e7l\u00fcy\u00fcn\u00fcn Qara d\u0259nizd\u0259ki h\u0259rbi i\u015ftirak\u0131n\u0131 Q\u0259rb d\u0259 d\u0259st\u0259kl\u0259yir.<\/p>\n<p>Riskl\u0259r\u0259 qar\u015f\u0131 yeni platformada maraqlar\u0131n beyn\u0259lxalq konyunktura il\u0259 sinxronla\u015fd\u0131r\u0131lmas\u0131 da \u0259h\u0259miyy\u0259tli d\u0259r\u0259c\u0259d\u0259 vacibdir ki, risk amilin\u0259 qar\u015f\u0131 qoruyucu mexanizml\u0259r formala\u015fs\u0131n.<\/p>\n<p>Volodimir Zelenskinin \u0130lham \u018fliyevl\u0259 m\u0259tbuata birg\u0259 b\u0259yanat\u0131nda m\u00fczakir\u0259l\u0259rin m\u00f6vzusuna dair dediyind\u0259 Qara d\u0259nizd\u0259 t\u0259hl\u00fck\u0259sizlik m\u0259s\u0259l\u0259si yer tutur.<\/p>\n<p>S\u0130TAT: \u201cBiz t\u0259hl\u00fck\u0259sizlik m\u0259s\u0259l\u0259l\u0259ri &#8211; X\u0259z\u0259r v\u0259 Qara d\u0259niz h\u00f6vz\u0259l\u0259rind\u0259 t\u0259hl\u00fck\u0259sizlik m\u0259s\u0259l\u0259l\u0259ri il\u0259 m\u0259\u015f\u011ful olaca\u011f\u0131q, terror\u00e7ulu\u011fa qar\u015f\u0131 birg\u0259 m\u00fcbariz\u0259 aparaca\u011f\u0131q, b\u00fct\u00fcn \u00e7\u0259tinlikl\u0259ri birg\u0259 n\u0259z\u0259rd\u0259n ke\u00e7ir\u0259r\u0259k ist\u0259r regional, ist\u0259r qlobal \u00e7\u0259tinlikl\u0259ri birg\u0259 ara\u015fd\u0131raraq cavab h\u0259ll\u0259rini haz\u0131rlayaca\u011f\u0131q\u201d.<\/p>\n<p>Qar\u015f\u0131l\u0131ql\u0131 yard\u0131ma \u0259saslanan bu konsepsiya X\u0259z\u0259r d\u0259nizinin d\u0259 t\u0259hl\u00fck\u0259sizliyini qarantiya alt\u0131na ala bil\u0259r.<\/p>\n<p>N\u0259z\u0259r\u0259 alaq ki:<\/p>\n<p>1. 2021-ci ilin sentyabr\u0131nda Az\u0259rbaycan v\u0259 T\u00fcrkiy\u0259 d\u0259niz q\u00fcvv\u0259l\u0259rinin x\u00fcsusi t\u0259yinatl\u0131lar\u0131 X\u0259z\u0259rd\u0259 birg\u0259 t\u0259liml\u0259r ke\u00e7irmi\u015fdil\u0259r,<\/p>\n<p>2. Bu t\u0259limin m\u0259qs\u0259di t\u0259kc\u0259 iki \u00f6lk\u0259nin h\u00fcdudlar\u0131 il\u0259 m\u0259hdudla\u015fan t\u0259hl\u00fck\u0259sizlik t\u0259dbiri deyildi, bu, h\u0259m d\u0259 regional sabitliy\u0259 y\u00f6n\u0259l t\u0259hdidl\u0259rin qar\u015f\u0131s\u0131n\u0131n al\u0131nmas\u0131 \u00fc\u00e7\u00fcn pe\u015f\u0259kar m\u0259\u015fq idi.<\/p>\n<p>T\u00fcrkiy\u0259 G\u00fcrc\u00fcstan, Ukrayna, Az\u0259rbaycan v\u0259 Moldovan\u0131n t\u0259msil olundu\u011fu GUAM platformas\u0131n\u0131n f\u0259aliyy\u0259tini aktiv fazaya ke\u00e7irm\u0259k ist\u0259yir.<\/p>\n<p>Zelenskinin GUAM \u00e7\u0259r\u00e7iv\u0259sind\u0259 n\u0259qliyyat d\u0259hlizinin \u015fax\u0259l\u0259ndirilm\u0259sinin vacibliyini dil\u0259 g\u0259tirm\u0259si d\u0259 T\u00fcrkiy\u0259 strategiyas\u0131n\u0131n \u015ftrixl\u0259rinin ifad\u0259sidir.<\/p>\n<p>\u0130lham \u018fliyevin s\u0259f\u0259rinin siyasi t\u0259r\u0259fl\u0259rin\u0259 dair g\u0259lin\u0259n n\u0259tic\u0259:<\/p>\n<p>1. Az\u0259rbaycan-T\u00fcrkiy\u0259-Ukrayna strateji platformas\u0131 yaran\u0131r,<\/p>\n<p>2. Az\u0259rbaycan regional oyun\u00e7u kimi yeni s\u0131naqlara qar\u015f\u0131 potensial\u0131n\u0131 ortaya qoyur.<\/p>\n","protected":false},"excerpt":{"rendered":"<p>\u015eu\u015fa B\u0259yannam\u0259si imzaland\u0131qdan sonra s\u0259n\u0259din m\u0259tni il\u0259 tan\u0131\u015fl\u0131q zaman\u0131 Bak\u0131-Ankara strateji m\u00fctt\u0259fiqlik \u0259laq\u0259l\u0259rinin co\u011frafiyas\u0131n\u0131 geni\u015fl\u0259tm\u0259sin\u0259 dair t\u0259\u0259ss\u00fcratlar formala\u015fd\u0131. Bu s\u0259n\u0259d C\u0259nubi Qafqazda yaranan yeni reall\u0131qlar\u0131n beyn\u0259lxalq sisteml\u0259 \u0259laq\u0259l\u0259ndirilm\u0259si mexanizminin t\u0259rkib hiss\u0259si idi, \u00e7\u00fcnki postm\u00fcharib\u0259 d\u00f6vr\u00fcn\u00fcn d\u0259 \u00e7oxlu riskl\u0259ri m\u00f6vcuddur. Postm\u00fcnaqi\u015f\u0259 d\u00f6vr\u00fc Az\u0259rbaycan\u0131 sabit yerd\u0259 qalmama\u011fa, yeni t\u0259hl\u00fck\u0259sizlik m\u00fchiti formala\u015fd\u0131rmaq v\u0259 onu g\u00fccl\u0259ndirm\u0259k \u00fc\u00e7\u00fcn \u0259laq\u0259l\u0259ri geni\u015fl\u0259tm\u0259y\u0259 s\u00f6vq edirdi. Regional l\u00f6vh\u0259d\u0259 bunun a\u00e7ar\u0131 T\u00fcrkiy\u0259 il\u0259 strateji m\u00fctt\u0259fiqlik m\u00fcnasib\u0259tl\u0259rin\u0259 yeni ideyalar g\u0259tirm\u0259kd\u0259n ke\u00e7ir, bu, Bak\u0131-Ankara tandemind\u0259 birg\u0259 maraqlar\u0131n \u00e7\u0259kisini art\u0131r\u0131r. Az\u0259rbaycan T\u00fcrkiy\u0259 il\u0259 m\u00fc\u015ft\u0259r\u0259k maraqlar\u0131nda yaranan yeni m\u00fcst\u0259vi iki \u00f6lk\u0259nin strateji x\u0259ttini dig\u0259r&hellip;<\/p>\n","protected":false},"author":2,"featured_media":426616,"comment_status":"closed","ping_status":"closed","sticky":false,"template":"","format":"standard","meta":{"om_disable_all_campaigns":false,"_monsterinsights_skip_tracking":false,"_monsterinsights_sitenote_active":false,"_monsterinsights_sitenote_note":"","_monsterinsights_sitenote_category":0},"categories":[4],"tags":[],"aioseo_notices":[],"gutentor_comment":0,"rttpg_featured_image_url":{"full":["https:\/\/arantv.az\/wp-content\/uploads\/2022\/01\/53c6c775f5d61751c669dcd091be5c08_1642154877_extra_large.jpg",620,414,false],"landscape":["https:\/\/arantv.az\/wp-content\/uploads\/2022\/01\/53c6c775f5d61751c669dcd091be5c08_1642154877_extra_large.jpg",620,414,false],"portraits":["https:\/\/arantv.az\/wp-content\/uploads\/2022\/01\/53c6c775f5d61751c669dcd091be5c08_1642154877_extra_large.jpg",620,414,false],"thumbnail":["https:\/\/arantv.az\/wp-content\/uploads\/2022\/01\/53c6c775f5d61751c669dcd091be5c08_1642154877_extra_large-500x280.jpg",500,280,true],"medium":["https:\/\/arantv.az\/wp-content\/uploads\/2022\/01\/53c6c775f5d61751c669dcd091be5c08_1642154877_extra_large-547x365.jpg",547,365,true],"large":["https:\/\/arantv.az\/wp-content\/uploads\/2022\/01\/53c6c775f5d61751c669dcd091be5c08_1642154877_extra_large.jpg",620,414,false],"1536x1536":["https:\/\/arantv.az\/wp-content\/uploads\/2022\/01\/53c6c775f5d61751c669dcd091be5c08_1642154877_extra_large.jpg",620,414,false],"2048x2048":["https:\/\/arantv.az\/wp-content\/uploads\/2022\/01\/53c6c775f5d61751c669dcd091be5c08_1642154877_extra_large.jpg",620,414,false],"post-thumbnail":["https:\/\/arantv.az\/wp-content\/uploads\/2022\/01\/53c6c775f5d61751c669dcd091be5c08_1642154877_extra_large-240x172.jpg",240,172,true],"advps-thumb-one":["https:\/\/arantv.az\/wp-content\/uploads\/2022\/01\/53c6c775f5d61751c669dcd091be5c08_1642154877_extra_large.jpg",620,414,false]},"rttpg_author":{"display_name":"V\u00fcsal Rafiqo\u011flu","author_link":"https:\/\/arantv.az\/?author=2"},"rttpg_comment":0,"rttpg_category":"<a href=\"https:\/\/arantv.az\/?cat=4\" rel=\"category\">Siyas\u0259t<\/a>","rttpg_excerpt":"\u015eu\u015fa B\u0259yannam\u0259si imzaland\u0131qdan sonra s\u0259n\u0259din m\u0259tni il\u0259 tan\u0131\u015fl\u0131q zaman\u0131 Bak\u0131-Ankara strateji m\u00fctt\u0259fiqlik \u0259laq\u0259l\u0259rinin co\u011frafiyas\u0131n\u0131 geni\u015fl\u0259tm\u0259sin\u0259 dair t\u0259\u0259ss\u00fcratlar formala\u015fd\u0131. Bu s\u0259n\u0259d C\u0259nubi Qafqazda yaranan yeni reall\u0131qlar\u0131n beyn\u0259lxalq sisteml\u0259 \u0259laq\u0259l\u0259ndirilm\u0259si mexanizminin t\u0259rkib hiss\u0259si idi, \u00e7\u00fcnki postm\u00fcharib\u0259 d\u00f6vr\u00fcn\u00fcn d\u0259 \u00e7oxlu riskl\u0259ri m\u00f6vcuddur. Postm\u00fcnaqi\u015f\u0259 d\u00f6vr\u00fc Az\u0259rbaycan\u0131 sabit yerd\u0259 qalmama\u011fa, yeni t\u0259hl\u00fck\u0259sizlik m\u00fchiti formala\u015fd\u0131rmaq v\u0259 onu g\u00fccl\u0259ndirm\u0259k \u00fc\u00e7\u00fcn \u0259laq\u0259l\u0259ri geni\u015fl\u0259tm\u0259y\u0259&hellip;","_links":{"self":[{"href":"https:\/\/arantv.az\/index.php?rest_route=\/wp\/v2\/posts\/426615"}],"collection":[{"href":"https:\/\/arantv.az\/index.php?rest_route=\/wp\/v2\/posts"}],"about":[{"href":"https:\/\/arantv.az\/index.php?rest_route=\/wp\/v2\/types\/post"}],"author":[{"embeddable":true,"href":"https:\/\/arantv.az\/index.php?rest_route=\/wp\/v2\/users\/2"}],"replies":[{"embeddable":true,"href":"https:\/\/arantv.az\/index.php?rest_route=%2Fwp%2Fv2%2Fcomments&post=426615"}],"version-history":[{"count":0,"href":"https:\/\/arantv.az\/index.php?rest_route=\/wp\/v2\/posts\/426615\/revisions"}],"wp:featuredmedia":[{"embeddable":true,"href":"https:\/\/arantv.az\/index.php?rest_route=\/wp\/v2\/media\/426616"}],"wp:attachment":[{"href":"https:\/\/arantv.az\/index.php?rest_route=%2Fwp%2Fv2%2Fmedia&parent=426615"}],"wp:term":[{"taxonomy":"category","embeddable":true,"href":"https:\/\/arantv.az\/index.php?rest_route=%2Fwp%2Fv2%2Fcategories&post=426615"},{"taxonomy":"post_tag","embeddable":true,"href":"https:\/\/arantv.az\/index.php?rest_route=%2Fwp%2Fv2%2Ftags&post=426615"}],"curies":[{"name":"wp","href":"https:\/\/api.w.org\/{rel}","templated":true}]}}