{"id":426981,"date":"2022-01-16T09:29:39","date_gmt":"2022-01-16T06:29:39","guid":{"rendered":"http:\/\/arantv.az\/?p=426981"},"modified":"2022-01-16T09:29:39","modified_gmt":"2022-01-16T06:29:39","slug":"beyn%c9%99lxalq-platformada-susa-ilin%c9%99-h%c9%99sr-edilmis-m%c9%99qal%c9%99-d%c9%99rc-olunub-foto","status":"publish","type":"post","link":"https:\/\/arantv.az\/?p=426981","title":{"rendered":"Beyn\u0259lxalq platformada \u201c\u015eu\u015fa ili\u201dn\u0259 h\u0259sr edilmi\u015f m\u0259qal\u0259 d\u0259rc olunub &#8211; FOTO"},"content":{"rendered":"<p>\u201cEuroreporter.co\u201d portal\u0131nda Az\u0259rbaycan Beyn\u0259lxalq M\u00fcnasib\u0259tl\u0259rin T\u0259hlili M\u0259rk\u0259zinin b\u00f6y\u00fck m\u0259sl\u0259h\u0259t\u00e7isi Vasif H\u00fcseynovun Az\u0259rbaycanda \u201c\u015eu\u015fa \u0130li\u201dn\u0259 h\u0259sr olunmu\u015f m\u0259qal\u0259si d\u0259rc edilib.<\/p>\n<p><a href=\"https:\/\/azertag.az\/\" target=\"_blank\" rel=\"noopener\">AZ\u018fRTAC<\/a>\u00a0x\u0259b\u0259r verir ki, m\u0259qal\u0259d\u0259 m\u00fc\u0259llif Az\u0259rbaycan Prezidenti \u0130lham \u018fliyevin D\u00fcnya Az\u0259rbaycanl\u0131lar\u0131n\u0131n H\u0259mr\u0259yliyi G\u00fcn\u00fc v\u0259 Yeni il m\u00fcnasib\u0259til\u0259 xalqa m\u00fcraci\u0259tind\u0259 2022-ci ili \u201c\u015eu\u015fa \u0130li\u201d elan etdiyini xat\u0131rlad\u0131b.<\/p>\n<p>Yaz\u0131da oxuculara \u015eu\u015fa \u015f\u0259h\u0259ri haqq\u0131nda \u0259trafl\u0131 m\u0259lumat verilib. Diqq\u0259t\u0259 \u00e7atd\u0131r\u0131l\u0131b ki, \u015eu\u015fa Az\u0259rbaycan\u0131n Qaraba\u011f b\u00f6lg\u0259sind\u0259 yerl\u0259\u015f\u0259n, \u00f6lk\u0259nin tarixind\u0259 v\u0259 m\u0259d\u0259niyy\u0259tind\u0259 m\u00fch\u00fcm yer tutan \u015f\u0259h\u0259rdir. \u015e\u0259h\u0259rin \u0259sas\u0131 1752-ci ild\u0259 Qaraba\u011f\u0131n ovaxtk\u0131 xan\u0131 P\u0259nah\u0259li xan\u0131n g\u00f6st\u0259ri\u015fi il\u0259 qoyulub. Bu il \u015f\u0259h\u0259rin t\u0259m\u0259linin qoyulmas\u0131n\u0131n 270 ili tamam olur.<\/p>\n<p>Qeyd edilib ki, yarand\u0131\u011f\u0131 ilk ill\u0259rd\u0259n 1992-ci il\u0259 q\u0259d\u0259r \u015eu\u015fa durmadan \u00e7i\u00e7\u0259kl\u0259nib v\u0259 geni\u015f regionun m\u0259d\u0259niyy\u0259t paytaxt\u0131na \u00e7evrilib. \u201cQafqaz konservatoriyas\u0131\u201d adland\u0131r\u0131lan \u015f\u0259h\u0259r bir \u00e7ox m\u0259\u015fhur inc\u0259s\u0259n\u0259t xadiml\u0259rinin &#8211; r\u0259ssamlar\u0131n, musiqi\u00e7il\u0259rin v\u0259 \u015fairl\u0259rin v\u0259t\u0259ni olub. M\u0259s\u0259l\u0259n, Az\u0259rbaycan klassik b\u0259st\u0259kar musiqisinin v\u0259 opera s\u0259n\u0259tinin banisi, \u0130slam d\u00fcnyas\u0131nda ilk opera b\u0259st\u0259kar\u0131 \u00dczeyir Hac\u0131b\u0259yli \u015eu\u015fada do\u011fulub boya-ba\u015fa \u00e7at\u0131b.<\/p>\n<p>\u015e\u0259h\u0259r Az\u0259rbaycan\u0131n m\u0259\u015fhur tenoru B\u00fclb\u00fcl\u00fcn, XIX \u0259srd\u0259 ya\u015fam\u0131\u015f Az\u0259rbaycan \u015fair\u0259si Xur\u015fidbanu Nat\u0259van\u0131n do\u011fuldu\u011fu yer olub. Az\u0259rbaycan poeziyas\u0131nda realizm c\u0259r\u0259yan\u0131n\u0131n \u0259sas\u0131n\u0131 qoymu\u015f Molla P\u0259nah Vaqif \u015eu\u015fada do\u011fulub v\u0259 b\u00fct\u00fcn \u00f6mr\u00fcn\u00fc orada ya\u015fay\u0131b.<\/p>\n<p>\u015eu\u015fa Az\u0259rbaycan\u0131n xal\u00e7a\u00e7\u0131l\u0131q s\u0259n\u0259tinin m\u0259rk\u0259zl\u0259rind\u0259n biri olub v\u0259 XIX \u0259srin ikinci yar\u0131s\u0131nda burada istehsal edil\u0259n yerli xal\u00e7alar d\u00fcnya bazarlar\u0131na \u00e7\u0131xar\u0131l\u0131b. 1867-ci ild\u0259 \u015eu\u015fa xal\u00e7a\u00e7\u0131lar\u0131 Parisd\u0259 ke\u00e7iril\u0259n beyn\u0259lxalq s\u0259rgid\u0259 i\u015ftirak ed\u0259r\u0259k m\u00fckafatlar qazan\u0131blar.<\/p>\n<p>M\u00fc\u0259llif daha sonra bu \u015f\u0259h\u0259rin q\u0259dim tarixi tikilil\u0259rin\u0259 toxunub, onlar\u0131n say\u0131 bar\u0259d\u0259 m\u0259lumat verib. Qeyd edilib ki, tarixboyu bu \u015f\u0259h\u0259rd\u0259 \u0259sas\u0259n az\u0259rbaycanl\u0131lar m\u0259skunla\u015f\u0131blar. 1990-c\u0131 ill\u0259rin \u0259vv\u0259ll\u0259rind\u0259 Erm\u0259nistan\u0131n Az\u0259rbaycana qar\u015f\u0131 apard\u0131\u011f\u0131 geni\u015fmiqyasl\u0131 m\u00fcharib\u0259 zaman\u0131 \u015f\u0259h\u0259r erm\u0259nil\u0259r t\u0259r\u0259find\u0259n i\u015f\u011fal olunub. \u015eu\u015fan\u0131n i\u015f\u011fal\u0131 n\u0259tic\u0259sind\u0259 480 dinc sakin h\u0259lak olub, 600 n\u0259f\u0259r yaralan\u0131b, 22 min n\u0259f\u0259r m\u0259cburi k\u00f6\u00e7k\u00fcn d\u00fc\u015f\u00fcb. Erm\u0259nil\u0259r t\u0259r\u0259find\u0259n girov g\u00f6t\u00fcr\u00fcl\u0259n 68 n\u0259f\u0259rin taleyi bar\u0259d\u0259 h\u0259l\u0259 d\u0259 m\u0259lumat yoxdur. H\u0259m\u00e7inin vur\u011fulan\u0131b ki, i\u015f\u011fal d\u00f6vr\u00fcnd\u0259 \u015f\u0259h\u0259rin 279 dini, tarixi v\u0259 m\u0259d\u0259niyy\u0259t abid\u0259si da\u011f\u0131d\u0131l\u0131b.<\/p>\n<p>X\u00fcsusi diqq\u0259t\u0259 \u00e7atd\u0131r\u0131l\u0131b ki, Erm\u0259nistan \u015eu\u015fan\u0131n h\u0259mi\u015f\u0259 erm\u0259ni m\u0259d\u0259niyy\u0259tinin v\u0259 tarixinin bir par\u00e7as\u0131 oldu\u011funu israrla iddia ets\u0259 d\u0259, \u015f\u0259h\u0259rin b\u0259rpas\u0131na q\u0259tiyy\u0259n diqq\u0259t yetirm\u0259yib. G\u00f6rk\u0259mli britaniyal\u0131 ekspert Tomas de Vaal 2000-ci ill\u0259rin \u0259vv\u0259ll\u0259rind\u0259 \u015eu\u015faya s\u0259f\u0259ri zaman\u0131 m\u00fc\u015fahid\u0259 etdiyi kimi, erm\u0259nil\u0259r \u015f\u0259h\u0259r\u0259 s\u0259rmay\u0259 qoymaq v\u0259 ya\u015famaq \u00fc\u00e7\u00fcn deyil, talan, m\u00fcharib\u0259 q\u0259nim\u0259ti v\u0259 ya ibad\u0259t m\u0259kan\u0131 kimi yana\u015f\u0131rd\u0131lar.<\/p>\n<p>Vur\u011fulan\u0131b ki, \u015eu\u015fa 28 illik i\u015f\u011faldan sonra 2020-ci il noyabr\u0131n 8-d\u0259 Az\u0259rbaycan Silahl\u0131 Q\u00fcvv\u0259l\u0259ri t\u0259r\u0259find\u0259n azad edilib. Bu, \u015f\u0259h\u0259rin tarixind\u0259 yeni s\u0259hif\u0259 a\u00e7\u0131b, \u00e7\u00fcnki Az\u0259rbaycan i\u015f\u011faldan azad edilmi\u015f b\u00fct\u00fcn dig\u0259r \u0259razil\u0259rl\u0259 yana\u015f\u0131, \u015eu\u015fan\u0131 da yenid\u0259n qurmaq \u00fc\u00e7\u00fcn geni\u015f b\u0259rpa-quruculuq plan\u0131n\u0131n icras\u0131na ba\u015flay\u0131b.<\/p>\n<p>2021-ci ilin may\u0131nda Az\u0259rbaycan Prezidenti \u0130lham \u018fliyev \u015eu\u015fa \u015f\u0259h\u0259rinin \u201cAz\u0259rbaycan\u0131n m\u0259d\u0259niyy\u0259t paytaxt\u0131\u201d elan edilm\u0259si haqq\u0131nda S\u0259r\u0259ncam imzalay\u0131b. Bu q\u0259rar \u015f\u0259h\u0259rin tarixi g\u00f6rk\u0259mini b\u0259rpa etm\u0259k, ona \u0259vv\u0259lki \u015f\u00f6hr\u0259tini qaytarmaq v\u0259 \u015eu\u015fan\u0131 \u0259n\u0259n\u0259vi z\u0259ngin m\u0259d\u0259ni h\u0259yat\u0131na qovu\u015fdurmaq, el\u0259c\u0259 d\u0259 \u00e7ox\u0259srlik z\u0259ngin m\u0259d\u0259niyy\u0259t incisi kimi beyn\u0259lxalq al\u0259md\u0259 t\u0259bli\u011f etm\u0259k m\u0259qs\u0259dil\u0259 verilib.<\/p>\n<p>\u015e\u0259h\u0259rin b\u00fct\u00fcn t\u00fcrk d\u00fcnyas\u0131 \u00fc\u00e7\u00fcn tarixi-m\u0259d\u0259ni \u0259h\u0259miyy\u0259tini qeyd ed\u0259n Beyn\u0259lxalq T\u00fcrk M\u0259d\u0259niyy\u0259ti T\u0259\u015fkilat\u0131 \u015eu\u015fan\u0131n 2023-c\u00fc il \u00fc\u00e7\u00fcn \u201cT\u00fcrk d\u00fcnyas\u0131n\u0131n m\u0259d\u0259niyy\u0259t paytaxt\u0131\u201d ad\u0131na namiz\u0259dliyini ir\u0259li s\u00fcr\u00fcb.<\/p>\n<p>\u015eu\u015fa \u015f\u0259h\u0259ri i\u015f\u011faldan azad edil\u0259nd\u0259n d\u0259rhal sonra Az\u0259rbaycan \u015f\u0259h\u0259r\u0259 uzunlu\u011fu y\u00fcz kilometrd\u0259n \u00e7ox olan yeni yolun tikintisin\u0259 ba\u015flad\u0131 v\u0259 bu yolun tikintisi bir ild\u0259n az m\u00fcdd\u0259td\u0259 ba\u015fa \u00e7atd\u0131r\u0131ld\u0131.<\/p>\n<p>Eyni zamanda, bildirilib ki, Az\u0259rbaycan 2021-ci ild\u0259 i\u015f\u011faldan azad edilmi\u015f \u0259razil\u0259rin yenid\u0259n qurulmas\u0131na 2,2 milyard manat (1,1 milyard avro) ay\u0131r\u0131b. Bu v\u0259sait, ilk n\u00f6vb\u0259d\u0259, infrastrukturun (i\u015f\u0131q, qaz, su, rabit\u0259, yol, t\u0259hsil, s\u0259hiyy\u0259 v\u0259 s.), el\u0259c\u0259 d\u0259 m\u0259d\u0259ni v\u0259 tarixi abid\u0259l\u0259rin b\u0259rpas\u0131na y\u00f6n\u0259ldilib.<\/p>\n<p>M\u00fc\u0259llif yekunda yaz\u0131r ki, Az\u0259rbaycan i\u015f\u011faldan \u0259vv\u0259l 700 mind\u0259n \u00e7ox az\u0259rbaycanl\u0131n\u0131n m\u0259skunla\u015fd\u0131\u011f\u0131 regionun yenid\u0259n qurulmas\u0131 \u00fc\u00e7\u00fcn beyn\u0259lxalq investisiya da c\u0259lb etm\u0259k niyy\u0259tind\u0259dir. Beyn\u0259lxalq yard\u0131m bu \u0259razil\u0259rin s\u00fcr\u0259tli reabilitasiyas\u0131na v\u0259 minl\u0259rl\u0259 insan\u0131n 30 illik m\u0259cburi k\u00f6\u00e7k\u00fcn h\u0259yat\u0131ndan sonra geri qay\u0131tmas\u0131na laz\u0131mi ya\u015fay\u0131\u015f \u015f\u0259raiti yaratmaq \u00fc\u00e7\u00fcn \u00e7ox vacibdir.<\/p>\n<p>2022-ci ili \u201c\u015eu\u015fa \u0130li\u201d elan ed\u0259n Az\u0259rbaycan qar\u015f\u0131dan g\u0259l\u0259n il \u00fc\u00e7\u00fcn prioritet istiqam\u0259tini a\u00e7\u0131q \u015f\u0259kild\u0259 m\u00fc\u0259yy\u0259nl\u0259\u015fdirdi: Az\u0259rbaycan xalq\u0131 da\u011f\u0131d\u0131lm\u0131\u015f \u015f\u0259h\u0259r v\u0259 k\u0259ndl\u0259ri b\u0259rpa etm\u0259k, i\u015f\u011faldan azad edilmi\u015f \u0259razil\u0259r\u0259 h\u0259yat qaytarmaq \u0259zmind\u0259dir. Az\u0259rbaycan xalq\u0131 \u015eu\u015fan\u0131 yenid\u0259n Qafqaz\u0131n m\u0259d\u0259niyy\u0259t m\u0259rk\u0259zin\u0259 \u00e7evirm\u0259y\u0259 qadirdir.<\/p>\n<p>&nbsp;<\/p>\n<div class=\"gallery\">\n<div class=\"gallery-i\"><img src=\"https:\/\/cdn.oxu.az\/uploads\/W1siZiIsIjIwMjIvMDEvMTUvMjMvMDkvNDEvZTM4M2VkZDctODg2Ni00ZjAxLTliYzUtM2I2OGVkOWIyMWI0LzE2NDIyNTE2MzExNjM1OTU2MDQ1XzEwMDB4NjY5LmpwZyJdLFsicCIsImVuY29kZSIsImpwZyIsIi1xdWFsaXR5IDgwIl0sWyJwIiwidGh1bWIiLCI1OTB4NTkwXHUwMDNlIl1d?sha=d292af85eee3cd66\" \/><\/div>\n<\/div>\n","protected":false},"excerpt":{"rendered":"<p>\u201cEuroreporter.co\u201d portal\u0131nda Az\u0259rbaycan Beyn\u0259lxalq M\u00fcnasib\u0259tl\u0259rin T\u0259hlili M\u0259rk\u0259zinin b\u00f6y\u00fck m\u0259sl\u0259h\u0259t\u00e7isi Vasif H\u00fcseynovun Az\u0259rbaycanda \u201c\u015eu\u015fa \u0130li\u201dn\u0259 h\u0259sr olunmu\u015f m\u0259qal\u0259si d\u0259rc edilib. AZ\u018fRTAC\u00a0x\u0259b\u0259r verir ki, m\u0259qal\u0259d\u0259 m\u00fc\u0259llif Az\u0259rbaycan Prezidenti \u0130lham \u018fliyevin D\u00fcnya Az\u0259rbaycanl\u0131lar\u0131n\u0131n H\u0259mr\u0259yliyi G\u00fcn\u00fc v\u0259 Yeni il m\u00fcnasib\u0259til\u0259 xalqa m\u00fcraci\u0259tind\u0259 2022-ci ili \u201c\u015eu\u015fa \u0130li\u201d elan etdiyini xat\u0131rlad\u0131b. Yaz\u0131da oxuculara \u015eu\u015fa \u015f\u0259h\u0259ri haqq\u0131nda \u0259trafl\u0131 m\u0259lumat verilib. Diqq\u0259t\u0259 \u00e7atd\u0131r\u0131l\u0131b ki, \u015eu\u015fa Az\u0259rbaycan\u0131n Qaraba\u011f b\u00f6lg\u0259sind\u0259 yerl\u0259\u015f\u0259n, \u00f6lk\u0259nin tarixind\u0259 v\u0259 m\u0259d\u0259niyy\u0259tind\u0259 m\u00fch\u00fcm yer tutan \u015f\u0259h\u0259rdir. \u015e\u0259h\u0259rin \u0259sas\u0131 1752-ci ild\u0259 Qaraba\u011f\u0131n ovaxtk\u0131 xan\u0131 P\u0259nah\u0259li xan\u0131n g\u00f6st\u0259ri\u015fi il\u0259 qoyulub. Bu il \u015f\u0259h\u0259rin t\u0259m\u0259linin qoyulmas\u0131n\u0131n 270 ili tamam olur.&hellip;<\/p>\n","protected":false},"author":2,"featured_media":269207,"comment_status":"closed","ping_status":"closed","sticky":false,"template":"","format":"standard","meta":{"om_disable_all_campaigns":false,"_monsterinsights_skip_tracking":false,"_monsterinsights_sitenote_active":false,"_monsterinsights_sitenote_note":"","_monsterinsights_sitenote_category":0},"categories":[1],"tags":[],"aioseo_notices":[],"gutentor_comment":0,"rttpg_featured_image_url":{"full":["https:\/\/arantv.az\/wp-content\/uploads\/2021\/01\/susa_yeni.jpg",800,450,false],"landscape":["https:\/\/arantv.az\/wp-content\/uploads\/2021\/01\/susa_yeni.jpg",800,450,false],"portraits":["https:\/\/arantv.az\/wp-content\/uploads\/2021\/01\/susa_yeni.jpg",800,450,false],"thumbnail":["https:\/\/arantv.az\/wp-content\/uploads\/2021\/01\/susa_yeni-150x150.jpg",150,150,true],"medium":["https:\/\/arantv.az\/wp-content\/uploads\/2021\/01\/susa_yeni-300x169.jpg",300,169,true],"large":["https:\/\/arantv.az\/wp-content\/uploads\/2021\/01\/susa_yeni.jpg",640,360,false],"1536x1536":["https:\/\/arantv.az\/wp-content\/uploads\/2021\/01\/susa_yeni.jpg",800,450,false],"2048x2048":["https:\/\/arantv.az\/wp-content\/uploads\/2021\/01\/susa_yeni.jpg",800,450,false],"post-thumbnail":["https:\/\/arantv.az\/wp-content\/uploads\/2021\/01\/susa_yeni-240x172.jpg",240,172,true],"advps-thumb-one":["https:\/\/arantv.az\/wp-content\/uploads\/2021\/01\/susa_yeni.jpg",800,450,false]},"rttpg_author":{"display_name":"V\u00fcsal Rafiqo\u011flu","author_link":"https:\/\/arantv.az\/?author=2"},"rttpg_comment":0,"rttpg_category":"<a href=\"https:\/\/arantv.az\/?cat=1\" rel=\"category\">C\u0259miyy\u0259t<\/a>","rttpg_excerpt":"\u201cEuroreporter.co\u201d portal\u0131nda Az\u0259rbaycan Beyn\u0259lxalq M\u00fcnasib\u0259tl\u0259rin T\u0259hlili M\u0259rk\u0259zinin b\u00f6y\u00fck m\u0259sl\u0259h\u0259t\u00e7isi Vasif H\u00fcseynovun Az\u0259rbaycanda \u201c\u015eu\u015fa \u0130li\u201dn\u0259 h\u0259sr olunmu\u015f m\u0259qal\u0259si d\u0259rc edilib. AZ\u018fRTAC\u00a0x\u0259b\u0259r verir ki, m\u0259qal\u0259d\u0259 m\u00fc\u0259llif Az\u0259rbaycan Prezidenti \u0130lham \u018fliyevin D\u00fcnya Az\u0259rbaycanl\u0131lar\u0131n\u0131n H\u0259mr\u0259yliyi G\u00fcn\u00fc v\u0259 Yeni il m\u00fcnasib\u0259til\u0259 xalqa m\u00fcraci\u0259tind\u0259 2022-ci ili \u201c\u015eu\u015fa \u0130li\u201d elan etdiyini xat\u0131rlad\u0131b. Yaz\u0131da oxuculara \u015eu\u015fa \u015f\u0259h\u0259ri haqq\u0131nda \u0259trafl\u0131 m\u0259lumat verilib. Diqq\u0259t\u0259 \u00e7atd\u0131r\u0131l\u0131b&hellip;","_links":{"self":[{"href":"https:\/\/arantv.az\/index.php?rest_route=\/wp\/v2\/posts\/426981"}],"collection":[{"href":"https:\/\/arantv.az\/index.php?rest_route=\/wp\/v2\/posts"}],"about":[{"href":"https:\/\/arantv.az\/index.php?rest_route=\/wp\/v2\/types\/post"}],"author":[{"embeddable":true,"href":"https:\/\/arantv.az\/index.php?rest_route=\/wp\/v2\/users\/2"}],"replies":[{"embeddable":true,"href":"https:\/\/arantv.az\/index.php?rest_route=%2Fwp%2Fv2%2Fcomments&post=426981"}],"version-history":[{"count":0,"href":"https:\/\/arantv.az\/index.php?rest_route=\/wp\/v2\/posts\/426981\/revisions"}],"wp:featuredmedia":[{"embeddable":true,"href":"https:\/\/arantv.az\/index.php?rest_route=\/wp\/v2\/media\/269207"}],"wp:attachment":[{"href":"https:\/\/arantv.az\/index.php?rest_route=%2Fwp%2Fv2%2Fmedia&parent=426981"}],"wp:term":[{"taxonomy":"category","embeddable":true,"href":"https:\/\/arantv.az\/index.php?rest_route=%2Fwp%2Fv2%2Fcategories&post=426981"},{"taxonomy":"post_tag","embeddable":true,"href":"https:\/\/arantv.az\/index.php?rest_route=%2Fwp%2Fv2%2Ftags&post=426981"}],"curies":[{"name":"wp","href":"https:\/\/api.w.org\/{rel}","templated":true}]}}