{"id":426997,"date":"2022-01-16T09:33:40","date_gmt":"2022-01-16T06:33:40","guid":{"rendered":"http:\/\/arantv.az\/?p=426997"},"modified":"2022-01-16T09:33:40","modified_gmt":"2022-01-16T06:33:40","slug":"selcuk-bayraktardan-az%c9%99rbaycana-cagiris-foto","status":"publish","type":"post","link":"https:\/\/arantv.az\/?p=426997","title":{"rendered":"Sel\u00e7uk Bayraktardan Az\u0259rbaycana \u00e7a\u011f\u0131r\u0131\u015f FOTO"},"content":{"rendered":"<div class=\"content lead font-weight-normal\">\n<p><strong><a href=\"https:\/\/ikisahil.az\/post\/278311-azerbaycanda-texnofest-festivali-ne-vaxt-kechirilecek\" target=\"_blank\" rel=\"noopener\">X\u0259b\u0259r verdiyimiz kimi,\u00a0<\/a><\/strong>26-29 may tarixl\u0259rind\u0259 Az\u0259rbaycanda \u201cTexnofest\u201d festival\u0131 ke\u00e7iril\u0259c\u0259k.<\/p>\n<p><strong>ARANTV.AZ x\u0259b\u0259r verir ki,<\/strong>\u00a0T\u00fcrkiy\u0259nin \u201cBaykar Makine\u201d \u015firk\u0259tinin texniki direktoru Sel\u00e7uk Bayraktar \u00f6z\u00fcn\u00fcn \u201cTwitter\u201d s\u0259hif\u0259sind\u0259 festivalla ba\u011fl\u0131 payla\u015f\u0131m edib.<\/p>\n<p><em>\u201cBir mill\u0259t, iki d\u00f6vl\u0259t v\u0259 birlikd\u0259 daha g\u00fccl\u00fc bir g\u0259l\u0259c\u0259k \u00fc\u00e7\u00fcn t\u0259k festival &#8211; Az\u0259rbaycan\u0131n \u0259n b\u00f6y\u00fck texnologiya m\u00fcsabiq\u0259sin\u0259 gec olmadan s\u0259n d\u0259 qo\u015ful\u201d,<\/em>\u00a0&#8211; Sel\u00e7uk Bayraktar qeyd edib.<\/p>\n<p>Qeyd edilib ki, m\u00fcsabiq\u0259y\u0259 son m\u00fcraci\u0259t tarixi fevral\u0131n 17-dir. Yar\u0131\u015flar beyn\u0259lxalq i\u015ftirak\u00e7\u0131lara da a\u00e7\u0131q olacaq. Yar\u0131\u015flarla ba\u011fl\u0131 \u0259trafl\u0131 m\u0259lumat\u0131\u00a0<a href=\"http:\/\/www.teknofest-az\/\" target=\"_blank\" rel=\"noopener\">www.teknofest-az<\/a>\u00a0sayt\u0131ndan \u0259ld\u0259 etm\u0259k m\u00fcmk\u00fcn olacaq.<\/p>\n<div class=\"clearfix\"><\/div>\n<\/div>\n<div class=\"fotorama--hidden\"><\/div>\n<div id=\"galleryList\" class=\"fotorama fotorama1642314754799\" data-nav=\"thumbs\" data-width=\"100%\" data-thumbwidth=\"90\" data-thumbheight=\"60\" data-allowfullscreen=\"true\" data-autoplay=\"3000\" data-ratio=\"1.5\" data-keyboard=\"true\" data-fit=\"contain\">\n<div class=\"fotorama__wrap fotorama__wrap--css3 fotorama__wrap--slide fotorama__wrap--toggle-arrows fotorama__wrap--no-controls\">\n<div class=\"fotorama__stage\">\n<div class=\"fotorama__fullscreen-icon\" tabindex=\"0\" role=\"button\"><\/div>\n<div class=\"fotorama__stage__shaft\">\n<div class=\"fotorama__stage__frame fotorama__loaded fotorama__loaded--img fotorama__active\"><img class=\"fotorama__img\" src=\"https:\/\/ikisahil.az\/photo\/0x0_2\/upload\/gallery\/2022\/01\/15\/-abceedf5164227092264067568510516875.jpg\" \/><\/div>\n<\/div>\n<div class=\"fotorama__video-close\"><\/div>\n<\/div>\n<\/div>\n<\/div>\n<div class=\"sharing my-2 row no-gutters d-print-none\">\n<div class=\"col-md-3\"><\/div>\n<\/div>\n","protected":false},"excerpt":{"rendered":"<p>X\u0259b\u0259r verdiyimiz kimi,\u00a026-29 may tarixl\u0259rind\u0259 Az\u0259rbaycanda \u201cTexnofest\u201d festival\u0131 ke\u00e7iril\u0259c\u0259k. ARANTV.AZ x\u0259b\u0259r verir ki,\u00a0T\u00fcrkiy\u0259nin \u201cBaykar Makine\u201d \u015firk\u0259tinin texniki direktoru Sel\u00e7uk Bayraktar \u00f6z\u00fcn\u00fcn \u201cTwitter\u201d s\u0259hif\u0259sind\u0259 festivalla ba\u011fl\u0131 payla\u015f\u0131m edib. \u201cBir mill\u0259t, iki d\u00f6vl\u0259t v\u0259 birlikd\u0259 daha g\u00fccl\u00fc bir g\u0259l\u0259c\u0259k \u00fc\u00e7\u00fcn t\u0259k festival &#8211; Az\u0259rbaycan\u0131n \u0259n b\u00f6y\u00fck texnologiya m\u00fcsabiq\u0259sin\u0259 gec olmadan s\u0259n d\u0259 qo\u015ful\u201d,\u00a0&#8211; Sel\u00e7uk Bayraktar qeyd edib. Qeyd edilib ki, m\u00fcsabiq\u0259y\u0259 son m\u00fcraci\u0259t tarixi fevral\u0131n 17-dir. Yar\u0131\u015flar beyn\u0259lxalq i\u015ftirak\u00e7\u0131lara da a\u00e7\u0131q olacaq. Yar\u0131\u015flarla ba\u011fl\u0131 \u0259trafl\u0131 m\u0259lumat\u0131\u00a0www.teknofest-az\u00a0sayt\u0131ndan \u0259ld\u0259 etm\u0259k m\u00fcmk\u00fcn olacaq.<\/p>\n","protected":false},"author":2,"featured_media":426998,"comment_status":"closed","ping_status":"closed","sticky":false,"template":"","format":"standard","meta":{"om_disable_all_campaigns":false,"_monsterinsights_skip_tracking":false,"_monsterinsights_sitenote_active":false,"_monsterinsights_sitenote_note":"","_monsterinsights_sitenote_category":0},"categories":[4],"tags":[],"aioseo_notices":[],"gutentor_comment":0,"rttpg_featured_image_url":{"full":["https:\/\/arantv.az\/wp-content\/uploads\/2022\/01\/b8c4c8b2164227066255869548710751032.png",975,540,false],"landscape":["https:\/\/arantv.az\/wp-content\/uploads\/2022\/01\/b8c4c8b2164227066255869548710751032.png",975,540,false],"portraits":["https:\/\/arantv.az\/wp-content\/uploads\/2022\/01\/b8c4c8b2164227066255869548710751032.png",975,540,false],"thumbnail":["https:\/\/arantv.az\/wp-content\/uploads\/2022\/01\/b8c4c8b2164227066255869548710751032-500x280.png",500,280,true],"medium":["https:\/\/arantv.az\/wp-content\/uploads\/2022\/01\/b8c4c8b2164227066255869548710751032-660x365.png",660,365,true],"large":["https:\/\/arantv.az\/wp-content\/uploads\/2022\/01\/b8c4c8b2164227066255869548710751032-840x465.png",640,354,true],"1536x1536":["https:\/\/arantv.az\/wp-content\/uploads\/2022\/01\/b8c4c8b2164227066255869548710751032.png",975,540,false],"2048x2048":["https:\/\/arantv.az\/wp-content\/uploads\/2022\/01\/b8c4c8b2164227066255869548710751032.png",975,540,false],"post-thumbnail":["https:\/\/arantv.az\/wp-content\/uploads\/2022\/01\/b8c4c8b2164227066255869548710751032-240x172.png",240,172,true],"advps-thumb-one":["https:\/\/arantv.az\/wp-content\/uploads\/2022\/01\/b8c4c8b2164227066255869548710751032.png",975,540,false]},"rttpg_author":{"display_name":"V\u00fcsal Rafiqo\u011flu","author_link":"https:\/\/arantv.az\/?author=2"},"rttpg_comment":0,"rttpg_category":"<a href=\"https:\/\/arantv.az\/?cat=4\" rel=\"category\">Siyas\u0259t<\/a>","rttpg_excerpt":"X\u0259b\u0259r verdiyimiz kimi,\u00a026-29 may tarixl\u0259rind\u0259 Az\u0259rbaycanda \u201cTexnofest\u201d festival\u0131 ke\u00e7iril\u0259c\u0259k. ARANTV.AZ x\u0259b\u0259r verir ki,\u00a0T\u00fcrkiy\u0259nin \u201cBaykar Makine\u201d \u015firk\u0259tinin texniki direktoru Sel\u00e7uk Bayraktar \u00f6z\u00fcn\u00fcn \u201cTwitter\u201d s\u0259hif\u0259sind\u0259 festivalla ba\u011fl\u0131 payla\u015f\u0131m edib. \u201cBir mill\u0259t, iki d\u00f6vl\u0259t v\u0259 birlikd\u0259 daha g\u00fccl\u00fc bir g\u0259l\u0259c\u0259k \u00fc\u00e7\u00fcn t\u0259k festival &#8211; Az\u0259rbaycan\u0131n \u0259n b\u00f6y\u00fck texnologiya m\u00fcsabiq\u0259sin\u0259 gec olmadan s\u0259n d\u0259 qo\u015ful\u201d,\u00a0&#8211; Sel\u00e7uk Bayraktar qeyd edib.&hellip;","_links":{"self":[{"href":"https:\/\/arantv.az\/index.php?rest_route=\/wp\/v2\/posts\/426997"}],"collection":[{"href":"https:\/\/arantv.az\/index.php?rest_route=\/wp\/v2\/posts"}],"about":[{"href":"https:\/\/arantv.az\/index.php?rest_route=\/wp\/v2\/types\/post"}],"author":[{"embeddable":true,"href":"https:\/\/arantv.az\/index.php?rest_route=\/wp\/v2\/users\/2"}],"replies":[{"embeddable":true,"href":"https:\/\/arantv.az\/index.php?rest_route=%2Fwp%2Fv2%2Fcomments&post=426997"}],"version-history":[{"count":0,"href":"https:\/\/arantv.az\/index.php?rest_route=\/wp\/v2\/posts\/426997\/revisions"}],"wp:featuredmedia":[{"embeddable":true,"href":"https:\/\/arantv.az\/index.php?rest_route=\/wp\/v2\/media\/426998"}],"wp:attachment":[{"href":"https:\/\/arantv.az\/index.php?rest_route=%2Fwp%2Fv2%2Fmedia&parent=426997"}],"wp:term":[{"taxonomy":"category","embeddable":true,"href":"https:\/\/arantv.az\/index.php?rest_route=%2Fwp%2Fv2%2Fcategories&post=426997"},{"taxonomy":"post_tag","embeddable":true,"href":"https:\/\/arantv.az\/index.php?rest_route=%2Fwp%2Fv2%2Ftags&post=426997"}],"curies":[{"name":"wp","href":"https:\/\/api.w.org\/{rel}","templated":true}]}}