{"id":427000,"date":"2022-01-16T09:34:21","date_gmt":"2022-01-16T06:34:21","guid":{"rendered":"http:\/\/arantv.az\/?p=427000"},"modified":"2022-01-16T09:34:21","modified_gmt":"2022-01-16T06:34:21","slug":"seyxulislam-romada-heyd%c9%99r-%c9%99liyev-fondunun-b%c9%99rpasina-basladigi-komodilla-katakombalarini-ziyar%c9%99t-edib","status":"publish","type":"post","link":"https:\/\/arantv.az\/?p=427000","title":{"rendered":"\u015eeyx\u00fclislam Romada Heyd\u0259r \u018fliyev Fondunun b\u0259rpas\u0131na ba\u015flad\u0131\u011f\u0131 Komodilla katakombalar\u0131n\u0131 ziyar\u0259t edib"},"content":{"rendered":"<p>Qafqaz M\u00fcs\u0259lmanlar\u0131 \u0130dar\u0259sinin (QM\u0130) s\u0259dri \u015feyx\u00fclislam Allah\u015f\u00fck\u00fcr Pa\u015fazad\u0259nin r\u0259hb\u0259rlik etdiyi Az\u0259rbaycandak\u0131 dini icmalar\u0131n t\u0259msil\u00e7il\u0259rind\u0259n ibar\u0259t n\u00fcmay\u0259nd\u0259 hey\u0259ti Romada Heyd\u0259r \u018fliyev Fondunun i\u015ftirak\u0131 il\u0259 b\u0259rpas\u0131na ba\u015flan\u0131lan M\u00fcq\u0259dd\u0259s Komodilla katakombalar\u0131n\u0131 ziyar\u0259t edib.<\/p>\n<p><strong>ARANTV.AZ x\u0259b\u0259r verir ki,<\/strong>\u00a0\u00a0Heyd\u0259r \u018fliyev Fondunun tarixi, m\u0259d\u0259ni v\u0259 dini irsin qorunmas\u0131na xidm\u0259t ed\u0259n layih\u0259l\u0259ri Az\u0259rbaycan\u0131n s\u0259rh\u0259dl\u0259ri il\u0259 m\u0259hdudla\u015fm\u0131r. Art\u0131q on ild\u0259n \u00e7oxdur ki, Fondun d\u0259st\u0259yi il\u0259 Vatikanda v\u0259 Romada m\u00fch\u00fcm tarixi \u0259h\u0259miyy\u0259t da\u015f\u0131yan dini abid\u0259l\u0259r b\u0259rpa olunur.<\/p>\n<p>Roman\u0131n VIII rayonu \u0259razisind\u0259 yerl\u0259\u015f\u0259n M\u00fcq\u0259dd\u0259s Komodilla katakombalar\u0131nda apar\u0131lan restavrasiya i\u015fl\u0259ri is\u0259 \u0130taliya paytaxt\u0131ndak\u0131 katakombalardan birinin ictimaiyy\u0259t \u00fc\u00e7\u00fcn a\u00e7\u0131lmas\u0131 v\u0259 bu yolla \u015f\u0259h\u0259rin m\u0259d\u0259ni z\u0259nginliyin\u0259 daha bir incinin \u0259lav\u0259 olunmas\u0131 il\u0259 n\u0259tic\u0259l\u0259n\u0259c\u0259k.<\/p>\n<p>M\u0259lumat verilib ki, katakombalar\u0131n b\u0259rpas\u0131 i\u015fl\u0259ri Heyd\u0259r \u018fliyev Fondu v\u0259 M\u00fcq\u0259dd\u0259s Taxt-Tac\u0131n M\u00fcq\u0259dd\u0259s Arxeologiya \u015euras\u0131 aras\u0131nda \u00f6t\u0259n ilin mart\u0131nda imzalanan \u0259m\u0259kda\u015fl\u0131q m\u00fcqavil\u0259si \u00e7\u0259r\u00e7iv\u0259sind\u0259 h\u0259yata ke\u00e7irilir. M\u0259qs\u0259d indiy\u0259d\u0259k ictimaiyy\u0259t \u00fc\u00e7\u00fcn qapal\u0131 olan Komodilla katakombalar\u0131n\u0131 b\u0259rpa ed\u0259r\u0259k ziyar\u0259t\u00e7il\u0259rin istifad\u0259sin\u0259 verm\u0259kdir.<\/p>\n<p>Bununla da Heyd\u0259r \u018fliyev Fondu v\u0259 Vatikan aras\u0131nda m\u00f6vcud \u0259m\u0259kda\u015fl\u0131q art\u0131q n\u00f6vb\u0259ti m\u0259rh\u0259l\u0259y\u0259 q\u0259d\u0259m qoyur. Birg\u0259 \u0259m\u0259kda\u015fl\u0131q \u00e7\u0259r\u00e7iv\u0259sind\u0259 ilk m\u0259rh\u0259l\u0259d\u0259 M\u00fcq\u0259dd\u0259s Mar\u00e7ellinio v\u0259 Pietro katakombalar\u0131n\u0131n b\u0259rpas\u0131 layih\u0259si h\u0259yata ke\u00e7irilib. B\u0259rpadan sonra ictimaiyy\u0259t restavrasiya olunmu\u015f h\u0259min katakombalar\u0131 ziyar\u0259t ed\u0259 bilir.<\/p>\n<p>\u0130kinci m\u0259rh\u0259l\u0259d\u0259 is\u0259 M\u00fcq\u0259dd\u0259s Sebastian Bazilikas\u0131nda sarkofaqlar\u0131n restavrasiya edil\u0259r\u0259k qorundu\u011fu muzey yarad\u0131l\u0131b. Haz\u0131rda muzey ziyar\u0259t\u00e7il\u0259r \u00fc\u00e7\u00fcn a\u00e7\u0131qd\u0131r.<\/p>\n","protected":false},"excerpt":{"rendered":"<p>Qafqaz M\u00fcs\u0259lmanlar\u0131 \u0130dar\u0259sinin (QM\u0130) s\u0259dri \u015feyx\u00fclislam Allah\u015f\u00fck\u00fcr Pa\u015fazad\u0259nin r\u0259hb\u0259rlik etdiyi Az\u0259rbaycandak\u0131 dini icmalar\u0131n t\u0259msil\u00e7il\u0259rind\u0259n ibar\u0259t n\u00fcmay\u0259nd\u0259 hey\u0259ti Romada Heyd\u0259r \u018fliyev Fondunun i\u015ftirak\u0131 il\u0259 b\u0259rpas\u0131na ba\u015flan\u0131lan M\u00fcq\u0259dd\u0259s Komodilla katakombalar\u0131n\u0131 ziyar\u0259t edib. ARANTV.AZ x\u0259b\u0259r verir ki,\u00a0\u00a0Heyd\u0259r \u018fliyev Fondunun tarixi, m\u0259d\u0259ni v\u0259 dini irsin qorunmas\u0131na xidm\u0259t ed\u0259n layih\u0259l\u0259ri Az\u0259rbaycan\u0131n s\u0259rh\u0259dl\u0259ri il\u0259 m\u0259hdudla\u015fm\u0131r. Art\u0131q on ild\u0259n \u00e7oxdur ki, Fondun d\u0259st\u0259yi il\u0259 Vatikanda v\u0259 Romada m\u00fch\u00fcm tarixi \u0259h\u0259miyy\u0259t da\u015f\u0131yan dini abid\u0259l\u0259r b\u0259rpa olunur. Roman\u0131n VIII rayonu \u0259razisind\u0259 yerl\u0259\u015f\u0259n M\u00fcq\u0259dd\u0259s Komodilla katakombalar\u0131nda apar\u0131lan restavrasiya i\u015fl\u0259ri is\u0259 \u0130taliya paytaxt\u0131ndak\u0131 katakombalardan birinin ictimaiyy\u0259t \u00fc\u00e7\u00fcn a\u00e7\u0131lmas\u0131 v\u0259 bu yolla&hellip;<\/p>\n","protected":false},"author":2,"featured_media":427001,"comment_status":"closed","ping_status":"closed","sticky":false,"template":"","format":"standard","meta":{"om_disable_all_campaigns":false,"_monsterinsights_skip_tracking":false,"_monsterinsights_sitenote_active":false,"_monsterinsights_sitenote_note":"","_monsterinsights_sitenote_category":0},"categories":[26],"tags":[],"aioseo_notices":[],"gutentor_comment":0,"rttpg_featured_image_url":{"full":["https:\/\/arantv.az\/wp-content\/uploads\/2022\/01\/39ae2ed1164231178677359249310161125.jpg",975,540,false],"landscape":["https:\/\/arantv.az\/wp-content\/uploads\/2022\/01\/39ae2ed1164231178677359249310161125.jpg",975,540,false],"portraits":["https:\/\/arantv.az\/wp-content\/uploads\/2022\/01\/39ae2ed1164231178677359249310161125.jpg",975,540,false],"thumbnail":["https:\/\/arantv.az\/wp-content\/uploads\/2022\/01\/39ae2ed1164231178677359249310161125-500x280.jpg",500,280,true],"medium":["https:\/\/arantv.az\/wp-content\/uploads\/2022\/01\/39ae2ed1164231178677359249310161125-660x365.jpg",660,365,true],"large":["https:\/\/arantv.az\/wp-content\/uploads\/2022\/01\/39ae2ed1164231178677359249310161125-840x465.jpg",640,354,true],"1536x1536":["https:\/\/arantv.az\/wp-content\/uploads\/2022\/01\/39ae2ed1164231178677359249310161125.jpg",975,540,false],"2048x2048":["https:\/\/arantv.az\/wp-content\/uploads\/2022\/01\/39ae2ed1164231178677359249310161125.jpg",975,540,false],"post-thumbnail":["https:\/\/arantv.az\/wp-content\/uploads\/2022\/01\/39ae2ed1164231178677359249310161125-240x172.jpg",240,172,true],"advps-thumb-one":["https:\/\/arantv.az\/wp-content\/uploads\/2022\/01\/39ae2ed1164231178677359249310161125.jpg",975,540,false]},"rttpg_author":{"display_name":"V\u00fcsal Rafiqo\u011flu","author_link":"https:\/\/arantv.az\/?author=2"},"rttpg_comment":0,"rttpg_category":"<a href=\"https:\/\/arantv.az\/?cat=26\" rel=\"category\">Sosial<\/a>","rttpg_excerpt":"Qafqaz M\u00fcs\u0259lmanlar\u0131 \u0130dar\u0259sinin (QM\u0130) s\u0259dri \u015feyx\u00fclislam Allah\u015f\u00fck\u00fcr Pa\u015fazad\u0259nin r\u0259hb\u0259rlik etdiyi Az\u0259rbaycandak\u0131 dini icmalar\u0131n t\u0259msil\u00e7il\u0259rind\u0259n ibar\u0259t n\u00fcmay\u0259nd\u0259 hey\u0259ti Romada Heyd\u0259r \u018fliyev Fondunun i\u015ftirak\u0131 il\u0259 b\u0259rpas\u0131na ba\u015flan\u0131lan M\u00fcq\u0259dd\u0259s Komodilla katakombalar\u0131n\u0131 ziyar\u0259t edib. ARANTV.AZ x\u0259b\u0259r verir ki,\u00a0\u00a0Heyd\u0259r \u018fliyev Fondunun tarixi, m\u0259d\u0259ni v\u0259 dini irsin qorunmas\u0131na xidm\u0259t ed\u0259n layih\u0259l\u0259ri Az\u0259rbaycan\u0131n s\u0259rh\u0259dl\u0259ri il\u0259 m\u0259hdudla\u015fm\u0131r. Art\u0131q on ild\u0259n \u00e7oxdur ki, Fondun&hellip;","_links":{"self":[{"href":"https:\/\/arantv.az\/index.php?rest_route=\/wp\/v2\/posts\/427000"}],"collection":[{"href":"https:\/\/arantv.az\/index.php?rest_route=\/wp\/v2\/posts"}],"about":[{"href":"https:\/\/arantv.az\/index.php?rest_route=\/wp\/v2\/types\/post"}],"author":[{"embeddable":true,"href":"https:\/\/arantv.az\/index.php?rest_route=\/wp\/v2\/users\/2"}],"replies":[{"embeddable":true,"href":"https:\/\/arantv.az\/index.php?rest_route=%2Fwp%2Fv2%2Fcomments&post=427000"}],"version-history":[{"count":0,"href":"https:\/\/arantv.az\/index.php?rest_route=\/wp\/v2\/posts\/427000\/revisions"}],"wp:featuredmedia":[{"embeddable":true,"href":"https:\/\/arantv.az\/index.php?rest_route=\/wp\/v2\/media\/427001"}],"wp:attachment":[{"href":"https:\/\/arantv.az\/index.php?rest_route=%2Fwp%2Fv2%2Fmedia&parent=427000"}],"wp:term":[{"taxonomy":"category","embeddable":true,"href":"https:\/\/arantv.az\/index.php?rest_route=%2Fwp%2Fv2%2Fcategories&post=427000"},{"taxonomy":"post_tag","embeddable":true,"href":"https:\/\/arantv.az\/index.php?rest_route=%2Fwp%2Fv2%2Ftags&post=427000"}],"curies":[{"name":"wp","href":"https:\/\/api.w.org\/{rel}","templated":true}]}}