{"id":427021,"date":"2022-01-16T11:22:20","date_gmt":"2022-01-16T08:22:20","guid":{"rendered":"http:\/\/arantv.az\/?p=427021"},"modified":"2022-01-16T11:22:20","modified_gmt":"2022-01-16T08:22:20","slug":"devid-harris-bizim-ucun-az%c9%99rbaycanin-regional-v%c9%99-qlobal-%c9%99h%c9%99miyy%c9%99ti-boyukdur","status":"publish","type":"post","link":"https:\/\/arantv.az\/?p=427021","title":{"rendered":"Devid Harris: \u201cBizim \u00fc\u00e7\u00fcn Az\u0259rbaycan\u0131n regional v\u0259 qlobal \u0259h\u0259miyy\u0259ti b\u00f6y\u00fckd\u00fcr\u201d"},"content":{"rendered":"<p>Amerika Y\u0259hudi Komit\u0259sinin icra\u00e7\u0131 direktoru Devid Harris tviter s\u0259hif\u0259sind\u0259 Az\u0259rbaycana s\u0259f\u0259ri il\u0259 ba\u011fl\u0131 video payla\u015f\u0131b.<\/p>\n<p><a href=\"https:\/\/azertag.az\/\" target=\"_blank\" rel=\"noopener\">AZ\u018fRTAC<\/a>\u00a0x\u0259b\u0259r verir ki, D.Harris Heyd\u0259r \u018fliyev Beyn\u0259lxalq Aeroportundan payla\u015f\u0131m edib.<\/p>\n<p>\u202aO, payla\u015f\u0131m\u0131nda Az\u0259rbaycana s\u0259f\u0259rl\u0259rini xat\u0131rladaraq \u00f6lk\u0259mizin bir \u00e7ox m\u0259nada heyranedici oldu\u011funu s\u00f6yl\u0259yib. Qeyd edib ki, C\u0259nubi Qafqazda, X\u0259z\u0259r d\u0259nizinin sahilind\u0259, Rusiya, \u0130ran, G\u00fcrc\u00fcstan v\u0259 Erm\u0259nistanla s\u0259rh\u0259dd\u0259 yerl\u0259\u015f\u0259n Az\u0259rbaycan\u0131n d\u00fcnya \u00fc\u00e7\u00fcn \u00f6n\u0259mi b\u00f6y\u00fckd\u00fcr.<\/p>\n<p>O deyib: \u202a\u201cBizim \u00fc\u00e7\u00fcn Az\u0259rbaycan\u0131n regional v\u0259 qlobal \u0259h\u0259miyy\u0259ti b\u00f6y\u00fckd\u00fcr. Az\u0259rbaycan\u0131n y\u0259hudi icmas\u0131 \u00fc\u00e7\u00fcn d\u0259 \u00f6n\u0259mlidir. 2500 ildir ki, y\u0259hudil\u0259rin bu \u0259razil\u0259rd\u0259 ya\u015famas\u0131na baxmayaraq, he\u00e7 vaxt anti-semitizm\u0259 rast g\u0259linm\u0259yib\u201d.<\/p>\n<p>Devid Harris bildirib ki, uzun ill\u0259r \u0259rzind\u0259 Az\u0259rbaycan y\u0259hudil\u0259ri il\u0259 d\u00fcnyan\u0131n \u00e7e\u015fidli \u00f6lk\u0259l\u0259rind\u0259 qar\u015f\u0131la\u015f\u0131b. Onlar\u0131n h\u0259r birinin ortaq c\u0259h\u0259ti Az\u0259rbaycana ba\u011fl\u0131l\u0131qlar\u0131d\u0131r. \u018fhalisinin \u00e7ox hiss\u0259si \u015fi\u0259 m\u00fcs\u0259lmanlar\u0131 olan \u00f6lk\u0259d\u0259 onlar bir ail\u0259 kimi birg\u0259, mehriban \u015f\u0259raitd\u0259 ya\u015fay\u0131rlar. Az\u0259rbaycan \u0130srail d\u00f6vl\u0259ti \u00fc\u00e7\u00fcn d\u0259 \u00f6n\u0259mlidir. Bizim diplomatik \u0259laq\u0259l\u0259rimiz var. Dem\u0259k olar ki, iki \u00f6lk\u0259 aras\u0131nda b\u00fct\u00fcn sah\u0259l\u0259rd\u0259 \u0259laq\u0259l\u0259r s\u0131xd\u0131r. Bu \u00f6lk\u0259 strateji \u0259h\u0259miyy\u0259tin\u0259, co\u011frafi m\u00f6vqeyin\u0259, z\u0259ngin enerji yataqlar\u0131na, AB\u015e il\u0259 m\u00fcnasib\u0259tl\u0259rin\u0259, \u0130sraill\u0259 \u0259m\u0259kda\u015fl\u0131\u011f\u0131na, dini tolerantl\u0131\u011f\u0131na v\u0259 y\u0259hudi xalq\u0131na g\u00f6st\u0259rdiyi h\u00f6rm\u0259t\u0259 g\u00f6r\u0259 b\u00f6y\u00fck \u00f6n\u0259m da\u015f\u0131y\u0131r. Buna g\u00f6r\u0259 m\u0259n buraya 13-c\u00fc d\u0259f\u0259dir g\u0259lir\u0259m\u201d, &#8211; dey\u0259 Devid Harris vur\u011fulay\u0131b.<\/p>\n","protected":false},"excerpt":{"rendered":"<p>Amerika Y\u0259hudi Komit\u0259sinin icra\u00e7\u0131 direktoru Devid Harris tviter s\u0259hif\u0259sind\u0259 Az\u0259rbaycana s\u0259f\u0259ri il\u0259 ba\u011fl\u0131 video payla\u015f\u0131b. AZ\u018fRTAC\u00a0x\u0259b\u0259r verir ki, D.Harris Heyd\u0259r \u018fliyev Beyn\u0259lxalq Aeroportundan payla\u015f\u0131m edib. \u202aO, payla\u015f\u0131m\u0131nda Az\u0259rbaycana s\u0259f\u0259rl\u0259rini xat\u0131rladaraq \u00f6lk\u0259mizin bir \u00e7ox m\u0259nada heyranedici oldu\u011funu s\u00f6yl\u0259yib. Qeyd edib ki, C\u0259nubi Qafqazda, X\u0259z\u0259r d\u0259nizinin sahilind\u0259, Rusiya, \u0130ran, G\u00fcrc\u00fcstan v\u0259 Erm\u0259nistanla s\u0259rh\u0259dd\u0259 yerl\u0259\u015f\u0259n Az\u0259rbaycan\u0131n d\u00fcnya \u00fc\u00e7\u00fcn \u00f6n\u0259mi b\u00f6y\u00fckd\u00fcr. O deyib: \u202a\u201cBizim \u00fc\u00e7\u00fcn Az\u0259rbaycan\u0131n regional v\u0259 qlobal \u0259h\u0259miyy\u0259ti b\u00f6y\u00fckd\u00fcr. Az\u0259rbaycan\u0131n y\u0259hudi icmas\u0131 \u00fc\u00e7\u00fcn d\u0259 \u00f6n\u0259mlidir. 2500 ildir ki, y\u0259hudil\u0259rin bu \u0259razil\u0259rd\u0259 ya\u015famas\u0131na baxmayaraq, he\u00e7 vaxt anti-semitizm\u0259 rast g\u0259linm\u0259yib\u201d. Devid Harris bildirib ki,&hellip;<\/p>\n","protected":false},"author":2,"featured_media":427022,"comment_status":"closed","ping_status":"closed","sticky":false,"template":"","format":"standard","meta":{"om_disable_all_campaigns":false,"_monsterinsights_skip_tracking":false,"_monsterinsights_sitenote_active":false,"_monsterinsights_sitenote_note":"","_monsterinsights_sitenote_category":0},"categories":[4],"tags":[],"aioseo_notices":[],"gutentor_comment":0,"rttpg_featured_image_url":{"full":["https:\/\/arantv.az\/wp-content\/uploads\/2022\/01\/David-Harris-GlobalForum-Headshot.jpg",620,413,false],"landscape":["https:\/\/arantv.az\/wp-content\/uploads\/2022\/01\/David-Harris-GlobalForum-Headshot.jpg",620,413,false],"portraits":["https:\/\/arantv.az\/wp-content\/uploads\/2022\/01\/David-Harris-GlobalForum-Headshot.jpg",620,413,false],"thumbnail":["https:\/\/arantv.az\/wp-content\/uploads\/2022\/01\/David-Harris-GlobalForum-Headshot-500x280.jpg",500,280,true],"medium":["https:\/\/arantv.az\/wp-content\/uploads\/2022\/01\/David-Harris-GlobalForum-Headshot-548x365.jpg",548,365,true],"large":["https:\/\/arantv.az\/wp-content\/uploads\/2022\/01\/David-Harris-GlobalForum-Headshot.jpg",620,413,false],"1536x1536":["https:\/\/arantv.az\/wp-content\/uploads\/2022\/01\/David-Harris-GlobalForum-Headshot.jpg",620,413,false],"2048x2048":["https:\/\/arantv.az\/wp-content\/uploads\/2022\/01\/David-Harris-GlobalForum-Headshot.jpg",620,413,false],"post-thumbnail":["https:\/\/arantv.az\/wp-content\/uploads\/2022\/01\/David-Harris-GlobalForum-Headshot-240x172.jpg",240,172,true],"advps-thumb-one":["https:\/\/arantv.az\/wp-content\/uploads\/2022\/01\/David-Harris-GlobalForum-Headshot.jpg",620,413,false]},"rttpg_author":{"display_name":"V\u00fcsal Rafiqo\u011flu","author_link":"https:\/\/arantv.az\/?author=2"},"rttpg_comment":0,"rttpg_category":"<a href=\"https:\/\/arantv.az\/?cat=4\" rel=\"category\">Siyas\u0259t<\/a>","rttpg_excerpt":"Amerika Y\u0259hudi Komit\u0259sinin icra\u00e7\u0131 direktoru Devid Harris tviter s\u0259hif\u0259sind\u0259 Az\u0259rbaycana s\u0259f\u0259ri il\u0259 ba\u011fl\u0131 video payla\u015f\u0131b. AZ\u018fRTAC\u00a0x\u0259b\u0259r verir ki, D.Harris Heyd\u0259r \u018fliyev Beyn\u0259lxalq Aeroportundan payla\u015f\u0131m edib. \u202aO, payla\u015f\u0131m\u0131nda Az\u0259rbaycana s\u0259f\u0259rl\u0259rini xat\u0131rladaraq \u00f6lk\u0259mizin bir \u00e7ox m\u0259nada heyranedici oldu\u011funu s\u00f6yl\u0259yib. Qeyd edib ki, C\u0259nubi Qafqazda, X\u0259z\u0259r d\u0259nizinin sahilind\u0259, Rusiya, \u0130ran, G\u00fcrc\u00fcstan v\u0259 Erm\u0259nistanla s\u0259rh\u0259dd\u0259 yerl\u0259\u015f\u0259n Az\u0259rbaycan\u0131n d\u00fcnya \u00fc\u00e7\u00fcn&hellip;","_links":{"self":[{"href":"https:\/\/arantv.az\/index.php?rest_route=\/wp\/v2\/posts\/427021"}],"collection":[{"href":"https:\/\/arantv.az\/index.php?rest_route=\/wp\/v2\/posts"}],"about":[{"href":"https:\/\/arantv.az\/index.php?rest_route=\/wp\/v2\/types\/post"}],"author":[{"embeddable":true,"href":"https:\/\/arantv.az\/index.php?rest_route=\/wp\/v2\/users\/2"}],"replies":[{"embeddable":true,"href":"https:\/\/arantv.az\/index.php?rest_route=%2Fwp%2Fv2%2Fcomments&post=427021"}],"version-history":[{"count":0,"href":"https:\/\/arantv.az\/index.php?rest_route=\/wp\/v2\/posts\/427021\/revisions"}],"wp:featuredmedia":[{"embeddable":true,"href":"https:\/\/arantv.az\/index.php?rest_route=\/wp\/v2\/media\/427022"}],"wp:attachment":[{"href":"https:\/\/arantv.az\/index.php?rest_route=%2Fwp%2Fv2%2Fmedia&parent=427021"}],"wp:term":[{"taxonomy":"category","embeddable":true,"href":"https:\/\/arantv.az\/index.php?rest_route=%2Fwp%2Fv2%2Fcategories&post=427021"},{"taxonomy":"post_tag","embeddable":true,"href":"https:\/\/arantv.az\/index.php?rest_route=%2Fwp%2Fv2%2Ftags&post=427021"}],"curies":[{"name":"wp","href":"https:\/\/api.w.org\/{rel}","templated":true}]}}