{"id":427238,"date":"2022-01-17T09:33:08","date_gmt":"2022-01-17T06:33:08","guid":{"rendered":"http:\/\/arantv.az\/?p=427238"},"modified":"2022-01-17T09:33:08","modified_gmt":"2022-01-17T06:33:08","slug":"az%c9%99rbaycanda-5-yasli-usagin-olduyu-hadis%c9%99nin-d%c9%99hs%c9%99tli-t%c9%99f%c9%99rruati","status":"publish","type":"post","link":"https:\/\/arantv.az\/?p=427238","title":{"rendered":"Az\u0259rbaycanda 5 ya\u015fl\u0131 u\u015fa\u011f\u0131n \u00f6ld\u00fcy\u00fc hadis\u0259nin D\u018fH\u015e\u018fTL\u0130 T\u018fF\u018fRR\u00dcATI"},"content":{"rendered":"<p><strong>Yanvar\u0131n 15-n\u0259 ke\u00e7\u0259n gec\u0259 A\u011fcab\u0259di rayonunun Poladl\u0131 k\u0259ndind\u0259 2017-ci il t\u0259v\u0259ll\u00fcdl\u00fc V\u0259liyev Zal\u0131\u015f Etibar o\u011flunun \u00f6ld\u00fcy\u00fc a\u011f\u0131r yol q\u0259zas\u0131n\u0131n t\u0259f\u0259rr\u00fcatlar\u0131 m\u0259lum olub.<\/strong><\/p>\n<p><strong>ARANTV.AZ\u00a0<\/strong> Publika.az-a istinad\u0259n x\u0259b\u0259r verir ki, q\u0259za zaman\u0131 5 ya\u015fl\u0131 u\u015faq atas\u0131n\u0131n, y\u0259ni hadis\u0259ni t\u00f6r\u0259d\u0259n s\u00fcr\u00fcc\u00fc &#8211; 1991-ci il t\u0259v\u0259ll\u00fcdl\u00fc V\u0259liyev Etibar Zal\u0131\u015f o\u011flunun quca\u011f\u0131nda olub.<\/p>\n<p>Bel\u0259 ki, k\u0259ndd\u0259 toy m\u0259clisind\u0259 i\u015ftirak ed\u0259n Etibar daha sonra i\u00e7kili v\u0259ziyy\u0259td\u0259 \u00f6z\u00fcn\u0259 m\u0259xsus &#8220;VAZ 2106&#8221; markal\u0131 avtomobilin s\u00fckan\u0131 arxas\u0131na ke\u00e7ib. O, yola \u00e7\u0131xark\u0259n 5 ya\u015fl\u0131 o\u011flunu quca\u011f\u0131nda saxlay\u0131b v\u0259 u\u015faq quca\u011f\u0131nda ola-ola ma\u015f\u0131n\u0131 idar\u0259 edib. Bir q\u0259d\u0259r getdikd\u0259n sonra avtomobil Etibar V\u0259liyevin idar\u0259etm\u0259sind\u0259n \u00e7\u0131xaraq a\u015f\u0131b. N\u0259tic\u0259d\u0259 s\u00fcr\u00fcc\u00fcn\u00fcn 5 ya\u015fl\u0131 o\u011flu a\u011f\u0131r x\u0259sar\u0259tl\u0259r alaraq v\u0259fat edib. Etibar V\u0259liyev is\u0259 A\u011fdam rayon M\u0259rk\u0259zi X\u0259st\u0259xanas\u0131na \u00e7atd\u0131r\u0131l\u0131b.<\/p>\n<p>Faktla ba\u011fl\u0131 cinay\u0259t i\u015fi a\u00e7\u0131l\u0131b, ara\u015fd\u0131rmalar davam etdirilir.<\/p>\n","protected":false},"excerpt":{"rendered":"<p>Yanvar\u0131n 15-n\u0259 ke\u00e7\u0259n gec\u0259 A\u011fcab\u0259di rayonunun Poladl\u0131 k\u0259ndind\u0259 2017-ci il t\u0259v\u0259ll\u00fcdl\u00fc V\u0259liyev Zal\u0131\u015f Etibar o\u011flunun \u00f6ld\u00fcy\u00fc a\u011f\u0131r yol q\u0259zas\u0131n\u0131n t\u0259f\u0259rr\u00fcatlar\u0131 m\u0259lum olub. ARANTV.AZ\u00a0 Publika.az-a istinad\u0259n x\u0259b\u0259r verir ki, q\u0259za zaman\u0131 5 ya\u015fl\u0131 u\u015faq atas\u0131n\u0131n, y\u0259ni hadis\u0259ni t\u00f6r\u0259d\u0259n s\u00fcr\u00fcc\u00fc &#8211; 1991-ci il t\u0259v\u0259ll\u00fcdl\u00fc V\u0259liyev Etibar Zal\u0131\u015f o\u011flunun quca\u011f\u0131nda olub. Bel\u0259 ki, k\u0259ndd\u0259 toy m\u0259clisind\u0259 i\u015ftirak ed\u0259n Etibar daha sonra i\u00e7kili v\u0259ziyy\u0259td\u0259 \u00f6z\u00fcn\u0259 m\u0259xsus &#8220;VAZ 2106&#8221; markal\u0131 avtomobilin s\u00fckan\u0131 arxas\u0131na ke\u00e7ib. O, yola \u00e7\u0131xark\u0259n 5 ya\u015fl\u0131 o\u011flunu quca\u011f\u0131nda saxlay\u0131b v\u0259 u\u015faq quca\u011f\u0131nda ola-ola ma\u015f\u0131n\u0131 idar\u0259 edib. Bir q\u0259d\u0259r getdikd\u0259n sonra avtomobil Etibar&hellip;<\/p>\n","protected":false},"author":2,"featured_media":427239,"comment_status":"closed","ping_status":"closed","sticky":false,"template":"","format":"standard","meta":{"om_disable_all_campaigns":false,"_monsterinsights_skip_tracking":false,"_monsterinsights_sitenote_active":false,"_monsterinsights_sitenote_note":"","_monsterinsights_sitenote_category":0},"categories":[5],"tags":[],"aioseo_notices":[],"gutentor_comment":0,"rttpg_featured_image_url":{"full":["https:\/\/arantv.az\/wp-content\/uploads\/2022\/01\/1012209.jpg",800,600,false],"landscape":["https:\/\/arantv.az\/wp-content\/uploads\/2022\/01\/1012209.jpg",800,600,false],"portraits":["https:\/\/arantv.az\/wp-content\/uploads\/2022\/01\/1012209.jpg",800,600,false],"thumbnail":["https:\/\/arantv.az\/wp-content\/uploads\/2022\/01\/1012209-500x280.jpg",500,280,true],"medium":["https:\/\/arantv.az\/wp-content\/uploads\/2022\/01\/1012209-487x365.jpg",487,365,true],"large":["https:\/\/arantv.az\/wp-content\/uploads\/2022\/01\/1012209.jpg",640,480,false],"1536x1536":["https:\/\/arantv.az\/wp-content\/uploads\/2022\/01\/1012209.jpg",800,600,false],"2048x2048":["https:\/\/arantv.az\/wp-content\/uploads\/2022\/01\/1012209.jpg",800,600,false],"post-thumbnail":["https:\/\/arantv.az\/wp-content\/uploads\/2022\/01\/1012209-240x172.jpg",240,172,true],"advps-thumb-one":["https:\/\/arantv.az\/wp-content\/uploads\/2022\/01\/1012209.jpg",800,600,false]},"rttpg_author":{"display_name":"V\u00fcsal Rafiqo\u011flu","author_link":"https:\/\/arantv.az\/?author=2"},"rttpg_comment":0,"rttpg_category":"<a href=\"https:\/\/arantv.az\/?cat=5\" rel=\"category\">Hadis\u0259<\/a>","rttpg_excerpt":"Yanvar\u0131n 15-n\u0259 ke\u00e7\u0259n gec\u0259 A\u011fcab\u0259di rayonunun Poladl\u0131 k\u0259ndind\u0259 2017-ci il t\u0259v\u0259ll\u00fcdl\u00fc V\u0259liyev Zal\u0131\u015f Etibar o\u011flunun \u00f6ld\u00fcy\u00fc a\u011f\u0131r yol q\u0259zas\u0131n\u0131n t\u0259f\u0259rr\u00fcatlar\u0131 m\u0259lum olub. ARANTV.AZ\u00a0 Publika.az-a istinad\u0259n x\u0259b\u0259r verir ki, q\u0259za zaman\u0131 5 ya\u015fl\u0131 u\u015faq atas\u0131n\u0131n, y\u0259ni hadis\u0259ni t\u00f6r\u0259d\u0259n s\u00fcr\u00fcc\u00fc &#8211; 1991-ci il t\u0259v\u0259ll\u00fcdl\u00fc V\u0259liyev Etibar Zal\u0131\u015f o\u011flunun quca\u011f\u0131nda olub. Bel\u0259 ki, k\u0259ndd\u0259 toy m\u0259clisind\u0259 i\u015ftirak ed\u0259n&hellip;","_links":{"self":[{"href":"https:\/\/arantv.az\/index.php?rest_route=\/wp\/v2\/posts\/427238"}],"collection":[{"href":"https:\/\/arantv.az\/index.php?rest_route=\/wp\/v2\/posts"}],"about":[{"href":"https:\/\/arantv.az\/index.php?rest_route=\/wp\/v2\/types\/post"}],"author":[{"embeddable":true,"href":"https:\/\/arantv.az\/index.php?rest_route=\/wp\/v2\/users\/2"}],"replies":[{"embeddable":true,"href":"https:\/\/arantv.az\/index.php?rest_route=%2Fwp%2Fv2%2Fcomments&post=427238"}],"version-history":[{"count":0,"href":"https:\/\/arantv.az\/index.php?rest_route=\/wp\/v2\/posts\/427238\/revisions"}],"wp:featuredmedia":[{"embeddable":true,"href":"https:\/\/arantv.az\/index.php?rest_route=\/wp\/v2\/media\/427239"}],"wp:attachment":[{"href":"https:\/\/arantv.az\/index.php?rest_route=%2Fwp%2Fv2%2Fmedia&parent=427238"}],"wp:term":[{"taxonomy":"category","embeddable":true,"href":"https:\/\/arantv.az\/index.php?rest_route=%2Fwp%2Fv2%2Fcategories&post=427238"},{"taxonomy":"post_tag","embeddable":true,"href":"https:\/\/arantv.az\/index.php?rest_route=%2Fwp%2Fv2%2Ftags&post=427238"}],"curies":[{"name":"wp","href":"https:\/\/api.w.org\/{rel}","templated":true}]}}