{"id":427244,"date":"2022-01-17T09:34:45","date_gmt":"2022-01-17T06:34:45","guid":{"rendered":"http:\/\/arantv.az\/?p=427244"},"modified":"2022-01-17T09:34:45","modified_gmt":"2022-01-17T06:34:45","slug":"turkiy%c9%99d%c9%99n-n%c9%99-ist%c9%99yirik-v%c9%99-ya-bizi-turkiy%c9%99d%c9%99-taniyan-varmi","status":"publish","type":"post","link":"https:\/\/arantv.az\/?p=427244","title":{"rendered":"T\u00fcrkiy\u0259d\u0259n n\u0259 ist\u0259yirik v\u0259 ya bizi T\u00fcrkiy\u0259d\u0259 tan\u0131yan varm\u0131?"},"content":{"rendered":"<blockquote><p><em><strong>Sovet hakimiyy\u0259tinin bomboz ill\u0259rind\u0259 T\u00fcrkiy\u0259 az\u0259rbaycanl\u0131lar \u00fc\u00e7\u00fcn i\u015f\u0131ql\u0131, r\u0259ngli d\u00fcnya dem\u0259k idi. El\u0259 ki, Sovet hakimiyy\u0259ti s\u00fcquta u\u011frad\u0131, az\u0259rbaycanl\u0131lar getm\u0259y\u0259 qon\u015fu \u00f6lk\u0259 se\u00e7m\u0259kl\u0259 t\u0259kc\u0259 \u00f6lk\u0259 yox, h\u0259m d\u0259 m\u00f6vqe, t\u0259r\u0259f, d\u00fc\u015f\u00fcnc\u0259 se\u00e7mi\u015f oldular. Az\u0259rbaycana c\u0259nub qon\u015fusundan g\u0259l\u0259n qara par\u00e7alar, z\u0259ncir idis\u0259, T\u00fcrkiy\u0259d\u0259n Az\u0259rbaycana t\u0259hsil, milli d\u00fc\u015f\u00fcnc\u0259 g\u0259lirdi.<\/strong><\/em><\/p><\/blockquote>\n<p>\u0130ll\u0259r ke\u00e7di, h\u0259yat d\u0259yi\u015fdi. Az\u0259rbaycan, az\u0259rbaycanl\u0131lar d\u0259yi\u015fdi. Dincimizi ald\u0131q, dir\u00e7\u0259ldik, qalib d\u0259 olduq.<\/p>\n<p>Amma b\u0259zi \u015feyl\u0259ri d\u0259yi\u015fm\u0259k \u00fc\u00e7\u00fcn dem\u0259k ki, t\u0259kc\u0259 zamana, g\u00fcc\u0259 yox, h\u0259m d\u0259 diriba\u015fl\u0131\u011fa, s\u00fcr\u0259tli d\u00fc\u015f\u00fcnm\u0259 qabiliyy\u0259tin\u0259 d\u0259 ehtiyac var imi\u015f.<\/p>\n<p>Az\u0259rbaycan v\u0259t\u0259nda\u015f\u0131, d\u00f6vl\u0259t qurumlar\u0131, Az\u0259rbaycanda ya\u015fayan\u0131, xaricd\u0259 ya\u015fayan\u0131 \u0259lind\u0259n g\u0259l\u0259ni, g\u0259lm\u0259y\u0259ni pis-yax\u015f\u0131 \u00f6lk\u0259ni tan\u0131tmaq, t\u0259msil etm\u0259k \u00fc\u00e7\u00fcn bacard\u0131\u011f\u0131n\u0131 edib.<\/p>\n<p>\u00dcmumiyy\u0259tl\u0259 t\u0259kc\u0259 yax\u0131n \u00f6lk\u0259l\u0259rd\u0259 deyil, b\u00fct\u00fcn d\u00fcnyada art\u0131q torpa\u011f\u0131 i\u015f\u011fal alt\u0131nda olan, qa\u00e7q\u0131n\u0131, k\u00f6\u00e7k\u00fcn\u00fc olan \u00f6lk\u0259 yox, qalib \u00f6lk\u0259yik. Kimin \u00fc\u00e7\u00fcns\u0259 torpaq, v\u0259t\u0259n, qalibiyy\u0259t Avropa havas\u0131 alandan sonra m\u0259nas\u0131z, d\u0259xlisiz g\u00f6zl\u0259 g\u00f6r\u00fcnm\u0259y\u0259n, \u0259ll\u0259 tutulmayan n\u0259sn\u0259y\u0259 \u00e7evrilirs\u0259, onlar \u00fc\u00e7\u00fcn d\u0259 qeyd edim ki, torpa\u011f\u0131na qurban oldu\u011funuz Avropa d\u00fcn\u0259n d\u0259, indi d\u0259 bir qar\u0131\u015f torpaq \u00fc\u00e7\u00fcn y\u00fcz minl\u0259rl\u0259 insan \u00f6ld\u00fcr\u00fcb. Bu g\u00fcn d\u0259 d\u00fcnyaya qlobalizm s\u0131r\u0131yanlar\u0131n \u00f6lk\u0259sind\u0259 qalib partiyalar mill\u0259t\u00e7i, h\u0259tta fa\u015fist partiyalard\u0131r.<\/p>\n<p>Az\u0259rbaycan\u0131n haz\u0131rk\u0131 qalib imicin\u0259 g\u00f6r\u0259 is\u0259 hans\u0131sa t\u0259\u015fkilat v\u0259 ya quruma yox, Az\u0259rbaycan\u0131n Ali Ba\u015f Komandan\u0131 v\u0259 Ordusuna minn\u0259tdar\u0131q.<\/p>\n<p>Avropada at oynadan erm\u0259nil\u0259r\u0259 g\u0259linc\u0259, onlar t\u0259kc\u0259 at yox, el\u0259 y\u00fcz ild\u0259n \u00e7oxdur ki, avropal\u0131lar\u0131 da barmaqlar\u0131nda oynad\u0131rlar.\u00a0 Yaz\u0131q, z\u00fclmke\u015f imicl\u0259ri il\u0259 Avropadan h\u0259r c\u00fcr imtiyaz almaqlar\u0131na baxmayaraq, bu ill\u0259r \u0259rzind\u0259 Avropaya, d\u00fcnyaya t\u00fck q\u0259d\u0259r xeyirl\u0259ri d\u0259ym\u0259yib. Avropan\u0131n imtiyaz\u0131, pulu il\u0259 ya\u015fayan, oxuyan hans\u0131 erm\u0259ni ail\u0259sind\u0259n ciddi yaz\u0131\u00e7\u0131, r\u0259ssam, s\u0259n\u0259t adam\u0131, elm adam\u0131 \u00e7\u0131x\u0131b? Bu sual\u0131 erm\u0259nil\u0259r\u0259 ver\u0259nd\u0259 is\u0259 deyirl\u0259r ki, \u00e7aynik alt\u0131n\u0131, qab tutaca\u011f\u0131n\u0131, unitaz qapa\u011f\u0131n\u0131 biz k\u0259\u015ff etmi\u015fik.<\/p>\n<p>Bu ucuzluqlarla yana\u015f\u0131, erm\u0259nil\u0259r \u015f\u0259b\u0259k\u0259 formas\u0131nda i\u015fl\u0259m\u0259yi, \u0259laq\u0259 qurma\u011f\u0131, \u015f\u0259xsi m\u00fcnasib\u0259tl\u0259ri siyasi sferaya q\u0259d\u0259r g\u0259tirib, \u00e7\u0131xarma\u011f\u0131 yax\u015f\u0131 bilirl\u0259r. Bu bacar\u0131qlar\u0131 t\u0259kc\u0259 Avropada yox, el\u0259 Rusiyada, T\u00fcrkiy\u0259d\u0259 d\u0259 al\u0131n\u0131r.<\/p>\n<p>\u018fg\u0259r T\u00fcrkiy\u0259d\u0259 tan\u0131nma\u011fa n\u0259 ehtiyac\u0131m\u0131z var, dey\u0259c\u0259ksinizs\u0259, dem\u0259k ki, d\u00fcnyadan x\u0259b\u0259riniz yoxdur.<\/p>\n<p>T\u00fcrkiy\u0259y\u0259 k\u00f6\u00e7\u0259n\u0259 q\u0259d\u0259r m\u0259n d\u0259 inan\u0131rd\u0131m ki, bizi qarda\u015f \u00f6lk\u0259d\u0259 tan\u0131y\u0131rlar. \u018flb\u0259tt\u0259 ki, bizi tan\u0131y\u0131rlar. Amma nec\u0259?<\/p>\n<p>1.T\u00fcrkiy\u0259d\u0259 Qars , \u0130\u011fd\u0131r, \u018frzurum, Ardahanda ya\u015fayan qar\u0131\u015f\u0131q ail\u0259l\u0259r, h\u0259tta yax\u0131ndan-uzaqdan az\u0259rbaycanl\u0131l\u0131qla \u0259laq\u0259si olmayanlar da \u00f6zl\u0259rini &#8220;azeri&#8221; kimi t\u0259qdim edir, bel\u0259 d\u0259 s\u0259n\u0259dl\u0259\u015fdirirl\u0259r. Bununla yana\u015f\u0131 h\u0259qiq\u0259t\u0259n d\u0259, yeddi n\u0259sli az\u0259rbaycanl\u0131 olub, T\u00fcrkiy\u0259 tarixin\u0259, azadl\u0131q m\u00fcbariz\u0259sin\u0259, c\u00fcmhuriyy\u0259t quruculu\u011funa h\u0259r c\u00fcr xidm\u0259tl\u0259r g\u00f6st\u0259rmi\u015f n\u0259sill\u0259r var ki, bu haqda T\u00fcrkiy\u0259d\u0259 geni\u015f \u015f\u0259kild\u0259 m\u0259lumat\u0131 olan \u00e7ox az insan var.<\/p>\n<p>2. T\u00fcrkiy\u0259 tarixind\u0259, c\u00fcmhuriyy\u0259td\u0259n \u0259vv\u0259l, c\u00fcmhuriyy\u0259t qurulduqdan sonra T\u00fcrkiy\u0259nin s\u0259hiyy\u0259, h\u00fcquq, t\u0259hsil quruculu\u011funda b\u00f6y\u00fck xidm\u0259tl\u0259ri olmu\u015f az\u0259rbaycanl\u0131lar haqda yaln\u0131z konkret ixtisas sahibl\u0259rinin x\u0259b\u0259ri var.<\/p>\n<p>3. Doxsan\u0131nc\u0131 ill\u0259rin \u0259vv\u0259ll\u0259rind\u0259 Az\u0259rbaycanda iqtisadi b\u00f6hran, m\u00fcharib\u0259, m\u0259cburi k\u00f6\u00e7k\u00fcnl\u0259r, sosial v\u0259ziyy\u0259tin a\u011f\u0131rl\u0131\u011f\u0131 m\u00fcxt\u0259lif yollarla insan alveri qurban\u0131na \u00e7evril\u0259n qad\u0131nlar\u0131n say\u0131n\u0131 art\u0131rd\u0131. \u018fr\u0259b \u00f6lk\u0259l\u0259ri il\u0259 yana\u015f\u0131, T\u00fcrkiy\u0259 d\u0259 az\u0259rbaycanl\u0131 qad\u0131nlar\u0131n insan alveri qurban\u0131 kimi apar\u0131ld\u0131\u011f\u0131 \u00f6lk\u0259l\u0259rd\u0259n biri oldu. \u0130ll\u0259r ke\u00e7dikc\u0259, iqtisadi v\u0259ziyy\u0259t, t\u0259hsil, m\u0259lumatland\u0131rma say\u0259sind\u0259 bu sah\u0259 dem\u0259k olar ki, \u00e7\u00f6kd\u00fc. Ancaq dam\u011fas\u0131 qald\u0131. T\u0259\u0259ss\u00fcf hissi il\u0259 qeyd ed\u0259k ki, b\u0259zi ya\u015fanm\u0131\u015fl\u0131qlar unudulmur.<\/p>\n<p>Az\u0259rbaycanl\u0131 qad\u0131n\u0131n imici S\u00fcr\u0259yya A\u011fao\u011flu v\u0259 haz\u0131rda T\u00fcrkiy\u0259 universitetl\u0259rind\u0259, b\u00f6y\u00fck x\u0259st\u0259xanalarda, elm ocaqlar\u0131nda ill\u0259rini qoymu\u015f dig\u0259r az\u0259rbaycanl\u0131 qad\u0131nlar kimi yox, f\u0259rqli obrazda bilinir.<\/p>\n<p>4. H\u0259m\u00e7inin, az\u0259rbaycanl\u0131 ki\u015fi t\u0259kc\u0259 Aksarayda alver ed\u0259n, Osmangazid\u0259 f\u0259hl\u0259lik ed\u0259n adam deyil. T\u00fcrkiy\u0259d\u0259 az\u0259rbaycanl\u0131 ki\u015fi h\u0259m d\u0259 nadir ixtisaslarda d\u0259rs dey\u0259n m\u00fct\u0259xx\u0259ssisdir.<\/p>\n<p>Az\u0259rbaycanl\u0131lar d\u00fc\u015fd\u00fckl\u0259ri yerd\u0259 \u0259n ki\u00e7ik imkanlar\u0131 bel\u0259 d\u0259y\u0259rl\u0259ndir\u0259 bil\u0259n, o imkanlar\u0131 f\u00fcrs\u0259t bilib, geni\u015fl\u0259ndir\u0259n insanlard\u0131r. Biz, biz\u0259 olunan \u0259n ki\u00e7ik yax\u015f\u0131l\u0131qlar\u0131 bel\u0259 unutmuruq. Bu yax\u015f\u0131l\u0131qlar f\u0259rdi olmasa bel\u0259, yadda\u015f\u0131m\u0131zda \u0259b\u0259di iz qoyur. M\u0259n, bir az\u0259rbaycanl\u0131 olaraq xilaskar Qafqaz \u0130slam Ordusunun Az\u0259rbaycan tarixind\u0259ki rolunu bilir\u0259m. K\u00f6n\u00fcl ist\u0259rdi ki, haz\u0131rda ya\u015fad\u0131\u011f\u0131m qarda\u015f \u00f6lk\u0259nin jurnalisti, tarix\u00e7isi, dil\u00e7isi, alimi \u00c7anaqqaladak\u0131 az\u0259rbaycanl\u0131 \u015f\u0259hidl\u0259ri tan\u0131s\u0131n. \u018fhm\u0259d b\u0259y A\u011fao\u011flu, S\u00fcr\u0259yya A\u011fao\u011flu, \u018fli b\u0259y H\u00fcseynzad\u0259, \u018fhm\u0259d C\u0259f\u0259ro\u011flu, Mirz\u0259 G\u00f6kg\u00f6l (Hac\u0131zad\u0259), Nuri Berk\u00f6z (h\u0259rb\u00e7i) Dil\u015fad Tal\u0131bxan Elbrus (atom fiziki), \u0130brahim Safi (r\u0259ssam), \u0130smay\u0131l Saryal v\u0259 o\u011flu Nuri, Mehmet Emin Dar\u011fazad\u0259 (\u018fbd\u00fclh\u0259midin mebeyn\u00e7isi) haqda dan\u0131\u015fanda onlar\u0131n az\u0259rbaycanl\u0131 oldu\u011funu bilsin v\u0259 eyni minn\u0259t hissi il\u0259 ans\u0131n.<\/p>\n<p>Bizi kim tan\u0131tmal\u0131d\u0131r?<\/p>\n<p>Dey\u0259 bil\u0259rsiniz ki, T\u00fcrkiy\u0259d\u0259 biz\u0259 b\u00fct\u00fcn qap\u0131lar a\u00e7\u0131qd\u0131r, ist\u0259diyimiz t\u0259dbiri ke\u00e7ir\u0259 bilirik. \u018flb\u0259tt\u0259 ki, el\u0259dir. T\u00fcrkiy\u0259d\u0259 oteld\u0259 konfrans zal\u0131, qonaqlar \u00fc\u00e7\u00fcn n\u00f6mr\u0259l\u0259r kiray\u0259l\u0259m\u0259k he\u00e7 kim \u00fc\u00e7\u00fcn problem deyil. Bunu inqu\u015f, \u00e7axur, h\u0259m\u015fin d\u0259 ed\u0259 bil\u0259r. Bir-birimizi m\u00fckafatland\u0131rmaq \u00fc\u00e7\u00fcn Azaldan baha biletl\u0259r al\u0131b, \u0130stanbula g\u0259lm\u0259k h\u0259qiq\u0259t\u0259n d\u0259 \u00e7\u0259tindir. Amma bu biz\u0259 Az\u0259rbaycan m\u0259d\u0259niyy\u0259tinin, tarixinin c\u0259miyy\u0259tinin tan\u0131d\u0131lmas\u0131nda k\u00f6m\u0259k etmir.<\/p>\n<p>Arqument olaraq T\u00fcrkiy\u0259nin d\u00f6vl\u0259t kanal\u0131 olan TRT-ni g\u0259tir\u0259c\u0259ksinizs\u0259, bu da bo\u015funad\u0131r. \u0130ki \u00f6lk\u0259nin d\u00f6vl\u0259t kanal\u0131 aras\u0131nda m\u00fcqavil\u0259 var. M\u00fcqavil\u0259 \u0259sas\u0131nda b\u0259zi s\u0259n\u0259dli filml\u0259r v\u0259 ortaq yay\u0131nlar h\u0259yata ke\u00e7irilir. D\u00f6vl\u0259t kanallar\u0131na baxanlar\u0131n ya\u015f qrupu is\u0259 m\u0259lumdur. Az\u0259rbaycan haqq\u0131nda \u00f6z\u0259l televiziyalar v\u0259 q\u0259zetl\u0259rd\u0259 material yox d\u0259r\u0259c\u0259sind\u0259dir.<\/p>\n<p>T\u00fcrkiy\u0259d\u0259 t\u00fcrk dilind\u0259 Qaraba\u011f tarixi, i\u015f\u011fal tarixi il\u0259 ba\u011fl\u0131 axtar\u0131\u015f vers\u0259niz, dem\u0259k olar ki, \u0259l\u0259g\u0259l\u0259n material \u00e7\u0131xmayacaq. H\u0259tta olub ki, T\u00fcrkiy\u0259 jurnalistl\u0259ri \u00f6zl\u0259rin\u0259 \u0259ziyy\u0259t verm\u0259yib. \u0130lk \u00e7\u0131xan materialdan istifad\u0259 edib. \u0130stinad \u00fc\u00e7\u00fcn is\u0259 Agos q\u0259zetinin sayt\u0131ndan istifad\u0259 etm\u0259li olub. Q\u0131naya bil\u0259rikmi? Xeyr. \u00c7\u00fcnki jurnalist\u0259 material, yaz\u0131 laz\u0131md\u0131r. Ona ba\u015fqa \u00f6lk\u0259nin tarixini g\u00fcdm\u0259k, n\u00fcfuzunu qorumaq yox, yaz\u0131 t\u0259hvl verm\u0259k maraql\u0131d\u0131r. Yaz\u0131n\u0131 is\u0259 yazan istinad m\u0259nb\u0259yin\u0259 \u00e7evrilir.<\/p>\n<p>T\u00fcrkiy\u0259 ki\u00e7ik Amerikad\u0131r. B\u0259z\u0259n burda ya\u015fayanlar buran\u0131 d\u00fcnyan\u0131n m\u0259rk\u0259zi hesab edir. Burada siz \u00f6z\u00fcn\u00fcz\u00fc tan\u0131tmayana q\u0259d\u0259r sizi kimins\u0259 tan\u0131ma\u011fa h\u0259v\u0259si v\u0259 vaxt\u0131 yoxdur.<\/p>\n<p>Dilimiz\u0259 yeni yap\u0131\u015fan, h\u0259l\u0259 m\u0259nas\u0131n\u0131 bilm\u0259diyimiz informasiya m\u00fcharib\u0259sind\u0259 qalib deyilik. \u00c7\u00fcnki d\u00fc\u015fd\u00fcy\u00fcm\u00fcz yerd\u0259 bir-birimizi didm\u0259k, par\u00e7alanmaq, t\u0259\u015fkilat-t\u0259\u015fkilat olmaq \u0259limizd\u0259 su i\u00e7imi kimi bir \u015feydir.<\/p>\n<p>Reall\u0131q ac\u0131-filan deyil. Bal kimi gedir. M\u0259qs\u0259dimiz birdirs\u0259, bir-birimizin s\u00f6z\u00fcn\u00fc dinl\u0259m\u0259y\u0259 m\u0259cburuq. Ortada \u00f6z\u00fcn\u00fc ifad\u0259 etm\u0259k v\u0259 tan\u0131tmaq problemi var. Bu problem is\u0259 A4 v\u0259r\u0259qi il\u0259 m\u00fckafatland\u0131rma il\u0259 h\u0259ll edilmir.<\/p>\n<p>P.S: Bir ara &#8220;Bizd\u0259 d\u00fcnya s\u0259viyy\u0259sind\u0259 s\u0259n\u0259dli film yoxdur&#8221; dey\u0259nl\u0259r \u00fc\u00e7\u00fcn: Yutubda &#8220;Zaman\u0131n\u0131 g\u00f6zl\u0259y\u0259n libas&#8221;, &#8220;Ka\u011f\u0131z ev&#8221; adl\u0131 s\u0259n\u0259dli filml\u0259ri axtar\u0131n. Az\u0259rbaycan Televiziyas\u0131 istehsal\u0131d\u0131r. H\u0259r c\u00fcr s\u00fczg\u0259cd\u0259n ke\u00e7ib. \u0130\u015f\u011fal\u0131n, a\u011fr\u0131n\u0131n n\u0259 dem\u0259k oldu\u011funu q\u0131sa vaxtda b\u00fct\u00fcn d\u00fcnyaya \u00e7atd\u0131ra bil\u0259c\u0259k yoldur. Keyfiyy\u0259tin\u0259 v\u0259 s\u0259viyy\u0259sin\u0259 cavabdehik. Xarici televiziyalarda yay\u0131mlanmas\u0131na mane\u0259 yoxdur. Buyurun.<\/p>\n","protected":false},"excerpt":{"rendered":"<p>Sovet hakimiyy\u0259tinin bomboz ill\u0259rind\u0259 T\u00fcrkiy\u0259 az\u0259rbaycanl\u0131lar \u00fc\u00e7\u00fcn i\u015f\u0131ql\u0131, r\u0259ngli d\u00fcnya dem\u0259k idi. El\u0259 ki, Sovet hakimiyy\u0259ti s\u00fcquta u\u011frad\u0131, az\u0259rbaycanl\u0131lar getm\u0259y\u0259 qon\u015fu \u00f6lk\u0259 se\u00e7m\u0259kl\u0259 t\u0259kc\u0259 \u00f6lk\u0259 yox, h\u0259m d\u0259 m\u00f6vqe, t\u0259r\u0259f, d\u00fc\u015f\u00fcnc\u0259 se\u00e7mi\u015f oldular. Az\u0259rbaycana c\u0259nub qon\u015fusundan g\u0259l\u0259n qara par\u00e7alar, z\u0259ncir idis\u0259, T\u00fcrkiy\u0259d\u0259n Az\u0259rbaycana t\u0259hsil, milli d\u00fc\u015f\u00fcnc\u0259 g\u0259lirdi. \u0130ll\u0259r ke\u00e7di, h\u0259yat d\u0259yi\u015fdi. Az\u0259rbaycan, az\u0259rbaycanl\u0131lar d\u0259yi\u015fdi. Dincimizi ald\u0131q, dir\u00e7\u0259ldik, qalib d\u0259 olduq. Amma b\u0259zi \u015feyl\u0259ri d\u0259yi\u015fm\u0259k \u00fc\u00e7\u00fcn dem\u0259k ki, t\u0259kc\u0259 zamana, g\u00fcc\u0259 yox, h\u0259m d\u0259 diriba\u015fl\u0131\u011fa, s\u00fcr\u0259tli d\u00fc\u015f\u00fcnm\u0259 qabiliyy\u0259tin\u0259 d\u0259 ehtiyac var imi\u015f. Az\u0259rbaycan v\u0259t\u0259nda\u015f\u0131, d\u00f6vl\u0259t qurumlar\u0131, Az\u0259rbaycanda ya\u015fayan\u0131, xaricd\u0259 ya\u015fayan\u0131 \u0259lind\u0259n&hellip;<\/p>\n","protected":false},"author":2,"featured_media":427245,"comment_status":"closed","ping_status":"closed","sticky":false,"template":"","format":"standard","meta":{"om_disable_all_campaigns":false,"_monsterinsights_skip_tracking":false,"_monsterinsights_sitenote_active":false,"_monsterinsights_sitenote_note":"","_monsterinsights_sitenote_category":0},"categories":[4],"tags":[],"aioseo_notices":[],"gutentor_comment":0,"rttpg_featured_image_url":{"full":["https:\/\/arantv.az\/wp-content\/uploads\/2022\/01\/gunay_arda_234566.jpg",800,600,false],"landscape":["https:\/\/arantv.az\/wp-content\/uploads\/2022\/01\/gunay_arda_234566.jpg",800,600,false],"portraits":["https:\/\/arantv.az\/wp-content\/uploads\/2022\/01\/gunay_arda_234566.jpg",800,600,false],"thumbnail":["https:\/\/arantv.az\/wp-content\/uploads\/2022\/01\/gunay_arda_234566-500x280.jpg",500,280,true],"medium":["https:\/\/arantv.az\/wp-content\/uploads\/2022\/01\/gunay_arda_234566-487x365.jpg",487,365,true],"large":["https:\/\/arantv.az\/wp-content\/uploads\/2022\/01\/gunay_arda_234566.jpg",640,480,false],"1536x1536":["https:\/\/arantv.az\/wp-content\/uploads\/2022\/01\/gunay_arda_234566.jpg",800,600,false],"2048x2048":["https:\/\/arantv.az\/wp-content\/uploads\/2022\/01\/gunay_arda_234566.jpg",800,600,false],"post-thumbnail":["https:\/\/arantv.az\/wp-content\/uploads\/2022\/01\/gunay_arda_234566-240x172.jpg",240,172,true],"advps-thumb-one":["https:\/\/arantv.az\/wp-content\/uploads\/2022\/01\/gunay_arda_234566.jpg",800,600,false]},"rttpg_author":{"display_name":"V\u00fcsal Rafiqo\u011flu","author_link":"https:\/\/arantv.az\/?author=2"},"rttpg_comment":0,"rttpg_category":"<a href=\"https:\/\/arantv.az\/?cat=4\" rel=\"category\">Siyas\u0259t<\/a>","rttpg_excerpt":"Sovet hakimiyy\u0259tinin bomboz ill\u0259rind\u0259 T\u00fcrkiy\u0259 az\u0259rbaycanl\u0131lar \u00fc\u00e7\u00fcn i\u015f\u0131ql\u0131, r\u0259ngli d\u00fcnya dem\u0259k idi. El\u0259 ki, Sovet hakimiyy\u0259ti s\u00fcquta u\u011frad\u0131, az\u0259rbaycanl\u0131lar getm\u0259y\u0259 qon\u015fu \u00f6lk\u0259 se\u00e7m\u0259kl\u0259 t\u0259kc\u0259 \u00f6lk\u0259 yox, h\u0259m d\u0259 m\u00f6vqe, t\u0259r\u0259f, d\u00fc\u015f\u00fcnc\u0259 se\u00e7mi\u015f oldular. Az\u0259rbaycana c\u0259nub qon\u015fusundan g\u0259l\u0259n qara par\u00e7alar, z\u0259ncir idis\u0259, T\u00fcrkiy\u0259d\u0259n Az\u0259rbaycana t\u0259hsil, milli d\u00fc\u015f\u00fcnc\u0259 g\u0259lirdi. \u0130ll\u0259r ke\u00e7di, h\u0259yat d\u0259yi\u015fdi. Az\u0259rbaycan, az\u0259rbaycanl\u0131lar d\u0259yi\u015fdi. Dincimizi&hellip;","_links":{"self":[{"href":"https:\/\/arantv.az\/index.php?rest_route=\/wp\/v2\/posts\/427244"}],"collection":[{"href":"https:\/\/arantv.az\/index.php?rest_route=\/wp\/v2\/posts"}],"about":[{"href":"https:\/\/arantv.az\/index.php?rest_route=\/wp\/v2\/types\/post"}],"author":[{"embeddable":true,"href":"https:\/\/arantv.az\/index.php?rest_route=\/wp\/v2\/users\/2"}],"replies":[{"embeddable":true,"href":"https:\/\/arantv.az\/index.php?rest_route=%2Fwp%2Fv2%2Fcomments&post=427244"}],"version-history":[{"count":0,"href":"https:\/\/arantv.az\/index.php?rest_route=\/wp\/v2\/posts\/427244\/revisions"}],"wp:featuredmedia":[{"embeddable":true,"href":"https:\/\/arantv.az\/index.php?rest_route=\/wp\/v2\/media\/427245"}],"wp:attachment":[{"href":"https:\/\/arantv.az\/index.php?rest_route=%2Fwp%2Fv2%2Fmedia&parent=427244"}],"wp:term":[{"taxonomy":"category","embeddable":true,"href":"https:\/\/arantv.az\/index.php?rest_route=%2Fwp%2Fv2%2Fcategories&post=427244"},{"taxonomy":"post_tag","embeddable":true,"href":"https:\/\/arantv.az\/index.php?rest_route=%2Fwp%2Fv2%2Ftags&post=427244"}],"curies":[{"name":"wp","href":"https:\/\/api.w.org\/{rel}","templated":true}]}}