{"id":427248,"date":"2022-01-17T09:40:13","date_gmt":"2022-01-17T06:40:13","guid":{"rendered":"http:\/\/arantv.az\/?p=427248"},"modified":"2022-01-17T09:40:13","modified_gmt":"2022-01-17T06:40:13","slug":"avtomobil-yollarindaki-v%c9%99ziyy%c9%99tl%c9%99-bagli-surucul%c9%99r%c9%99-x%c9%99b%c9%99rdarliq","status":"publish","type":"post","link":"https:\/\/arantv.az\/?p=427248","title":{"rendered":"Avtomobil yollar\u0131ndak\u0131 v\u0259ziyy\u0259tl\u0259 ba\u011fl\u0131 s\u00fcr\u00fcc\u00fcl\u0259r\u0259 X\u018fB\u018fRDARLIQ"},"content":{"rendered":"<p>\u201c\u00d6lk\u0259nin da\u011fl\u0131q \u0259razil\u0259rind\u0259 m\u00fc\u015fahid\u0259 olunan qeyri-sabit hava \u015f\u0259raiti il\u0259 \u0259laq\u0259dar olaraq avtomobil yollar\u0131 n\u0259zar\u0259t alt\u0131ndad\u0131r\u201d.<\/p>\n<div class=\"AdviadNativeVideo\"><\/div>\n<p>Az\u0259rbaycan Avtomobil Yollar\u0131 D\u00f6vl\u0259t Agentliyi \u00f6lk\u0259 \u0259razisind\u0259 qeyri-sabit hava \u015f\u0259raiti il\u0259 \u0259laq\u0259dar olaraq avtomobil yollar\u0131n\u0131n haz\u0131rk\u0131 v\u0259ziyy\u0259ti bar\u0259d\u0259 m\u0259lumat yay\u0131b.<\/p>\n<p>Bildirilir ki, da\u011fl\u0131q v\u0259 da\u011f\u0259t\u0259yi \u0259razil\u0259rd\u0259 qar\u0131n ya\u011fmas\u0131 m\u00fc\u015fahid\u0259 olunmasa da, \u015faxtal\u0131 hava \u015f\u0259raiti h\u00f6km s\u00fcr\u00fcr. Bu \u00fczd\u0259n s\u0259h\u0259r saatlar\u0131ndan avtomobil yollar\u0131nda buzla\u015fmaya qar\u015f\u0131 t\u0259dbirl\u0259r g\u00f6r\u00fcl\u00fcr, qum-duz qar\u0131\u015f\u0131\u011f\u0131 s\u0259pil\u0259r\u0259k avton\u0259qliyyat vasit\u0259l\u0259rinin normal v\u0259 t\u0259hl\u00fck\u0259siz h\u0259r\u0259k\u0259ti t\u0259min olunur.<\/p>\n<p>\u201cDa\u011fl\u0131q v\u0259 da\u011f\u0259t\u0259yi \u0259razil\u0259rd\u0259n ke\u00e7\u0259n avtomobil yollar\u0131ndan istifad\u0259 ed\u0259n s\u00fcr\u00fcc\u00fcl\u0259rd\u0259n xahi\u015f olunur ki, idar\u0259 etdikl\u0259ri n\u0259qliyyat vasit\u0259sini q\u0131\u015f f\u0259slin\u0259 uy\u011fun t\u0259chiz etsinl\u0259r. \u018fks halda g\u00f6r\u00fcl\u0259n t\u0259dbirl\u0259r\u0259 r\u0259\u011fm\u0259n h\u0259min n\u0259qliyyat vasit\u0259l\u0259rinin h\u0259r\u0259k\u0259tind\u0259 probleml\u0259r yaranacaq\u201d, &#8211; dey\u0259 agentlikd\u0259n bildirib.<\/p>\n","protected":false},"excerpt":{"rendered":"<p>\u201c\u00d6lk\u0259nin da\u011fl\u0131q \u0259razil\u0259rind\u0259 m\u00fc\u015fahid\u0259 olunan qeyri-sabit hava \u015f\u0259raiti il\u0259 \u0259laq\u0259dar olaraq avtomobil yollar\u0131 n\u0259zar\u0259t alt\u0131ndad\u0131r\u201d. Az\u0259rbaycan Avtomobil Yollar\u0131 D\u00f6vl\u0259t Agentliyi \u00f6lk\u0259 \u0259razisind\u0259 qeyri-sabit hava \u015f\u0259raiti il\u0259 \u0259laq\u0259dar olaraq avtomobil yollar\u0131n\u0131n haz\u0131rk\u0131 v\u0259ziyy\u0259ti bar\u0259d\u0259 m\u0259lumat yay\u0131b. Bildirilir ki, da\u011fl\u0131q v\u0259 da\u011f\u0259t\u0259yi \u0259razil\u0259rd\u0259 qar\u0131n ya\u011fmas\u0131 m\u00fc\u015fahid\u0259 olunmasa da, \u015faxtal\u0131 hava \u015f\u0259raiti h\u00f6km s\u00fcr\u00fcr. Bu \u00fczd\u0259n s\u0259h\u0259r saatlar\u0131ndan avtomobil yollar\u0131nda buzla\u015fmaya qar\u015f\u0131 t\u0259dbirl\u0259r g\u00f6r\u00fcl\u00fcr, qum-duz qar\u0131\u015f\u0131\u011f\u0131 s\u0259pil\u0259r\u0259k avton\u0259qliyyat vasit\u0259l\u0259rinin normal v\u0259 t\u0259hl\u00fck\u0259siz h\u0259r\u0259k\u0259ti t\u0259min olunur. \u201cDa\u011fl\u0131q v\u0259 da\u011f\u0259t\u0259yi \u0259razil\u0259rd\u0259n ke\u00e7\u0259n avtomobil yollar\u0131ndan istifad\u0259 ed\u0259n s\u00fcr\u00fcc\u00fcl\u0259rd\u0259n xahi\u015f olunur ki, idar\u0259 etdikl\u0259ri n\u0259qliyyat vasit\u0259sini q\u0131\u015f&hellip;<\/p>\n","protected":false},"author":2,"featured_media":39636,"comment_status":"closed","ping_status":"closed","sticky":false,"template":"","format":"standard","meta":{"om_disable_all_campaigns":false,"_monsterinsights_skip_tracking":false,"_monsterinsights_sitenote_active":false,"_monsterinsights_sitenote_note":"","_monsterinsights_sitenote_category":0},"categories":[1],"tags":[],"aioseo_notices":[],"gutentor_comment":0,"rttpg_featured_image_url":{"full":["https:\/\/arantv.az\/wp-content\/uploads\/2019\/02\/qar.jpg",620,375,false],"landscape":["https:\/\/arantv.az\/wp-content\/uploads\/2019\/02\/qar.jpg",620,375,false],"portraits":["https:\/\/arantv.az\/wp-content\/uploads\/2019\/02\/qar.jpg",620,375,false],"thumbnail":["https:\/\/arantv.az\/wp-content\/uploads\/2019\/02\/qar-150x150.jpg",150,150,true],"medium":["https:\/\/arantv.az\/wp-content\/uploads\/2019\/02\/qar-300x181.jpg",300,181,true],"large":["https:\/\/arantv.az\/wp-content\/uploads\/2019\/02\/qar.jpg",620,375,false],"1536x1536":["https:\/\/arantv.az\/wp-content\/uploads\/2019\/02\/qar.jpg",620,375,false],"2048x2048":["https:\/\/arantv.az\/wp-content\/uploads\/2019\/02\/qar.jpg",620,375,false],"post-thumbnail":["https:\/\/arantv.az\/wp-content\/uploads\/2019\/02\/qar-240x172.jpg",240,172,true],"advps-thumb-one":["https:\/\/arantv.az\/wp-content\/uploads\/2019\/02\/qar.jpg",620,375,false]},"rttpg_author":{"display_name":"V\u00fcsal Rafiqo\u011flu","author_link":"https:\/\/arantv.az\/?author=2"},"rttpg_comment":0,"rttpg_category":"<a href=\"https:\/\/arantv.az\/?cat=1\" rel=\"category\">C\u0259miyy\u0259t<\/a>","rttpg_excerpt":"\u201c\u00d6lk\u0259nin da\u011fl\u0131q \u0259razil\u0259rind\u0259 m\u00fc\u015fahid\u0259 olunan qeyri-sabit hava \u015f\u0259raiti il\u0259 \u0259laq\u0259dar olaraq avtomobil yollar\u0131 n\u0259zar\u0259t alt\u0131ndad\u0131r\u201d. Az\u0259rbaycan Avtomobil Yollar\u0131 D\u00f6vl\u0259t Agentliyi \u00f6lk\u0259 \u0259razisind\u0259 qeyri-sabit hava \u015f\u0259raiti il\u0259 \u0259laq\u0259dar olaraq avtomobil yollar\u0131n\u0131n haz\u0131rk\u0131 v\u0259ziyy\u0259ti bar\u0259d\u0259 m\u0259lumat yay\u0131b. Bildirilir ki, da\u011fl\u0131q v\u0259 da\u011f\u0259t\u0259yi \u0259razil\u0259rd\u0259 qar\u0131n ya\u011fmas\u0131 m\u00fc\u015fahid\u0259 olunmasa da, \u015faxtal\u0131 hava \u015f\u0259raiti h\u00f6km s\u00fcr\u00fcr. Bu \u00fczd\u0259n s\u0259h\u0259r saatlar\u0131ndan&hellip;","_links":{"self":[{"href":"https:\/\/arantv.az\/index.php?rest_route=\/wp\/v2\/posts\/427248"}],"collection":[{"href":"https:\/\/arantv.az\/index.php?rest_route=\/wp\/v2\/posts"}],"about":[{"href":"https:\/\/arantv.az\/index.php?rest_route=\/wp\/v2\/types\/post"}],"author":[{"embeddable":true,"href":"https:\/\/arantv.az\/index.php?rest_route=\/wp\/v2\/users\/2"}],"replies":[{"embeddable":true,"href":"https:\/\/arantv.az\/index.php?rest_route=%2Fwp%2Fv2%2Fcomments&post=427248"}],"version-history":[{"count":0,"href":"https:\/\/arantv.az\/index.php?rest_route=\/wp\/v2\/posts\/427248\/revisions"}],"wp:featuredmedia":[{"embeddable":true,"href":"https:\/\/arantv.az\/index.php?rest_route=\/wp\/v2\/media\/39636"}],"wp:attachment":[{"href":"https:\/\/arantv.az\/index.php?rest_route=%2Fwp%2Fv2%2Fmedia&parent=427248"}],"wp:term":[{"taxonomy":"category","embeddable":true,"href":"https:\/\/arantv.az\/index.php?rest_route=%2Fwp%2Fv2%2Fcategories&post=427248"},{"taxonomy":"post_tag","embeddable":true,"href":"https:\/\/arantv.az\/index.php?rest_route=%2Fwp%2Fv2%2Ftags&post=427248"}],"curies":[{"name":"wp","href":"https:\/\/api.w.org\/{rel}","templated":true}]}}