{"id":428740,"date":"2022-01-20T09:05:52","date_gmt":"2022-01-20T06:05:52","guid":{"rendered":"http:\/\/arantv.az\/?p=428740"},"modified":"2022-01-20T09:05:52","modified_gmt":"2022-01-20T06:05:52","slug":"50-yasdan-yuxari-%c9%99n-ugurlu-qadinlar-siyahi","status":"publish","type":"post","link":"https:\/\/arantv.az\/?p=428740","title":{"rendered":"50 ya\u015fdan yuxar\u0131 \u0259n u\u011furlu qad\u0131nlar S\u0130YAHI"},"content":{"rendered":"<p>&#8220;Forbes&#8221; 50 ya\u015fdan yuxar\u0131 \u0259n u\u011furlu qad\u0131nlar\u0131n siyah\u0131s\u0131n\u0131 haz\u0131rlay\u0131b.<\/p>\n<p><strong>ARANTV.AZ\u00a0 x\u0259b\u0259r verir ki,<\/strong>\u00a0siyah\u0131ya d\u00fcnyan\u0131n m\u00fcxt\u0259lif \u00f6lk\u0259l\u0259rind\u0259n 52 ya\u015fdan 87 ya\u015fa q\u0259d\u0259r yarad\u0131c\u0131 pe\u015f\u0259 sahibl\u0259rini, iqtisad\u00e7\u0131lar\u0131, aliml\u0259ri, m\u00fcxt\u0259lif \u015firk\u0259tl\u0259rin t\u0259sis\u00e7il\u0259ri v\u0259 h\u0259mt\u0259sis\u00e7il\u0259ri daxildir.<\/p>\n<p>D\u0259rgi Avropa Komissiyas\u0131n\u0131n s\u0259dri Ursula fon der Leyen, Beyn\u0259lxalq Valyuta Fondunun ba\u015f direktoru Kristalina Georgieva, &#8220;BioNTech&#8221; \u015firk\u0259tinin h\u0259mt\u0259sis\u00e7isi \u00d6zlem Tureji, &#8220;AstraZeneca&#8221; peyv\u0259ndinin yarad\u0131lmas\u0131nda i\u015ftirak ed\u0259n peyv\u0259nd m\u00fct\u0259x\u0259ssisi Sara Qilberti Avropan\u0131n \u0259n u\u011furlu qad\u0131nlar\u0131 siyah\u0131s\u0131na daxil edib.<\/p>\n<p>Bundan \u0259lav\u0259, \u0259d\u0259biyyat \u00fczr\u0259 Nobel m\u00fckafat\u0131 laureat\u0131 v\u0259 Belarus m\u00fcxalif\u0259tinin Koordinasiya \u015euras\u0131n\u0131n R\u0259yas\u0259t Hey\u0259tinin \u00fczv\u00fc Svetlana Aleksievi\u00e7i \u0259n u\u011furlu qad\u0131nlar siyah\u0131s\u0131ndad\u0131r.<\/p>\n<p>Reytinq\u0259 Avropa M\u0259rk\u0259zi Bank\u0131n\u0131n (AMB) r\u0259hb\u0259ri Kristin Laqard, \u00dcmumd\u00fcnya Ticar\u0259t T\u0259\u015fkilat\u0131n\u0131n (\u00dcTT) r\u0259hb\u0259ri Nqozi Okonjo-\u0130veala v\u0259 Tanzaniya Prezidenti Samiya Suluhu H\u0259s\u0259n d\u0259 daxildir.<\/p>\n","protected":false},"excerpt":{"rendered":"<p>&#8220;Forbes&#8221; 50 ya\u015fdan yuxar\u0131 \u0259n u\u011furlu qad\u0131nlar\u0131n siyah\u0131s\u0131n\u0131 haz\u0131rlay\u0131b. ARANTV.AZ\u00a0 x\u0259b\u0259r verir ki,\u00a0siyah\u0131ya d\u00fcnyan\u0131n m\u00fcxt\u0259lif \u00f6lk\u0259l\u0259rind\u0259n 52 ya\u015fdan 87 ya\u015fa q\u0259d\u0259r yarad\u0131c\u0131 pe\u015f\u0259 sahibl\u0259rini, iqtisad\u00e7\u0131lar\u0131, aliml\u0259ri, m\u00fcxt\u0259lif \u015firk\u0259tl\u0259rin t\u0259sis\u00e7il\u0259ri v\u0259 h\u0259mt\u0259sis\u00e7il\u0259ri daxildir. D\u0259rgi Avropa Komissiyas\u0131n\u0131n s\u0259dri Ursula fon der Leyen, Beyn\u0259lxalq Valyuta Fondunun ba\u015f direktoru Kristalina Georgieva, &#8220;BioNTech&#8221; \u015firk\u0259tinin h\u0259mt\u0259sis\u00e7isi \u00d6zlem Tureji, &#8220;AstraZeneca&#8221; peyv\u0259ndinin yarad\u0131lmas\u0131nda i\u015ftirak ed\u0259n peyv\u0259nd m\u00fct\u0259x\u0259ssisi Sara Qilberti Avropan\u0131n \u0259n u\u011furlu qad\u0131nlar\u0131 siyah\u0131s\u0131na daxil edib. Bundan \u0259lav\u0259, \u0259d\u0259biyyat \u00fczr\u0259 Nobel m\u00fckafat\u0131 laureat\u0131 v\u0259 Belarus m\u00fcxalif\u0259tinin Koordinasiya \u015euras\u0131n\u0131n R\u0259yas\u0259t Hey\u0259tinin \u00fczv\u00fc Svetlana Aleksievi\u00e7i \u0259n u\u011furlu qad\u0131nlar siyah\u0131s\u0131ndad\u0131r. Reytinq\u0259&hellip;<\/p>\n","protected":false},"author":2,"featured_media":428741,"comment_status":"closed","ping_status":"closed","sticky":false,"template":"","format":"standard","meta":{"om_disable_all_campaigns":false,"_monsterinsights_skip_tracking":false,"_monsterinsights_sitenote_active":false,"_monsterinsights_sitenote_note":"","_monsterinsights_sitenote_category":0},"categories":[19],"tags":[],"aioseo_notices":[],"gutentor_comment":0,"rttpg_featured_image_url":{"full":["https:\/\/arantv.az\/wp-content\/uploads\/2022\/01\/8969aab44a687104da9a52b22fe0bb35_8041_59.jpg",975,540,false],"landscape":["https:\/\/arantv.az\/wp-content\/uploads\/2022\/01\/8969aab44a687104da9a52b22fe0bb35_8041_59.jpg",975,540,false],"portraits":["https:\/\/arantv.az\/wp-content\/uploads\/2022\/01\/8969aab44a687104da9a52b22fe0bb35_8041_59.jpg",975,540,false],"thumbnail":["https:\/\/arantv.az\/wp-content\/uploads\/2022\/01\/8969aab44a687104da9a52b22fe0bb35_8041_59-500x280.jpg",500,280,true],"medium":["https:\/\/arantv.az\/wp-content\/uploads\/2022\/01\/8969aab44a687104da9a52b22fe0bb35_8041_59-660x365.jpg",660,365,true],"large":["https:\/\/arantv.az\/wp-content\/uploads\/2022\/01\/8969aab44a687104da9a52b22fe0bb35_8041_59-840x465.jpg",640,354,true],"1536x1536":["https:\/\/arantv.az\/wp-content\/uploads\/2022\/01\/8969aab44a687104da9a52b22fe0bb35_8041_59.jpg",975,540,false],"2048x2048":["https:\/\/arantv.az\/wp-content\/uploads\/2022\/01\/8969aab44a687104da9a52b22fe0bb35_8041_59.jpg",975,540,false],"post-thumbnail":["https:\/\/arantv.az\/wp-content\/uploads\/2022\/01\/8969aab44a687104da9a52b22fe0bb35_8041_59-240x172.jpg",240,172,true],"advps-thumb-one":["https:\/\/arantv.az\/wp-content\/uploads\/2022\/01\/8969aab44a687104da9a52b22fe0bb35_8041_59.jpg",975,540,false]},"rttpg_author":{"display_name":"V\u00fcsal Rafiqo\u011flu","author_link":"https:\/\/arantv.az\/?author=2"},"rttpg_comment":0,"rttpg_category":"<a href=\"https:\/\/arantv.az\/?cat=19\" rel=\"category\">G\u00fcnd\u0259m<\/a>","rttpg_excerpt":"&#8220;Forbes&#8221; 50 ya\u015fdan yuxar\u0131 \u0259n u\u011furlu qad\u0131nlar\u0131n siyah\u0131s\u0131n\u0131 haz\u0131rlay\u0131b. ARANTV.AZ\u00a0 x\u0259b\u0259r verir ki,\u00a0siyah\u0131ya d\u00fcnyan\u0131n m\u00fcxt\u0259lif \u00f6lk\u0259l\u0259rind\u0259n 52 ya\u015fdan 87 ya\u015fa q\u0259d\u0259r yarad\u0131c\u0131 pe\u015f\u0259 sahibl\u0259rini, iqtisad\u00e7\u0131lar\u0131, aliml\u0259ri, m\u00fcxt\u0259lif \u015firk\u0259tl\u0259rin t\u0259sis\u00e7il\u0259ri v\u0259 h\u0259mt\u0259sis\u00e7il\u0259ri daxildir. D\u0259rgi Avropa Komissiyas\u0131n\u0131n s\u0259dri Ursula fon der Leyen, Beyn\u0259lxalq Valyuta Fondunun ba\u015f direktoru Kristalina Georgieva, &#8220;BioNTech&#8221; \u015firk\u0259tinin h\u0259mt\u0259sis\u00e7isi \u00d6zlem Tureji, &#8220;AstraZeneca&#8221; peyv\u0259ndinin yarad\u0131lmas\u0131nda&hellip;","_links":{"self":[{"href":"https:\/\/arantv.az\/index.php?rest_route=\/wp\/v2\/posts\/428740"}],"collection":[{"href":"https:\/\/arantv.az\/index.php?rest_route=\/wp\/v2\/posts"}],"about":[{"href":"https:\/\/arantv.az\/index.php?rest_route=\/wp\/v2\/types\/post"}],"author":[{"embeddable":true,"href":"https:\/\/arantv.az\/index.php?rest_route=\/wp\/v2\/users\/2"}],"replies":[{"embeddable":true,"href":"https:\/\/arantv.az\/index.php?rest_route=%2Fwp%2Fv2%2Fcomments&post=428740"}],"version-history":[{"count":0,"href":"https:\/\/arantv.az\/index.php?rest_route=\/wp\/v2\/posts\/428740\/revisions"}],"wp:featuredmedia":[{"embeddable":true,"href":"https:\/\/arantv.az\/index.php?rest_route=\/wp\/v2\/media\/428741"}],"wp:attachment":[{"href":"https:\/\/arantv.az\/index.php?rest_route=%2Fwp%2Fv2%2Fmedia&parent=428740"}],"wp:term":[{"taxonomy":"category","embeddable":true,"href":"https:\/\/arantv.az\/index.php?rest_route=%2Fwp%2Fv2%2Fcategories&post=428740"},{"taxonomy":"post_tag","embeddable":true,"href":"https:\/\/arantv.az\/index.php?rest_route=%2Fwp%2Fv2%2Ftags&post=428740"}],"curies":[{"name":"wp","href":"https:\/\/api.w.org\/{rel}","templated":true}]}}