{"id":428747,"date":"2022-01-20T09:11:28","date_gmt":"2022-01-20T06:11:28","guid":{"rendered":"http:\/\/arantv.az\/?p=428747"},"modified":"2022-01-20T09:11:28","modified_gmt":"2022-01-20T06:11:28","slug":"deputat-20-yanvar-qirgini-il%c9%99-bagli-sok-faktlar-aciqladi-elcib%c9%99y-v%c9%99zirova-soyl%c9%99misdi-ki-vacib","status":"publish","type":"post","link":"https:\/\/arantv.az\/?p=428747","title":{"rendered":"Deputat 20 Yanvar q\u0131r\u011f\u0131n\u0131 il\u0259 ba\u011fl\u0131 \u015eOK FAKTLAR A\u00c7IQLADI: &#8220;El\u00e7ib\u0259y V\u0259zirova s\u00f6yl\u0259mi\u015fdi ki&#8230;&#8221; VACIB"},"content":{"rendered":"<p><strong>\u201c20 Yanvar Az\u0259rbaycan xalq\u0131n\u0131n tarixind\u0259, m\u00fcst\u0259qilliy\u0259 do\u011fru ged\u0259n yolunda h\u0259l\u0259 d\u0259 sirr p\u0259rd\u0259si a\u00e7\u0131lmam\u0131\u015f hadis\u0259l\u0259rd\u0259n biridir. Bu hadis\u0259 h\u0259qiq\u0259t\u0259n d\u0259 Az\u0259rbaycan \u00fc\u00e7\u00fcn b\u00f6y\u00fck faci\u0259 oldu\u201d.<\/strong><\/p>\n<p><strong>Deputat, BQP ba\u015fqan\u0131, xalq h\u0259r\u0259kat\u0131n\u0131n f\u0259al i\u015ftirak\u00e7\u0131lar\u0131ndan biri Fazil Mustafa bu fikirl\u0259ri \u201cYeni M\u00fcsavat\u201da a\u00e7\u0131qlamas\u0131nda s\u00f6yl\u0259di. Deputat \u0259minlikl\u0259 bildirdi ki, 20 Yanvar faci\u0259sinin \u0259sas s\u0259b\u0259bkar\u0131 ozamank\u0131 SSR\u0130 r\u0259hb\u0259rliyi idi:<\/strong><\/p>\n<p>\u201cSSR\u0130 r\u0259hb\u0259rliyinin d\u0259 bilavasit\u0259 20 Yanvar hadis\u0259l\u0259rind\u0259n daha \u00e7ox, Da\u011fl\u0131q Qaraba\u011fda erm\u0259ni separatizmini d\u0259st\u0259kl\u0259m\u0259k m\u0259qs\u0259dil\u0259 Az\u0259rbaycan xalq\u0131n\u0131n Qaraba\u011fa y\u00f6n\u0259lik b\u00fct\u00fcn iddialar\u0131n\u0131n ortadan qald\u0131r\u0131lmas\u0131 \u00fc\u00e7\u00fcn d\u00fc\u015f\u00fcnd\u00fcy\u00fc planlardan biri kimi qiym\u0259tl\u0259ndirilm\u0259lidir. \u00c7\u00fcnki 20 Yanvar Qaraba\u011f hadis\u0259l\u0259rinin fonundan k\u0259narda d\u00fc\u015f\u00fcn\u00fcl\u0259 bilm\u0259z. Amma bu hadis\u0259l\u0259rin yaranmas\u0131na, hadis\u0259l\u0259rin bu q\u0259d\u0259r kluminasiya n\u00f6qt\u0259sin\u0259 \u00e7atmas\u0131na t\u0259bii ki, o d\u00f6v\u00fcrki Az\u0259rbaycan r\u0259hb\u0259rliyinin d\u0259 s\u0259ri\u015ft\u0259sizliyi, xalq h\u0259r\u0259kat\u0131 il\u0259 dil tapa bilm\u0259m\u0259si, m\u00fc\u0259yy\u0259n prosesl\u0259ri qabaqlama\u011f\u0131 bacarmamas\u0131, SSR\u0130 r\u0259hb\u0259rliyi il\u0259 do\u011fru koordinasiyan\u0131n qurulmamas\u0131 v\u0259 onlara az da olsa, h\u0259r hans\u0131 bir \u015f\u0259kild\u0259 m\u00fcqavim\u0259t g\u00f6st\u0259ril\u0259 bilm\u0259m\u0259si \u00f6z rolunu oynad\u0131\u201d.<\/p>\n<p><strong>F.Mustafa hesab edir ki, burda h\u0259m d\u0259 AXC-nin d\u0259 m\u0259nfi m\u0259nada rolu var:<\/strong>\u00a0\u201cO bax\u0131mdan ki, burda daha \u00e7ox ittiham olunan Xalq C\u0259bh\u0259si olmamal\u0131d\u0131r. \u00c7\u00fcnki AXC h\u0259l\u0259 amorf bir qurum idi, tam t\u0259\u015fkilatlanm\u0131\u015f mexanizm\u0259 sahib deyildi v\u0259 t\u0259qrib\u0259n 5-6 ay \u0259rzind\u0259 r\u0259smi qaydada m\u00f6vcud olmu\u015f bu t\u0259\u015fkilat\u0131n \u00f6z dayaqlar\u0131n\u0131 tam cilalam\u0131\u015f v\u0259ziyy\u0259td\u0259, bir m\u0259rk\u0259zd\u0259n idar\u0259 olunacaq bir mexanizm\u0259 \u00e7evir\u0259c\u0259k q\u0259d\u0259r haz\u0131rl\u0131ql\u0131 olmad\u0131\u011f\u0131 20 Yanvarda daha \u00e7ox \u00fcz\u0259 \u00e7\u0131xd\u0131. Bu, t\u0259\u015fkilat\u0131n 1990-c\u0131 il 7 yanvar konfrans\u0131nda da demokratik \u0259n\u0259n\u0259l\u0259rin dem\u0259k ki, olmad\u0131\u011f\u0131, qarag\u00fcru\u00e7ulu\u011fun \u0259sas \u00f6n\u0259 \u00e7\u0131xan c\u0259h\u0259tl\u0259rd\u0259n biri oldu\u011fu daha bariz \u015f\u0259kild\u0259 \u00fcz\u0259 \u00e7\u0131xd\u0131, bununda da radikalizml\u0259 p\u0259rd\u0259l\u0259n\u0259n ad\u0131 var idi. T\u0259bii ki, burada s\u0259mimi insanlar\u0131n b\u00f6y\u00fck \u0259ks\u0259riyy\u0259ti Qaraba\u011f\u0131n qaytar\u0131lmas\u0131, Qaraba\u011fda Az\u0259rbaycan\u0131n suverenliyinin b\u0259rpa olunmas\u0131 \u00fc\u00e7\u00fcn Az\u0259rbaycan hakimiyy\u0259tin\u0259 t\u0259zyiq vasit\u0259sil\u0259 prosesl\u0259rin \u00f6lk\u0259mizin xeyrin\u0259 d\u0259yi\u015f\u0259 bil\u0259c\u0259yin\u0259 \u00fcmid yarad\u0131rd\u0131. Amma bu, h\u0259m d\u0259 siyasi yetkinliyin olmamas\u0131ndan ir\u0259li g\u0259lirdi. Ona g\u00f6r\u0259 d\u0259 20 Yanvar hadis\u0259l\u0259rin\u0259 g\u00f6r\u0259 AXC yox, AXC-d\u0259 olan b\u0259zi \u015f\u0259xsl\u0259rin m\u0259suliyy\u0259tsizliyi bax\u0131m\u0131ndan qiym\u0259t verm\u0259k laz\u0131md\u0131r. M\u0259hz onlar\u0131n bu, radikal \u00e7\u0131x\u0131\u015flar\u0131, \u00e7a\u011f\u0131r\u0131\u015flar\u0131, yaxud da sona q\u0259d\u0259r dir\u0259ni\u015f g\u00f6st\u0259rm\u0259, amma potensial\u0131 hesablamama qabiliyy\u0259tsizliyi prosesin bel\u0259 bir faci\u0259 il\u0259 sonuclanmas\u0131na g\u0259tirib \u00e7\u0131xartd\u0131. SSR\u0130-ni anlamaq olar, o, h\u0259r hans\u0131 \u015f\u0259kild\u0259 \u00f6z daxilind\u0259 m\u0259rk\u0259zd\u0259nqa\u00e7ma q\u00fcvv\u0259l\u0259rini m\u00fc\u0259yy\u0259n d\u0259r\u0259c\u0259d\u0259 da\u011f\u0131tmal\u0131d\u0131r, bu, h\u0259r bir imperiyan\u0131n, d\u00f6vl\u0259tin ata bil\u0259c\u0259yi bir add\u0131md\u0131r. Y\u0259ni xalq qalx\u0131b, t\u0259l\u0259b edir v\u0259 bu t\u0259l\u0259b d\u0259 d\u00f6vl\u0259tin, yaxud da hakim elitan\u0131n maraqlar\u0131na uy\u011fun g\u0259lmir, o da bel\u0259 k\u0259skin add\u0131m ataraq, ba\u015fqalar\u0131n\u0131n g\u00f6z\u00fcn\u00fc qorxutmaq ist\u0259yir\u201d.<\/p>\n<p><img src=\"https:\/\/medonline.az\/storage\/2021\/06\/Fazil-1-e1571747145151.jpg\" alt=\"Bak\u0131da ciddi probleml\u0259r var \u2013 Fazil Mustafa | MEDONLINE.AZ\" \/><\/p>\n<table border=\"4\">\n<tbody>\n<tr>\n<td>\n<h3><strong>Fazil Mustafa: &#8220;Frans\u0131z inqilab\u0131n\u0131n ya\u015fad\u0131\u011f\u0131 prosesi biz d\u0259 ya\u015fam\u0131\u015f olduq&#8221;<\/strong><\/h3>\n<\/td>\n<\/tr>\n<\/tbody>\n<\/table>\n<p><strong>Deputat bildirdi ki, Az\u0259rbaycan r\u0259hb\u0259rliyini d\u0259 anlamaq olar:<\/strong>\u00a0\u201c\u00c7\u00fcnki h\u0259m Moskvadan as\u0131l\u0131l\u0131q \u00e7ox b\u00f6y\u00fck v\u0259 h\u0259r hans\u0131 bir konkret, m\u00fcst\u0259qil q\u0259rar q\u0259bul etm\u0259k imkan\u0131 yox, \u00fcst\u0259lik d\u0259 b\u00f6y\u00fcr-ba\u015fda da Moskvan\u0131n cani\u015finl\u0259ri oturub, Polyani\u00e7ko kimi, \u00e7ox y\u00fcks\u0259k s\u0259viyy\u0259d\u0259 haz\u0131rl\u0131ql\u0131 bir k\u0259\u015ffiyyat\u00e7\u0131 v\u0259 idar\u0259\u00e7i \u0259slind\u0259 d\u00f6vl\u0259ti \u0259l\u0259 ke\u00e7irib. Eyni zamanda Rusiyadan, Kommunist Partiyas\u0131n\u0131n r\u0259hb\u0259rliyind\u0259n g\u0259l\u0259n \u015f\u0259xsl\u0259r d\u0259 tamamil\u0259 hakimiyy\u0259tin m\u00fcst\u0259qil q\u0259rar q\u0259bul etm\u0259sini, dan\u0131\u015f\u0131qlar aparmas\u0131n\u0131 m\u00fcmk\u00fcns\u00fcz edib. H\u0259m\u00e7inin hakimiyy\u0259tdaxili m\u00fcbariz\u0259nin d\u0259 burda \u0259h\u0259miyy\u0259tli rolu var. Bir \u00e7ox halarda ittiham edirl\u0259r, amma \u0259slind\u0259 b\u0259lk\u0259 d\u0259 \u0259n az rolu olan adamlardan biri V\u0259zirov idi. H\u0259tta R\u0131jkov da a\u00e7\u0131qlamas\u0131nda bildirdi ki, o, qo\u015funun Bak\u0131ya yeridilm\u0259sin\u0259 etiraz edirdi v\u0259 Qorba\u00e7ova da bu bar\u0259d\u0259 fikrini bildirmi\u015fdi. Eyni zamanda V\u0259zirov fevral ay\u0131nda Az\u0259rbaycan Ali Sovetin\u0259 se\u00e7kil\u0259r ke\u00e7irm\u0259yi n\u0259z\u0259rd\u0259 tuturdu\u201d.<\/p>\n<p><img loading=\"lazy\" src=\"https:\/\/d.radikal.ru\/d14\/2201\/b4\/42f2a739287b.jpg\" alt=\"\" width=\"820\" height=\"546\" \/><\/p>\n<p><strong>F.Mustafa bu m\u0259qamda olduqca ilginc fakt\u0131 a\u00e7\u0131qlad\u0131:<\/strong>\u00a0\u201cH\u0259tta AXC r\u0259hb\u0259rliyi il\u0259 dan\u0131\u015f\u0131qlar da aprm\u0131\u015fd\u0131. \u018fb\u00fclf\u0259z El\u00e7ib\u0259y\u0259 Allah r\u0259hm\u0259t el\u0259sin, \u00f6z\u00fcn\u00fcn ifad\u0259 etdiyi bir g\u00f6r\u00fc\u015f\u00fcn fraqmentini b\u0259lk\u0259 d\u0259 \u015fahidsiz oldu\u011funa g\u00f6r\u0259, tez-tez s\u00f6yl\u0259m\u0259k olmur, amma s\u00f6yl\u0259diyin\u0259 iqtibas ed\u0259r\u0259k deyir\u0259m ki, V\u0259zirov g\u00f6r\u00fc\u015fd\u0259 Xalq C\u0259bh\u0259sin\u0259 50 yer ver\u0259 bil\u0259c\u0259yini s\u00f6yl\u0259mi\u015fdi. Bununla da &#8221;siz Pribaltika yolu il\u0259 daha yax\u015f\u0131, u\u011furlu n\u0259tic\u0259l\u0259r \u0259ld\u0259 ed\u0259 bil\u0259rsiniz v\u0259 add\u0131m-add\u0131m demokratikl\u0259\u015fm\u0259y\u0259 getm\u0259k olar&#8221;, mesaj\u0131n\u0131 vermi\u015fdi. \u018fb\u00fclf\u0259z b\u0259y cavab\u0131nda s\u00f6yl\u0259mi\u015fdi ki, 50 yer azd\u0131r, 100 yer olsa, daha do\u011fru variant olar. V\u0259zirov is\u0259 bildirmi\u015fdi ki,\u00a0AXC-d\u0259 100 n\u0259f\u0259r sa\u011flam adam tapmaq \u00e7ox \u00e7\u0259tin olacaq, \u00e7\u00fcnki biz onlar\u0131n ham\u0131s\u0131n\u0131, Xalq C\u0259bh\u0259sinin elitas\u0131nda olanlar\u0131 bir-bir ara\u015fd\u0131rm\u0131\u015f\u0131q. Sonradan m\u0259n bel\u0259 ba\u015fa d\u00fc\u015fd\u00fcm ki, AXC r\u0259hb\u0259rliyind\u0259\u00a0bu t\u0259klif\u00a0 m\u00fczakir\u0259 olunanda \u201c&#8230;biz 360 yerin ham\u0131s\u0131na iddia edirik, ona g\u00f6r\u0259 d\u0259 bel\u0259 bir dan\u0131\u015f\u0131qlara getm\u0259k olmaz\u201d ifad\u0259si i\u015fl\u0259nib&#8230; N\u0259tic\u0259ni d\u0259 art\u0131q bilirik&#8230; Daha \u00e7ox k\u00fctl\u0259nin r\u0259\u011fb\u0259tini qazanmaq ist\u0259y\u0259n, k\u00fctl\u0259nin simpatiyas\u0131 il\u0259 meydan auras\u0131n\u0131 \u00f6z \u00fcz\u0259rin\u0259 g\u00f6t\u00fcr\u0259nl\u0259r \u2013 el\u0259 onun daxilind\u0259 biz t\u0259l\u0259b\u0259l\u0259r d\u0259 var idik, biz d\u0259 bu h\u0259r\u0259kat\u0131n \u00f6n s\u0131ralar\u0131ndayd\u0131q, radikal cinaha aid idik v\u0259 bu g\u00fcn h\u0259qiq\u0259t\u0259n d\u0259 b\u00fct\u00fcn m\u0259n\u0259vi m\u0259suliyy\u0259ti h\u0259m d\u0259 bizl\u0259r da\u015f\u0131y\u0131r\u0131q, m\u0259n \u015f\u0259xs\u0259n \u00f6z\u00fcm\u00fc s\u00f6yl\u0259yir\u0259m\u201d.<\/p>\n<table border=\"4\">\n<tbody>\n<tr>\n<td>\n<h3><strong>&#8221;V\u0259zirov g\u00f6r\u00fc\u015fd\u0259 Xalq C\u0259bh\u0259sin\u0259 50 yer ver\u0259 bil\u0259c\u0259yini s\u00f6yl\u0259mi\u015fdi. \u018fb\u00fclf\u0259z b\u0259y cavab\u0131nda s\u00f6yl\u0259mi\u015fdi ki, 50 yer azd\u0131r, 100 yer olsa, daha do\u011fru variant olar&#8230; V\u0259zirov fevralda Ali Sovet\u0259 se\u00e7ki\u0131l\u0259r ke\u00e7irtm\u0259yi planla\u015fd\u0131r\u0131rd\u0131&#8230;Bu faci\u0259d\u0259 \u0259n az g\u00fcnah\u0131 V\u0259zirovda, \u0259n b\u00f6y\u00fck g\u00fcnah is\u0259 AXC-d\u0259 idi&#8230;&#8221;<\/strong><\/h3>\n<\/td>\n<\/tr>\n<\/tbody>\n<\/table>\n<p><strong>Milli h\u0259r\u0259kat\u0131n tan\u0131nm\u0131\u015f \u00fczv\u00fc s\u0259mimi \u015f\u0259kild\u0259 etiraf\u0131n\u0131 da dil\u0259 g\u0259tirdi:<\/strong>\u00a0\u201c\u00c7\u00fcnki biz siyasi uzaqg\u00f6r\u0259nlik keyfiyy\u0259tin\u0259 sahib deyildik, bunu a\u00e7\u0131qca s\u00f6yl\u0259m\u0259k laz\u0131md\u0131r. Y\u0259ni biz daha \u00e7ox emosional duy\u011fularla probleml\u0259rin \u00e7\u00f6z\u00fcl\u0259 bil\u0259c\u0259yini v\u0259 SSR\u0130-nin imkanlar\u0131n\u0131 n\u0259z\u0259r\u0259 almamaqla, xalq\u0131n d\u0259miri, da\u015f\u0131 de\u015f\u0259 bil\u0259c\u0259k q\u0259d\u0259r q\u00fcvv\u0259y\u0259 malik oldu\u011funu d\u00fc\u015f\u00fcn\u00fcrd\u00fck. H\u0259m d\u0259 Qaraba\u011f m\u0259s\u0259l\u0259si bizi xeyli \u00e7a\u015fd\u0131rm\u0131\u015fd\u0131 ki, biz ancaq xalq h\u0259r\u0259kat\u0131n\u0131 g\u00fccl\u0259ndirm\u0259kl\u0259, silah \u0259ld\u0259 etm\u0259kl\u0259 bu torpaqlar\u0131 erm\u0259nil\u0259rd\u0259n t\u0259mizl\u0259y\u0259 bil\u0259rik. B\u00fct\u00fcn bunlar ham\u0131s\u0131 siyas\u0259td\u0259nk\u0259nar illuziyalar\u0131 daha \u00e7ox can\u0131m\u0131za hopdurmu\u015fdu. Ona g\u00f6r\u0259 d\u0259 frans\u0131z inqilab\u0131n\u0131n ya\u015fad\u0131\u011f\u0131 prosesi \u0259slind\u0259 biz d\u0259 ya\u015fam\u0131\u015f olduq. Bu, o dem\u0259kdir ki, orda k\u00fctl\u0259nin, yaxud ayr\u0131-ayr\u0131 burjuaziyan\u0131n, ba\u015fqalar\u0131n\u0131n g\u00f6z\u00fcn\u00fc qorxutmaq \u00fc\u00e7\u00fcn kabinetd\u0259 edam bar\u0259d\u0259 dan\u0131\u015f\u0131l\u0131rd\u0131. Sonradan meydana y\u0131\u011f\u0131\u015fan xalq t\u0259l\u0259b edirdi ki, o edam\u0131 ger\u00e7\u0259kl\u0259\u015fdirin! T\u0259qrib\u0259n burda da bel\u0259 olurdu, m\u00fc\u0259yy\u0259n bir radikall\u0131q, k\u0259skin m\u00f6vqe s\u0259rgilm\u0259k \u00fc\u00e7\u00fcn add\u0131mlar at\u0131l\u0131rd\u0131, sonradan arxanca g\u0259l\u0259nl\u0259r bu add\u0131mlar\u0131n davam etm\u0259sini v\u0259 konkretl\u0259\u015fm\u0259sini ist\u0259yirdi. Nec\u0259 ki, 1988-ci ild\u0259 \u0259slind\u0259 meydana bir g\u00fcnl\u00fck \u00e7\u0131x\u0131b, t\u0259l\u0259bl\u0259r qoyma\u011f\u0131 n\u0259z\u0259rd\u0259 tuturduq, amma k\u00fctl\u0259 y\u0131\u011f\u0131\u015fandan sonra t\u0259l\u0259b etdi ki, el\u0259 burda qal\u0131r\u0131q, getmirik v\u0259 buna da ham\u0131 tabe olma\u011fa ba\u015flad\u0131\u201d. Deputat qeyd etdi ki, b\u00f6y\u00fck liderl\u0259rin \u0259sas rolu bu kimi hallara qar\u015f\u0131 m\u00fcqavim\u0259t g\u00f6st\u0259rm\u0259kdir: \u201cM\u0259n bil\u0259n o d\u00f6vrd\u0259 bu gedi\u015fatla raz\u0131la\u015fmayan, AXC-nin \u00f6z\u00fcn s\u00f6zd\u0259 liberal qanad\u0131 adland\u0131ran hiss\u0259si daha il\u0131ml\u0131 yolu se\u00e7m\u0259yi d\u00fc\u015f\u00fcn\u00fcrd\u00fcl\u0259r. Amma onlarda da yet\u0259rinc\u0259 c\u0259sar\u0259t yox idi ki, bu yolun vacib oldu\u011funu g\u00f6st\u0259rsinl\u0259r. Orada c\u0259sar\u0259tli davranan bir Z\u0259rd\u00fc\u015ft \u018flizad\u0259 oldu, 7 yanvarda AXC daxilind\u0259 demokratiyan\u0131n olmad\u0131\u011f\u0131n\u0131, fikir dinl\u0259nilm\u0259diyini, qarag\u00fcruh\u00e7ulu\u011fun \u00fcst\u00fcnl\u00fck t\u0259\u015fkil etdiyini bir daha daxili m\u00fcbariz\u0259d\u0259 g\u00f6st\u0259rmi\u015f oldu. Burda t\u0259k a\u011f\u0131ll\u0131 yol o d\u00f6vr\u00fcn Az\u0259rbaycan hakimiyy\u0259ti il\u0259 uzla\u015fmaya getm\u0259k idi. Y\u0259ni ki, koordinasiya etm\u0259k laz\u0131m idi v\u0259 V\u0259zirov da m\u00fcnasib adam idi. M\u00fct\u0259llibovun bu xarakteri yox idi, amma V\u0259zirov daha maraql\u0131 v\u0259 m\u00fcnasib adam idi, AXC ondan a\u011f\u0131ll\u0131 formada istifad\u0259 etm\u0259di. N\u0259hay\u0259t, al\u0131nan q\u0259rarlar ona g\u0259tirdi ki, barrikadalar qurulsun, m\u00fcqavim\u0259t g\u00f6st\u0259r\u0259k&#8230;Yen\u0259 d\u0259 siyasi q\u0259rarlar o d\u0259r\u0259c\u0259d\u0259 a\u015fa\u011f\u0131 oldu ki, 1989-cu ild\u0259, 9 apreld\u0259 Tiflisd\u0259 ba\u015f ver\u0259n q\u0131r\u011f\u0131n\u0131n ittifaq miqyas\u0131nda geni\u015f \u015f\u0259kild\u0259 m\u00fczakir\u0259 olunmas\u0131 bir n\u00f6v ham\u0131n\u0131 arxay\u0131nla\u015fd\u0131rm\u0131\u015fd\u0131. Bel\u0259 bir v\u0259ziyy\u0259td\u0259 SSR\u0130 r\u0259hb\u0259rliyi ikinci eyni add\u0131ma \u0259l atmayacaq, d\u00fc\u015f\u00fcnc\u0259si beyinl\u0259r\u0259 hakim oldu\u201d.<\/p>\n<p><img loading=\"lazy\" src=\"https:\/\/c.radikal.ru\/c03\/2201\/7f\/85958814e24b.jpg\" alt=\"\" width=\"820\" height=\"615\" \/><\/p>\n<p><strong>F.Mustafa qeyd etdi ki, bu kimi m\u0259s\u0259l\u0259l\u0259rd\u0259 daha f\u0259rqli yol izl\u0259m\u0259y\u0259 ehtiyac var idi:<\/strong>\u00a0\u201cAmma siyas\u0259td\u0259 n\u0259tic\u0259 ba\u015f ver\u0259nd\u0259n sonra daha \u00e7ox s\u0259hvl\u0259ri g\u00f6rm\u0259y\u0259 ba\u015flay\u0131rsan\u201d. Q\u0131r\u011f\u0131nla ba\u011fl\u0131 m\u0259suliyy\u0259t m\u0259s\u0259l\u0259sin\u0259 g\u0259ldikd\u0259, deputat bildirdi ki, Az\u0259rbaycan Milli M\u0259clisinin bu bar\u0259d\u0259 tarixi q\u0259rar\u0131 var: \u201cArt\u0131q SSR\u0130 adl\u0131 d\u00f6vl\u0259t yoxdur ki, o mas\u015ftabda bunu h\u0259ll ed\u0259s\u0259n. Rusiya r\u0259hb\u0259rliyin\u0259 d\u0259 bununla ba\u011fl\u0131 h\u0259r hans\u0131 ittiham ir\u0259li s\u00fcrm\u0259k h\u00fcquqi c\u0259h\u0259td\u0259n absurddur. Bu m\u0259s\u0259l\u0259ni g\u00fcnd\u0259m\u0259 g\u0259tirib, h\u00fcquqi m\u00fcst\u0259vid\u0259 m\u00fczakir\u0259 aparma\u011f\u0131n da bir anlam\u0131 yoxdur. Burada s\u00f6hb\u0259t m\u0259n\u0259vi m\u0259suliyy\u0259td\u0259n gedir v\u0259 h\u0259r k\u0259s d\u0259 m\u0259n\u0259vi m\u0259suliyy\u0259tini y\u0259qin ki, tarixin verdiyi qiym\u0259t y\u00f6n\u00fcnd\u0259 alacaq. D\u00fc\u015f\u00fcn\u00fcr\u0259m ki, burada \u0259n b\u00f6y\u00fck m\u0259suliyy\u0259t SSR\u0130 r\u0259hb\u0259rliyinin \u00fcz\u0259rin\u0259 d\u00fc\u015f\u00fcr. S\u0259n qatils\u0259n, q\u0259tliam t\u00f6r\u0259tmis\u0259n, v\u0259h\u015filik etmis\u0259n! Amma buna r\u0259vac ver\u0259n add\u0131mlara g\u0259ldikd\u0259, o d\u00f6vrd\u0259 Az\u0259rbaycan r\u0259hb\u0259rliyind\u0259n daha \u00e7ox, bizim d\u0259 daxil oldu\u011fumuz AXC r\u0259hb\u0259rliyinin m\u0259suliyy\u0259ti var. Biz daha uzaqg\u00f6r\u0259n siyas\u0259t izl\u0259m\u0259liydik. T\u0259bii ki, bunu indiki v\u0259ziyy\u0259td\u0259 s\u00f6yl\u0259yirik. O d\u00f6n\u0259md\u0259 \u015f\u0259xs\u0259n m\u0259n olsayd\u0131m, yen\u0259 d\u0259 dir\u0259ni\u015f q\u0259rar\u0131n\u0131 q\u0259bul ed\u0259rdim. \u00c7\u00fcnki o d\u00f6vr\u00fcn \u0259hval-ruhiyy\u0259si, duy\u011fular\u0131, d\u00fc\u015f\u00fcnc\u0259l\u0259ri f\u0259rqli idi. Amma sual bu g\u00fcn verildiyin\u0259 g\u00f6r\u0259, ke\u00e7mi\u015f\u0259 bax\u0131b, ke\u00e7mi\u015fi s\u0259mimi t\u0259fti\u015f etm\u0259k, prosesl\u0259r\u0259 obyektiv yana\u015fmaq bizi g\u0259l\u0259c\u0259kd\u0259 s\u0259hvl\u0259rd\u0259n qoruya bil\u0259r, dey\u0259, bu m\u0259s\u0259l\u0259l\u0259ri a\u00e7\u0131q s\u00f6yl\u0259m\u0259yi m\u0259n\u0259vi borc hesab edir\u0259m. Bu c\u00fcr m\u0259s\u0259l\u0259l\u0259rin t\u0259krar olunma ehtimal\u0131 b\u00f6y\u00fckd\u00fcr. \u00c7\u00fcnki h\u0259r hans\u0131 bir siyasi lider k\u00fctl\u0259nin ist\u0259r siyasi, ist\u0259r dini, ist\u0259r sosial c\u0259hal\u0259tin\u0259 qar\u015f\u0131 \u00f6z\u00fcn\u00fcn konkret, q\u0259ti, inand\u0131r\u0131c\u0131 m\u00f6vqeyini ortaya qoymal\u0131d\u0131r. \u018fks t\u0259qdird\u0259, 20 Yanvarlar ba\u015f verir, bel\u0259 faci\u0259l\u0259ri ya\u015fay\u0131rsan. Ona g\u00f6r\u0259 d\u0259 h\u0259tta \u018fb\u00fclf\u0259z El\u00e7ib\u0259y o d\u00f6n\u0259m M\u00fcdafi\u0259 \u015euras\u0131n\u0131n s\u0259dri se\u00e7ilmi\u015fdi v\u0259 faktiki olaraq AXC r\u0259hb\u0259rliyind\u0259 b\u0259z\u0259n radikallarla bir az m\u00f6t\u0259dil davrananlar aras\u0131nda ortaq n\u00f6qt\u0259 tapma\u011fa \u00e7al\u0131\u015f\u0131rd\u0131. Amma zaman g\u00f6st\u0259rir ki, m\u00f6t\u0259dil q\u00fcv\u0259l\u0259rin d\u00fc\u015f\u00fcnc\u0259l\u0259rind\u0259 d\u0259, radikallar\u0131n yana\u015fmas\u0131nda da \u0259slind\u0259 k\u00fctl\u0259nin idar\u0259 olunmas\u0131 prosesind\u0259 daha c\u0259sur davranma\u011fa ehtiyac yaran\u0131r. Y\u0259ni bu fikirl\u0259ri ortaqla\u015fd\u0131rmaq yerin\u0259, daha populyar olmayan, z\u0259ruri olan, xalq\u0131 q\u0131r\u011f\u0131ndan qoruyan v\u0259 xalq\u0131 az itkil\u0259rl\u0259 ir\u0259lil\u0259d\u0259n yolu se\u00e7m\u0259k laz\u0131md\u0131r. Bu g\u00fcn d\u0259 bu anlay\u0131\u015f\u0131n da\u015f\u0131y\u0131c\u0131lar\u0131 meydan sulay\u0131rlar. Ona g\u00f6r\u0259 g\u0259l\u0259c\u0259kd\u0259 d\u0259 bel\u0259 situasiyalar ba\u015f ver\u0259 bil\u0259r. \u00c7\u00fcnki biz ke\u00e7mi\u015fi do\u011fru t\u0259hlil etm\u0259mi\u015fik\u201d.<\/p>\n","protected":false},"excerpt":{"rendered":"<p>\u201c20 Yanvar Az\u0259rbaycan xalq\u0131n\u0131n tarixind\u0259, m\u00fcst\u0259qilliy\u0259 do\u011fru ged\u0259n yolunda h\u0259l\u0259 d\u0259 sirr p\u0259rd\u0259si a\u00e7\u0131lmam\u0131\u015f hadis\u0259l\u0259rd\u0259n biridir. Bu hadis\u0259 h\u0259qiq\u0259t\u0259n d\u0259 Az\u0259rbaycan \u00fc\u00e7\u00fcn b\u00f6y\u00fck faci\u0259 oldu\u201d. Deputat, BQP ba\u015fqan\u0131, xalq h\u0259r\u0259kat\u0131n\u0131n f\u0259al i\u015ftirak\u00e7\u0131lar\u0131ndan biri Fazil Mustafa bu fikirl\u0259ri \u201cYeni M\u00fcsavat\u201da a\u00e7\u0131qlamas\u0131nda s\u00f6yl\u0259di. Deputat \u0259minlikl\u0259 bildirdi ki, 20 Yanvar faci\u0259sinin \u0259sas s\u0259b\u0259bkar\u0131 ozamank\u0131 SSR\u0130 r\u0259hb\u0259rliyi idi: \u201cSSR\u0130 r\u0259hb\u0259rliyinin d\u0259 bilavasit\u0259 20 Yanvar hadis\u0259l\u0259rind\u0259n daha \u00e7ox, Da\u011fl\u0131q Qaraba\u011fda erm\u0259ni separatizmini d\u0259st\u0259kl\u0259m\u0259k m\u0259qs\u0259dil\u0259 Az\u0259rbaycan xalq\u0131n\u0131n Qaraba\u011fa y\u00f6n\u0259lik b\u00fct\u00fcn iddialar\u0131n\u0131n ortadan qald\u0131r\u0131lmas\u0131 \u00fc\u00e7\u00fcn d\u00fc\u015f\u00fcnd\u00fcy\u00fc planlardan biri kimi qiym\u0259tl\u0259ndirilm\u0259lidir. \u00c7\u00fcnki 20 Yanvar Qaraba\u011f hadis\u0259l\u0259rinin fonundan k\u0259narda&hellip;<\/p>\n","protected":false},"author":2,"featured_media":428748,"comment_status":"closed","ping_status":"closed","sticky":false,"template":"","format":"standard","meta":{"om_disable_all_campaigns":false,"_monsterinsights_skip_tracking":false,"_monsterinsights_sitenote_active":false,"_monsterinsights_sitenote_note":"","_monsterinsights_sitenote_category":0},"categories":[19],"tags":[],"aioseo_notices":[],"gutentor_comment":0,"rttpg_featured_image_url":{"full":["https:\/\/arantv.az\/wp-content\/uploads\/2022\/01\/3e76bdde87dfbc9e1fefcbe457fec90a.jpg",450,280,false],"landscape":["https:\/\/arantv.az\/wp-content\/uploads\/2022\/01\/3e76bdde87dfbc9e1fefcbe457fec90a.jpg",450,280,false],"portraits":["https:\/\/arantv.az\/wp-content\/uploads\/2022\/01\/3e76bdde87dfbc9e1fefcbe457fec90a.jpg",450,280,false],"thumbnail":["https:\/\/arantv.az\/wp-content\/uploads\/2022\/01\/3e76bdde87dfbc9e1fefcbe457fec90a.jpg",450,280,false],"medium":["https:\/\/arantv.az\/wp-content\/uploads\/2022\/01\/3e76bdde87dfbc9e1fefcbe457fec90a.jpg",450,280,false],"large":["https:\/\/arantv.az\/wp-content\/uploads\/2022\/01\/3e76bdde87dfbc9e1fefcbe457fec90a.jpg",450,280,false],"1536x1536":["https:\/\/arantv.az\/wp-content\/uploads\/2022\/01\/3e76bdde87dfbc9e1fefcbe457fec90a.jpg",450,280,false],"2048x2048":["https:\/\/arantv.az\/wp-content\/uploads\/2022\/01\/3e76bdde87dfbc9e1fefcbe457fec90a.jpg",450,280,false],"post-thumbnail":["https:\/\/arantv.az\/wp-content\/uploads\/2022\/01\/3e76bdde87dfbc9e1fefcbe457fec90a-240x172.jpg",240,172,true],"advps-thumb-one":["https:\/\/arantv.az\/wp-content\/uploads\/2022\/01\/3e76bdde87dfbc9e1fefcbe457fec90a.jpg",450,280,false]},"rttpg_author":{"display_name":"V\u00fcsal Rafiqo\u011flu","author_link":"https:\/\/arantv.az\/?author=2"},"rttpg_comment":0,"rttpg_category":"<a href=\"https:\/\/arantv.az\/?cat=19\" rel=\"category\">G\u00fcnd\u0259m<\/a>","rttpg_excerpt":"\u201c20 Yanvar Az\u0259rbaycan xalq\u0131n\u0131n tarixind\u0259, m\u00fcst\u0259qilliy\u0259 do\u011fru ged\u0259n yolunda h\u0259l\u0259 d\u0259 sirr p\u0259rd\u0259si a\u00e7\u0131lmam\u0131\u015f hadis\u0259l\u0259rd\u0259n biridir. Bu hadis\u0259 h\u0259qiq\u0259t\u0259n d\u0259 Az\u0259rbaycan \u00fc\u00e7\u00fcn b\u00f6y\u00fck faci\u0259 oldu\u201d. Deputat, BQP ba\u015fqan\u0131, xalq h\u0259r\u0259kat\u0131n\u0131n f\u0259al i\u015ftirak\u00e7\u0131lar\u0131ndan biri Fazil Mustafa bu fikirl\u0259ri \u201cYeni M\u00fcsavat\u201da a\u00e7\u0131qlamas\u0131nda s\u00f6yl\u0259di. Deputat \u0259minlikl\u0259 bildirdi ki, 20 Yanvar faci\u0259sinin \u0259sas s\u0259b\u0259bkar\u0131 ozamank\u0131 SSR\u0130 r\u0259hb\u0259rliyi idi: \u201cSSR\u0130&hellip;","_links":{"self":[{"href":"https:\/\/arantv.az\/index.php?rest_route=\/wp\/v2\/posts\/428747"}],"collection":[{"href":"https:\/\/arantv.az\/index.php?rest_route=\/wp\/v2\/posts"}],"about":[{"href":"https:\/\/arantv.az\/index.php?rest_route=\/wp\/v2\/types\/post"}],"author":[{"embeddable":true,"href":"https:\/\/arantv.az\/index.php?rest_route=\/wp\/v2\/users\/2"}],"replies":[{"embeddable":true,"href":"https:\/\/arantv.az\/index.php?rest_route=%2Fwp%2Fv2%2Fcomments&post=428747"}],"version-history":[{"count":0,"href":"https:\/\/arantv.az\/index.php?rest_route=\/wp\/v2\/posts\/428747\/revisions"}],"wp:featuredmedia":[{"embeddable":true,"href":"https:\/\/arantv.az\/index.php?rest_route=\/wp\/v2\/media\/428748"}],"wp:attachment":[{"href":"https:\/\/arantv.az\/index.php?rest_route=%2Fwp%2Fv2%2Fmedia&parent=428747"}],"wp:term":[{"taxonomy":"category","embeddable":true,"href":"https:\/\/arantv.az\/index.php?rest_route=%2Fwp%2Fv2%2Fcategories&post=428747"},{"taxonomy":"post_tag","embeddable":true,"href":"https:\/\/arantv.az\/index.php?rest_route=%2Fwp%2Fv2%2Ftags&post=428747"}],"curies":[{"name":"wp","href":"https:\/\/api.w.org\/{rel}","templated":true}]}}