{"id":428753,"date":"2022-01-20T09:14:18","date_gmt":"2022-01-20T06:14:18","guid":{"rendered":"http:\/\/arantv.az\/?p=428753"},"modified":"2022-01-20T09:14:18","modified_gmt":"2022-01-20T06:14:18","slug":"agdam-s%c9%99h%c9%99rind%c9%99-ilk-qar-video","status":"publish","type":"post","link":"https:\/\/arantv.az\/?p=428753","title":{"rendered":"A\u011fdam \u015f\u0259h\u0259rind\u0259 ilk qar &#8211; V\u0130DEO"},"content":{"rendered":"<p>A\u011fdam \u015f\u0259h\u0259rin\u0259 ilk qar ya\u011f\u0131b.<\/p>\n<p><strong>ARANTV.AZ<\/strong>-\u0131n m\u0259lumat\u0131na g\u00f6r\u0259, bu bar\u0259d\u0259 Prezidentin Qaraba\u011f iqtisadi rayonuna daxil olan i\u015f\u011faldan azad edil\u0259n (\u015eu\u015fa istisna olmaqla) \u0259razil\u0259r \u00fczr\u0259 x\u00fcsusi n\u00fcmay\u0259nd\u0259si Emin H\u00fcseynov \u201cTwitter\u201d hesab\u0131nda payla\u015f\u0131m edib.<\/p>\n<p>\u201cA\u011fdam \u015f\u0259h\u0259rind\u0259 ilk qar! X\u00fcsusi n\u00fcmay\u0259nd\u0259liyin m\u00fcv\u0259qq\u0259ti d\u00fc\u015f\u0259rg\u0259si bu s\u0259h\u0259r\u201d, &#8211; dey\u0259 o qeyd edib.<\/p>\n<div>\n<div class=\"twitter-tweet twitter-tweet-rendered\"><iframe id=\"twitter-widget-0\" class=\"\" title=\"Twitter Tweet\" src=\"https:\/\/platform.twitter.com\/embed\/Tweet.html?creatorScreenName=oxuaz&amp;dnt=false&amp;embedId=twitter-widget-0&amp;features=eyJ0ZndfZXhwZXJpbWVudHNfY29va2llX2V4cGlyYXRpb24iOnsiYnVja2V0IjoxMjA5NjAwLCJ2ZXJzaW9uIjpudWxsfSwidGZ3X2hvcml6b25fdHdlZXRfZW1iZWRfOTU1NSI6eyJidWNrZXQiOiJodGUiLCJ2ZXJzaW9uIjpudWxsfSwidGZ3X3NwYWNlX2NhcmQiOnsiYnVja2V0Ijoib2ZmIiwidmVyc2lvbiI6bnVsbH19&amp;frame=false&amp;hideCard=false&amp;hideThread=false&amp;id=1484028836509626370&amp;lang=en&amp;origin=https%3A%2F%2Foxu.az%2Fsociety%2F565714&amp;sessionId=64e3e0eb07fa019604af0168e25fde050b2495c8&amp;siteScreenName=oxuaz&amp;theme=light&amp;widgetsVersion=75b3351%3A1642573356397&amp;width=550px\" frameborder=\"0\" scrolling=\"no\" allowfullscreen=\"allowfullscreen\" data-tweet-id=\"1484028836509626370\" data-mce-fragment=\"1\"><\/iframe><\/div>\n<\/div>\n<p>&nbsp;<\/p>\n","protected":false},"excerpt":{"rendered":"<p>A\u011fdam \u015f\u0259h\u0259rin\u0259 ilk qar ya\u011f\u0131b. ARANTV.AZ-\u0131n m\u0259lumat\u0131na g\u00f6r\u0259, bu bar\u0259d\u0259 Prezidentin Qaraba\u011f iqtisadi rayonuna daxil olan i\u015f\u011faldan azad edil\u0259n (\u015eu\u015fa istisna olmaqla) \u0259razil\u0259r \u00fczr\u0259 x\u00fcsusi n\u00fcmay\u0259nd\u0259si Emin H\u00fcseynov \u201cTwitter\u201d hesab\u0131nda payla\u015f\u0131m edib. \u201cA\u011fdam \u015f\u0259h\u0259rind\u0259 ilk qar! X\u00fcsusi n\u00fcmay\u0259nd\u0259liyin m\u00fcv\u0259qq\u0259ti d\u00fc\u015f\u0259rg\u0259si bu s\u0259h\u0259r\u201d, &#8211; dey\u0259 o qeyd edib. &nbsp;<\/p>\n","protected":false},"author":2,"featured_media":428754,"comment_status":"closed","ping_status":"closed","sticky":false,"template":"","format":"standard","meta":{"om_disable_all_campaigns":false,"_monsterinsights_skip_tracking":false,"_monsterinsights_sitenote_active":false,"_monsterinsights_sitenote_note":"","_monsterinsights_sitenote_category":0},"categories":[1],"tags":[],"aioseo_notices":[],"gutentor_comment":0,"rttpg_featured_image_url":{"full":["https:\/\/arantv.az\/wp-content\/uploads\/2022\/01\/FotoJet-5-6.jpg",620,413,false],"landscape":["https:\/\/arantv.az\/wp-content\/uploads\/2022\/01\/FotoJet-5-6.jpg",620,413,false],"portraits":["https:\/\/arantv.az\/wp-content\/uploads\/2022\/01\/FotoJet-5-6.jpg",620,413,false],"thumbnail":["https:\/\/arantv.az\/wp-content\/uploads\/2022\/01\/FotoJet-5-6-500x280.jpg",500,280,true],"medium":["https:\/\/arantv.az\/wp-content\/uploads\/2022\/01\/FotoJet-5-6-548x365.jpg",548,365,true],"large":["https:\/\/arantv.az\/wp-content\/uploads\/2022\/01\/FotoJet-5-6.jpg",620,413,false],"1536x1536":["https:\/\/arantv.az\/wp-content\/uploads\/2022\/01\/FotoJet-5-6.jpg",620,413,false],"2048x2048":["https:\/\/arantv.az\/wp-content\/uploads\/2022\/01\/FotoJet-5-6.jpg",620,413,false],"post-thumbnail":["https:\/\/arantv.az\/wp-content\/uploads\/2022\/01\/FotoJet-5-6-240x172.jpg",240,172,true],"advps-thumb-one":["https:\/\/arantv.az\/wp-content\/uploads\/2022\/01\/FotoJet-5-6.jpg",620,413,false]},"rttpg_author":{"display_name":"V\u00fcsal Rafiqo\u011flu","author_link":"https:\/\/arantv.az\/?author=2"},"rttpg_comment":0,"rttpg_category":"<a href=\"https:\/\/arantv.az\/?cat=1\" rel=\"category\">C\u0259miyy\u0259t<\/a>","rttpg_excerpt":"A\u011fdam \u015f\u0259h\u0259rin\u0259 ilk qar ya\u011f\u0131b. ARANTV.AZ-\u0131n m\u0259lumat\u0131na g\u00f6r\u0259, bu bar\u0259d\u0259 Prezidentin Qaraba\u011f iqtisadi rayonuna daxil olan i\u015f\u011faldan azad edil\u0259n (\u015eu\u015fa istisna olmaqla) \u0259razil\u0259r \u00fczr\u0259 x\u00fcsusi n\u00fcmay\u0259nd\u0259si Emin H\u00fcseynov \u201cTwitter\u201d hesab\u0131nda payla\u015f\u0131m edib. \u201cA\u011fdam \u015f\u0259h\u0259rind\u0259 ilk qar! X\u00fcsusi n\u00fcmay\u0259nd\u0259liyin m\u00fcv\u0259qq\u0259ti d\u00fc\u015f\u0259rg\u0259si bu s\u0259h\u0259r\u201d, &#8211; dey\u0259 o qeyd edib. &nbsp;","_links":{"self":[{"href":"https:\/\/arantv.az\/index.php?rest_route=\/wp\/v2\/posts\/428753"}],"collection":[{"href":"https:\/\/arantv.az\/index.php?rest_route=\/wp\/v2\/posts"}],"about":[{"href":"https:\/\/arantv.az\/index.php?rest_route=\/wp\/v2\/types\/post"}],"author":[{"embeddable":true,"href":"https:\/\/arantv.az\/index.php?rest_route=\/wp\/v2\/users\/2"}],"replies":[{"embeddable":true,"href":"https:\/\/arantv.az\/index.php?rest_route=%2Fwp%2Fv2%2Fcomments&post=428753"}],"version-history":[{"count":0,"href":"https:\/\/arantv.az\/index.php?rest_route=\/wp\/v2\/posts\/428753\/revisions"}],"wp:featuredmedia":[{"embeddable":true,"href":"https:\/\/arantv.az\/index.php?rest_route=\/wp\/v2\/media\/428754"}],"wp:attachment":[{"href":"https:\/\/arantv.az\/index.php?rest_route=%2Fwp%2Fv2%2Fmedia&parent=428753"}],"wp:term":[{"taxonomy":"category","embeddable":true,"href":"https:\/\/arantv.az\/index.php?rest_route=%2Fwp%2Fv2%2Fcategories&post=428753"},{"taxonomy":"post_tag","embeddable":true,"href":"https:\/\/arantv.az\/index.php?rest_route=%2Fwp%2Fv2%2Ftags&post=428753"}],"curies":[{"name":"wp","href":"https:\/\/api.w.org\/{rel}","templated":true}]}}