{"id":428756,"date":"2022-01-20T09:15:16","date_gmt":"2022-01-20T06:15:16","guid":{"rendered":"http:\/\/arantv.az\/?p=428756"},"modified":"2022-01-20T09:15:16","modified_gmt":"2022-01-20T06:15:16","slug":"20-yanvar-q%c9%99hr%c9%99man-az%c9%99rbaycan-xalqinin-must%c9%99qilliyi-ucun-ayaga-qalxdigi-gundur-yalcin-topcu","status":"publish","type":"post","link":"https:\/\/arantv.az\/?p=428756","title":{"rendered":"20 Yanvar q\u0259hr\u0259man Az\u0259rbaycan xalq\u0131n\u0131n m\u00fcst\u0259qilliyi \u00fc\u00e7\u00fcn aya\u011fa qalxd\u0131\u011f\u0131 g\u00fcnd\u00fcr &#8211; Yal\u00e7\u0131n Top\u00e7u"},"content":{"rendered":"<p>20 Yanvar faci\u0259si q\u0259hr\u0259man Az\u0259rbaycan xalq\u0131n\u0131n m\u00fcst\u0259qilliyi v\u0259 v\u0259t\u0259n torpaqlar\u0131n\u0131n b\u00fct\u00f6vl\u00fcy\u00fc \u00fc\u00e7\u00fcn aya\u011fa qalxd\u0131\u011f\u0131 g\u00fcnd\u00fcr.<\/p>\n<p>Bunu\u00a0<a href=\"https:\/\/az.trend.az\/\" target=\"_blank\" rel=\"noopener\">Trend<\/a>-\u0259 a\u00e7\u0131qlamas\u0131nda T\u00fcrkiy\u0259 Prezidentinin ba\u015f m\u00fc\u015faviri Yal\u00e7\u0131n Top\u00e7u deyib.<\/p>\n<p>O bildirib ki, 20 Yanvar hadis\u0259l\u0259ri sovet ordusunun Bak\u0131 v\u0259 dig\u0259r \u015f\u0259h\u0259rl\u0259rd\u0259 Az\u0259rbaycan xalq\u0131na qar\u015f\u0131 t\u00f6r\u0259tdiyi insanl\u0131q \u0259leyhin\u0259 cinay\u0259tdir.<\/p>\n<p>&#8220;Allaha \u015f\u00fck\u00fcrl\u0259r olsun ki, \u00fc\u00e7r\u0259ngli bayra\u011f\u0131n alt\u0131nda var olan Az\u0259rbaycan 44 g\u00fcnl\u00fck V\u0259t\u0259n m\u00fcharib\u0259sinin M\u00fcz\u0259ff\u0259r Ali Ba\u015f Komandan\u0131 c\u0259nab \u0130lham \u018fliyevin d\u0259mir irad\u0259si v\u0259 liderliyi il\u0259 bu g\u00fcn art\u0131q b\u00f6lg\u0259d\u0259 v\u0259 d\u00fcnyada qibt\u0259 olunan bir d\u00f6vl\u0259t\u0259 \u00e7evrilib&#8221;, &#8211; dey\u0259 Y.Top\u00e7u bildirib.<\/p>\n","protected":false},"excerpt":{"rendered":"<p>20 Yanvar faci\u0259si q\u0259hr\u0259man Az\u0259rbaycan xalq\u0131n\u0131n m\u00fcst\u0259qilliyi v\u0259 v\u0259t\u0259n torpaqlar\u0131n\u0131n b\u00fct\u00f6vl\u00fcy\u00fc \u00fc\u00e7\u00fcn aya\u011fa qalxd\u0131\u011f\u0131 g\u00fcnd\u00fcr. Bunu\u00a0Trend-\u0259 a\u00e7\u0131qlamas\u0131nda T\u00fcrkiy\u0259 Prezidentinin ba\u015f m\u00fc\u015faviri Yal\u00e7\u0131n Top\u00e7u deyib. O bildirib ki, 20 Yanvar hadis\u0259l\u0259ri sovet ordusunun Bak\u0131 v\u0259 dig\u0259r \u015f\u0259h\u0259rl\u0259rd\u0259 Az\u0259rbaycan xalq\u0131na qar\u015f\u0131 t\u00f6r\u0259tdiyi insanl\u0131q \u0259leyhin\u0259 cinay\u0259tdir. &#8220;Allaha \u015f\u00fck\u00fcrl\u0259r olsun ki, \u00fc\u00e7r\u0259ngli bayra\u011f\u0131n alt\u0131nda var olan Az\u0259rbaycan 44 g\u00fcnl\u00fck V\u0259t\u0259n m\u00fcharib\u0259sinin M\u00fcz\u0259ff\u0259r Ali Ba\u015f Komandan\u0131 c\u0259nab \u0130lham \u018fliyevin d\u0259mir irad\u0259si v\u0259 liderliyi il\u0259 bu g\u00fcn art\u0131q b\u00f6lg\u0259d\u0259 v\u0259 d\u00fcnyada qibt\u0259 olunan bir d\u00f6vl\u0259t\u0259 \u00e7evrilib&#8221;, &#8211; dey\u0259 Y.Top\u00e7u bildirib.<\/p>\n","protected":false},"author":2,"featured_media":428757,"comment_status":"closed","ping_status":"closed","sticky":false,"template":"","format":"standard","meta":{"om_disable_all_campaigns":false,"_monsterinsights_skip_tracking":false,"_monsterinsights_sitenote_active":false,"_monsterinsights_sitenote_note":"","_monsterinsights_sitenote_category":0},"categories":[4],"tags":[],"aioseo_notices":[],"gutentor_comment":0,"rttpg_featured_image_url":{"full":["https:\/\/arantv.az\/wp-content\/uploads\/2022\/01\/1013124.jpg",800,600,false],"landscape":["https:\/\/arantv.az\/wp-content\/uploads\/2022\/01\/1013124.jpg",800,600,false],"portraits":["https:\/\/arantv.az\/wp-content\/uploads\/2022\/01\/1013124.jpg",800,600,false],"thumbnail":["https:\/\/arantv.az\/wp-content\/uploads\/2022\/01\/1013124-500x280.jpg",500,280,true],"medium":["https:\/\/arantv.az\/wp-content\/uploads\/2022\/01\/1013124-487x365.jpg",487,365,true],"large":["https:\/\/arantv.az\/wp-content\/uploads\/2022\/01\/1013124.jpg",640,480,false],"1536x1536":["https:\/\/arantv.az\/wp-content\/uploads\/2022\/01\/1013124.jpg",800,600,false],"2048x2048":["https:\/\/arantv.az\/wp-content\/uploads\/2022\/01\/1013124.jpg",800,600,false],"post-thumbnail":["https:\/\/arantv.az\/wp-content\/uploads\/2022\/01\/1013124-240x172.jpg",240,172,true],"advps-thumb-one":["https:\/\/arantv.az\/wp-content\/uploads\/2022\/01\/1013124.jpg",800,600,false]},"rttpg_author":{"display_name":"V\u00fcsal Rafiqo\u011flu","author_link":"https:\/\/arantv.az\/?author=2"},"rttpg_comment":0,"rttpg_category":"<a href=\"https:\/\/arantv.az\/?cat=4\" rel=\"category\">Siyas\u0259t<\/a>","rttpg_excerpt":"20 Yanvar faci\u0259si q\u0259hr\u0259man Az\u0259rbaycan xalq\u0131n\u0131n m\u00fcst\u0259qilliyi v\u0259 v\u0259t\u0259n torpaqlar\u0131n\u0131n b\u00fct\u00f6vl\u00fcy\u00fc \u00fc\u00e7\u00fcn aya\u011fa qalxd\u0131\u011f\u0131 g\u00fcnd\u00fcr. Bunu\u00a0Trend-\u0259 a\u00e7\u0131qlamas\u0131nda T\u00fcrkiy\u0259 Prezidentinin ba\u015f m\u00fc\u015faviri Yal\u00e7\u0131n Top\u00e7u deyib. O bildirib ki, 20 Yanvar hadis\u0259l\u0259ri sovet ordusunun Bak\u0131 v\u0259 dig\u0259r \u015f\u0259h\u0259rl\u0259rd\u0259 Az\u0259rbaycan xalq\u0131na qar\u015f\u0131 t\u00f6r\u0259tdiyi insanl\u0131q \u0259leyhin\u0259 cinay\u0259tdir. &#8220;Allaha \u015f\u00fck\u00fcrl\u0259r olsun ki, \u00fc\u00e7r\u0259ngli bayra\u011f\u0131n alt\u0131nda var olan Az\u0259rbaycan 44 g\u00fcnl\u00fck&hellip;","_links":{"self":[{"href":"https:\/\/arantv.az\/index.php?rest_route=\/wp\/v2\/posts\/428756"}],"collection":[{"href":"https:\/\/arantv.az\/index.php?rest_route=\/wp\/v2\/posts"}],"about":[{"href":"https:\/\/arantv.az\/index.php?rest_route=\/wp\/v2\/types\/post"}],"author":[{"embeddable":true,"href":"https:\/\/arantv.az\/index.php?rest_route=\/wp\/v2\/users\/2"}],"replies":[{"embeddable":true,"href":"https:\/\/arantv.az\/index.php?rest_route=%2Fwp%2Fv2%2Fcomments&post=428756"}],"version-history":[{"count":0,"href":"https:\/\/arantv.az\/index.php?rest_route=\/wp\/v2\/posts\/428756\/revisions"}],"wp:featuredmedia":[{"embeddable":true,"href":"https:\/\/arantv.az\/index.php?rest_route=\/wp\/v2\/media\/428757"}],"wp:attachment":[{"href":"https:\/\/arantv.az\/index.php?rest_route=%2Fwp%2Fv2%2Fmedia&parent=428756"}],"wp:term":[{"taxonomy":"category","embeddable":true,"href":"https:\/\/arantv.az\/index.php?rest_route=%2Fwp%2Fv2%2Fcategories&post=428756"},{"taxonomy":"post_tag","embeddable":true,"href":"https:\/\/arantv.az\/index.php?rest_route=%2Fwp%2Fv2%2Ftags&post=428756"}],"curies":[{"name":"wp","href":"https:\/\/api.w.org\/{rel}","templated":true}]}}