{"id":428763,"date":"2022-01-20T09:20:47","date_gmt":"2022-01-20T06:20:47","guid":{"rendered":"http:\/\/arantv.az\/?p=428763"},"modified":"2022-01-20T09:20:47","modified_gmt":"2022-01-20T06:20:47","slug":"prezident-v%c9%99-birinci-xanim-s%c9%99hidl%c9%99r-xiyabanini-ziyar%c9%99t-edibl%c9%99r","status":"publish","type":"post","link":"https:\/\/arantv.az\/?p=428763","title":{"rendered":"Prezident v\u0259 birinci xan\u0131m \u015e\u0259hidl\u0259r xiyaban\u0131n\u0131 ziyar\u0259t edibl\u0259r"},"content":{"rendered":"<p>Qanl\u0131 20 Yanvar faci\u0259sind\u0259n 32 il \u00f6t\u00fcr. Sovet imperiyas\u0131n\u0131n Bak\u0131da t\u00f6r\u0259tdiyi qanl\u0131 q\u0131r\u011f\u0131n\u0131n 32-ci ild\u00f6n\u00fcm\u00fc il\u0259 \u0259laq\u0259dar Az\u0259rbaycan Respublikas\u0131n\u0131n Prezidenti \u0130lham \u018fliyev v\u0259 birinci xan\u0131m Mehriban \u018fliyeva yanvar\u0131n 20-d\u0259 &#8211; \u00dcmumxalq H\u00fczn G\u00fcn\u00fcnd\u0259 \u015e\u0259hidl\u0259r xiyaban\u0131n\u0131 ziyar\u0259t edibl\u0259r.<\/p>\n<p><strong>ARANTV.AZ x\u0259b\u0259r verir ki,<\/strong>\u00a0d\u00f6vl\u0259timizin ba\u015f\u00e7\u0131s\u0131 \u0130lham \u018fliyev v\u0259 birinci xan\u0131m Mehriban \u018fliyeva \u00f6lk\u0259mizin azadl\u0131\u011f\u0131 u\u011frunda h\u0259lak olanlar\u0131n \u0259ziz xatir\u0259sini ehtiramla yad etdil\u0259r.<\/p>\n<p>Prezident \u0130lham \u018fliyev \u201c\u018fb\u0259di m\u0259\u015f\u0259l\u201d abid\u0259si \u00f6n\u00fcn\u0259 \u0259klil qoydu.<\/p>\n<p>Az\u0259rbaycan Respublikas\u0131n\u0131n D\u00f6vl\u0259t Himni s\u0259sl\u0259ndirildi.<\/p>\n","protected":false},"excerpt":{"rendered":"<p>Qanl\u0131 20 Yanvar faci\u0259sind\u0259n 32 il \u00f6t\u00fcr. Sovet imperiyas\u0131n\u0131n Bak\u0131da t\u00f6r\u0259tdiyi qanl\u0131 q\u0131r\u011f\u0131n\u0131n 32-ci ild\u00f6n\u00fcm\u00fc il\u0259 \u0259laq\u0259dar Az\u0259rbaycan Respublikas\u0131n\u0131n Prezidenti \u0130lham \u018fliyev v\u0259 birinci xan\u0131m Mehriban \u018fliyeva yanvar\u0131n 20-d\u0259 &#8211; \u00dcmumxalq H\u00fczn G\u00fcn\u00fcnd\u0259 \u015e\u0259hidl\u0259r xiyaban\u0131n\u0131 ziyar\u0259t edibl\u0259r. ARANTV.AZ x\u0259b\u0259r verir ki,\u00a0d\u00f6vl\u0259timizin ba\u015f\u00e7\u0131s\u0131 \u0130lham \u018fliyev v\u0259 birinci xan\u0131m Mehriban \u018fliyeva \u00f6lk\u0259mizin azadl\u0131\u011f\u0131 u\u011frunda h\u0259lak olanlar\u0131n \u0259ziz xatir\u0259sini ehtiramla yad etdil\u0259r. Prezident \u0130lham \u018fliyev \u201c\u018fb\u0259di m\u0259\u015f\u0259l\u201d abid\u0259si \u00f6n\u00fcn\u0259 \u0259klil qoydu. Az\u0259rbaycan Respublikas\u0131n\u0131n D\u00f6vl\u0259t Himni s\u0259sl\u0259ndirildi.<\/p>\n","protected":false},"author":2,"featured_media":428764,"comment_status":"closed","ping_status":"closed","sticky":false,"template":"","format":"standard","meta":{"om_disable_all_campaigns":false,"_monsterinsights_skip_tracking":false,"_monsterinsights_sitenote_active":false,"_monsterinsights_sitenote_note":"","_monsterinsights_sitenote_category":0},"categories":[8],"tags":[],"aioseo_notices":[],"gutentor_comment":0,"rttpg_featured_image_url":{"full":["https:\/\/arantv.az\/wp-content\/uploads\/2022\/01\/3d9dabe5164265867421066489410416169.jpg",975,540,false],"landscape":["https:\/\/arantv.az\/wp-content\/uploads\/2022\/01\/3d9dabe5164265867421066489410416169.jpg",975,540,false],"portraits":["https:\/\/arantv.az\/wp-content\/uploads\/2022\/01\/3d9dabe5164265867421066489410416169.jpg",975,540,false],"thumbnail":["https:\/\/arantv.az\/wp-content\/uploads\/2022\/01\/3d9dabe5164265867421066489410416169-500x280.jpg",500,280,true],"medium":["https:\/\/arantv.az\/wp-content\/uploads\/2022\/01\/3d9dabe5164265867421066489410416169-660x365.jpg",660,365,true],"large":["https:\/\/arantv.az\/wp-content\/uploads\/2022\/01\/3d9dabe5164265867421066489410416169-840x465.jpg",640,354,true],"1536x1536":["https:\/\/arantv.az\/wp-content\/uploads\/2022\/01\/3d9dabe5164265867421066489410416169.jpg",975,540,false],"2048x2048":["https:\/\/arantv.az\/wp-content\/uploads\/2022\/01\/3d9dabe5164265867421066489410416169.jpg",975,540,false],"post-thumbnail":["https:\/\/arantv.az\/wp-content\/uploads\/2022\/01\/3d9dabe5164265867421066489410416169-240x172.jpg",240,172,true],"advps-thumb-one":["https:\/\/arantv.az\/wp-content\/uploads\/2022\/01\/3d9dabe5164265867421066489410416169.jpg",975,540,false]},"rttpg_author":{"display_name":"V\u00fcsal Rafiqo\u011flu","author_link":"https:\/\/arantv.az\/?author=2"},"rttpg_comment":0,"rttpg_category":"<a href=\"https:\/\/arantv.az\/?cat=8\" rel=\"category\">\u018fsas s\u0259hif\u0259<\/a>","rttpg_excerpt":"Qanl\u0131 20 Yanvar faci\u0259sind\u0259n 32 il \u00f6t\u00fcr. Sovet imperiyas\u0131n\u0131n Bak\u0131da t\u00f6r\u0259tdiyi qanl\u0131 q\u0131r\u011f\u0131n\u0131n 32-ci ild\u00f6n\u00fcm\u00fc il\u0259 \u0259laq\u0259dar Az\u0259rbaycan Respublikas\u0131n\u0131n Prezidenti \u0130lham \u018fliyev v\u0259 birinci xan\u0131m Mehriban \u018fliyeva yanvar\u0131n 20-d\u0259 &#8211; \u00dcmumxalq H\u00fczn G\u00fcn\u00fcnd\u0259 \u015e\u0259hidl\u0259r xiyaban\u0131n\u0131 ziyar\u0259t edibl\u0259r. ARANTV.AZ x\u0259b\u0259r verir ki,\u00a0d\u00f6vl\u0259timizin ba\u015f\u00e7\u0131s\u0131 \u0130lham \u018fliyev v\u0259 birinci xan\u0131m Mehriban \u018fliyeva \u00f6lk\u0259mizin azadl\u0131\u011f\u0131 u\u011frunda h\u0259lak olanlar\u0131n \u0259ziz&hellip;","_links":{"self":[{"href":"https:\/\/arantv.az\/index.php?rest_route=\/wp\/v2\/posts\/428763"}],"collection":[{"href":"https:\/\/arantv.az\/index.php?rest_route=\/wp\/v2\/posts"}],"about":[{"href":"https:\/\/arantv.az\/index.php?rest_route=\/wp\/v2\/types\/post"}],"author":[{"embeddable":true,"href":"https:\/\/arantv.az\/index.php?rest_route=\/wp\/v2\/users\/2"}],"replies":[{"embeddable":true,"href":"https:\/\/arantv.az\/index.php?rest_route=%2Fwp%2Fv2%2Fcomments&post=428763"}],"version-history":[{"count":0,"href":"https:\/\/arantv.az\/index.php?rest_route=\/wp\/v2\/posts\/428763\/revisions"}],"wp:featuredmedia":[{"embeddable":true,"href":"https:\/\/arantv.az\/index.php?rest_route=\/wp\/v2\/media\/428764"}],"wp:attachment":[{"href":"https:\/\/arantv.az\/index.php?rest_route=%2Fwp%2Fv2%2Fmedia&parent=428763"}],"wp:term":[{"taxonomy":"category","embeddable":true,"href":"https:\/\/arantv.az\/index.php?rest_route=%2Fwp%2Fv2%2Fcategories&post=428763"},{"taxonomy":"post_tag","embeddable":true,"href":"https:\/\/arantv.az\/index.php?rest_route=%2Fwp%2Fv2%2Ftags&post=428763"}],"curies":[{"name":"wp","href":"https:\/\/api.w.org\/{rel}","templated":true}]}}