{"id":428766,"date":"2022-01-20T09:21:33","date_gmt":"2022-01-20T06:21:33","guid":{"rendered":"http:\/\/arantv.az\/?p=428766"},"modified":"2022-01-20T09:21:33","modified_gmt":"2022-01-20T06:21:33","slug":"fovq%c9%99lad%c9%99-hallar-nazirliyind%c9%99-anim-m%c9%99rasiml%c9%99ri-kecirilib","status":"publish","type":"post","link":"https:\/\/arantv.az\/?p=428766","title":{"rendered":"F\u00f6vq\u0259lad\u0259 Hallar Nazirliyind\u0259 an\u0131m m\u0259rasiml\u0259ri ke\u00e7irilib"},"content":{"rendered":"<p>F\u00f6vq\u0259lad\u0259 Hallar Nazirliyinin (FHN) regional m\u0259rk\u0259zl\u0259rind\u0259 20 Yanvar faci\u0259sinin 32-ci ild\u00f6n\u00fcm\u00fc il\u0259 ba\u011fl\u0131 t\u0259dbirl\u0259r ke\u00e7irilib.<\/p>\n<p>FHN-in m\u0259tbuat xidm\u0259tind\u0259n &#8220;\u0130ki sahil&#8221;\u0259\u00a0bildiribl\u0259r ki, an\u0131m m\u0259rasiml\u0259rind\u0259 20 Yanvar \u015f\u0259hidl\u0259rinin xatir\u0259si bir d\u0259qiq\u0259lik s\u00fckutla an\u0131l\u0131b.<\/p>\n<p>T\u0259dbirl\u0259rd\u0259 \u00e7\u0131x\u0131\u015f ed\u0259nl\u0259r qeyd edibl\u0259r ki, milli maraqlara zidd add\u0131mlar atan Az\u0259rbaycan\u0131n o zamank\u0131 r\u0259hb\u0259rl\u0259rinin istefas\u0131 t\u0259l\u0259binin ir\u0259li s\u00fcr\u00fclm\u0259sin\u0259 v\u0259 xalq\u0131n q\u0259tiyy\u0259tl\u0259 Da\u011fl\u0131q Qaraba\u011f\u0131n Erm\u0259nistana birl\u0259\u015fdirilm\u0259sin\u0259 qar\u015f\u0131 \u00e7\u0131xmas\u0131na g\u00f6r\u0259 1990-c\u0131 il yanvar\u0131n 19-dan 20-n\u0259 ke\u00e7\u0259n gec\u0259 SSR\u0130 r\u0259hb\u0259rliyinin birba\u015fa g\u00f6st\u0259ri\u015fi il\u0259 Bak\u0131ya v\u0259 respublikan\u0131n dig\u0259r \u015f\u0259h\u0259r v\u0259 rayonlar\u0131na ordu yeridilib, dinc, g\u00fcnahs\u0131z insanlar v\u0259h\u015fic\u0259sin\u0259 q\u0259tl\u0259 yetirilib.<\/p>\n<p>Vur\u011fulan\u0131b ki, 1990-c\u0131 ilin Qanl\u0131 Yanvar hadis\u0259si Az\u0259rbaycan xalq\u0131 \u00fc\u00e7\u00fcn t\u0259kc\u0259 b\u00f6y\u00fck faci\u0259 deyil. O, h\u0259m d\u0259 m\u00fcst\u0259qillik, istiqlal v\u0259 h\u00fcrriyy\u0259t u\u011frunda xalq\u0131m\u0131z\u0131n apard\u0131\u011f\u0131 milli azadl\u0131q h\u0259r\u0259kat\u0131n\u0131n zirv\u0259si kimi Az\u0259rbaycan tarixin\u0259 \u015f\u0259r\u0259fli bir s\u0259hif\u0259 olaraq h\u0259kk olunub.<\/p>\n<p>Diqq\u0259t\u0259 \u00e7atd\u0131r\u0131l\u0131b ki, xalq\u0131m\u0131z\u0131n o a\u011f\u0131r g\u00fcnl\u0259rind\u0259 &#8211; 1990-c\u0131 il yanvar\u0131n 21-d\u0259 sovet rejiminin qada\u011falar\u0131na r\u0259\u011fm\u0259n, h\u0259yat\u0131n\u0131 t\u0259hl\u00fck\u0259 qar\u015f\u0131s\u0131nda qoyaraq Az\u0259rbaycan\u0131n Moskvadak\u0131 daimi n\u00fcmay\u0259nd\u0259liyin\u0259 g\u0259l\u0259n ulu \u00f6nd\u0259r Heyd\u0259r \u018fliyev qanl\u0131 faci\u0259nin t\u0259\u015fkilat\u00e7\u0131lar\u0131n\u0131 d\u00fcnya ictimaiyy\u0259ti qar\u015f\u0131s\u0131nda ittiham edib. M\u0259hz \u00dcmummilli Liderin t\u0259\u015f\u0259bb\u00fcs\u00fc il\u0259 bu faci\u0259y\u0259 ilk d\u0259f\u0259 siyasi-h\u00fcquqi qiym\u0259t verilib.<\/p>\n<p>Ulu \u00f6nd\u0259r Heyd\u0259r \u018fliyev siyasi kursunun mahir davam\u00e7\u0131s\u0131 Az\u0259rbaycan Prezidenti \u0130lham \u018fliyev t\u0259r\u0259find\u0259n 20 Yanvar \u015f\u0259hidl\u0259rinin adlar\u0131n\u0131n \u0259b\u0259dil\u0259\u015fdirilm\u0259si, onlar\u0131n xatir\u0259sinin daim ehtiramla an\u0131lmas\u0131, \u015f\u0259hid ail\u0259si \u00fczvl\u0259rinin sosial probleml\u0259rinin h\u0259lli istiqam\u0259tind\u0259 bu g\u00fcn d\u0259 m\u00fch\u00fcm add\u0131mlar at\u0131lmaqdad\u0131r.<\/p>\n<p>T\u0259dbirl\u0259rd\u0259 20 Yanvar faci\u0259sin\u0259 h\u0259sr olunmu\u015f s\u0259n\u0259dli filml\u0259r n\u00fcmayi\u015f etdirilib.<\/p>\n","protected":false},"excerpt":{"rendered":"<p>F\u00f6vq\u0259lad\u0259 Hallar Nazirliyinin (FHN) regional m\u0259rk\u0259zl\u0259rind\u0259 20 Yanvar faci\u0259sinin 32-ci ild\u00f6n\u00fcm\u00fc il\u0259 ba\u011fl\u0131 t\u0259dbirl\u0259r ke\u00e7irilib. FHN-in m\u0259tbuat xidm\u0259tind\u0259n &#8220;\u0130ki sahil&#8221;\u0259\u00a0bildiribl\u0259r ki, an\u0131m m\u0259rasiml\u0259rind\u0259 20 Yanvar \u015f\u0259hidl\u0259rinin xatir\u0259si bir d\u0259qiq\u0259lik s\u00fckutla an\u0131l\u0131b. T\u0259dbirl\u0259rd\u0259 \u00e7\u0131x\u0131\u015f ed\u0259nl\u0259r qeyd edibl\u0259r ki, milli maraqlara zidd add\u0131mlar atan Az\u0259rbaycan\u0131n o zamank\u0131 r\u0259hb\u0259rl\u0259rinin istefas\u0131 t\u0259l\u0259binin ir\u0259li s\u00fcr\u00fclm\u0259sin\u0259 v\u0259 xalq\u0131n q\u0259tiyy\u0259tl\u0259 Da\u011fl\u0131q Qaraba\u011f\u0131n Erm\u0259nistana birl\u0259\u015fdirilm\u0259sin\u0259 qar\u015f\u0131 \u00e7\u0131xmas\u0131na g\u00f6r\u0259 1990-c\u0131 il yanvar\u0131n 19-dan 20-n\u0259 ke\u00e7\u0259n gec\u0259 SSR\u0130 r\u0259hb\u0259rliyinin birba\u015fa g\u00f6st\u0259ri\u015fi il\u0259 Bak\u0131ya v\u0259 respublikan\u0131n dig\u0259r \u015f\u0259h\u0259r v\u0259 rayonlar\u0131na ordu yeridilib, dinc, g\u00fcnahs\u0131z insanlar v\u0259h\u015fic\u0259sin\u0259 q\u0259tl\u0259 yetirilib. Vur\u011fulan\u0131b ki, 1990-c\u0131&hellip;<\/p>\n","protected":false},"author":2,"featured_media":428767,"comment_status":"closed","ping_status":"closed","sticky":false,"template":"","format":"standard","meta":{"om_disable_all_campaigns":false,"_monsterinsights_skip_tracking":false,"_monsterinsights_sitenote_active":false,"_monsterinsights_sitenote_note":"","_monsterinsights_sitenote_category":0},"categories":[26],"tags":[],"aioseo_notices":[],"gutentor_comment":0,"rttpg_featured_image_url":{"full":["https:\/\/arantv.az\/wp-content\/uploads\/2022\/01\/d860edd1164265805033569414810338903.jpg",975,540,false],"landscape":["https:\/\/arantv.az\/wp-content\/uploads\/2022\/01\/d860edd1164265805033569414810338903.jpg",975,540,false],"portraits":["https:\/\/arantv.az\/wp-content\/uploads\/2022\/01\/d860edd1164265805033569414810338903.jpg",975,540,false],"thumbnail":["https:\/\/arantv.az\/wp-content\/uploads\/2022\/01\/d860edd1164265805033569414810338903-500x280.jpg",500,280,true],"medium":["https:\/\/arantv.az\/wp-content\/uploads\/2022\/01\/d860edd1164265805033569414810338903-660x365.jpg",660,365,true],"large":["https:\/\/arantv.az\/wp-content\/uploads\/2022\/01\/d860edd1164265805033569414810338903-840x465.jpg",640,354,true],"1536x1536":["https:\/\/arantv.az\/wp-content\/uploads\/2022\/01\/d860edd1164265805033569414810338903.jpg",975,540,false],"2048x2048":["https:\/\/arantv.az\/wp-content\/uploads\/2022\/01\/d860edd1164265805033569414810338903.jpg",975,540,false],"post-thumbnail":["https:\/\/arantv.az\/wp-content\/uploads\/2022\/01\/d860edd1164265805033569414810338903-240x172.jpg",240,172,true],"advps-thumb-one":["https:\/\/arantv.az\/wp-content\/uploads\/2022\/01\/d860edd1164265805033569414810338903.jpg",975,540,false]},"rttpg_author":{"display_name":"V\u00fcsal Rafiqo\u011flu","author_link":"https:\/\/arantv.az\/?author=2"},"rttpg_comment":0,"rttpg_category":"<a href=\"https:\/\/arantv.az\/?cat=26\" rel=\"category\">Sosial<\/a>","rttpg_excerpt":"F\u00f6vq\u0259lad\u0259 Hallar Nazirliyinin (FHN) regional m\u0259rk\u0259zl\u0259rind\u0259 20 Yanvar faci\u0259sinin 32-ci ild\u00f6n\u00fcm\u00fc il\u0259 ba\u011fl\u0131 t\u0259dbirl\u0259r ke\u00e7irilib. FHN-in m\u0259tbuat xidm\u0259tind\u0259n &#8220;\u0130ki sahil&#8221;\u0259\u00a0bildiribl\u0259r ki, an\u0131m m\u0259rasiml\u0259rind\u0259 20 Yanvar \u015f\u0259hidl\u0259rinin xatir\u0259si bir d\u0259qiq\u0259lik s\u00fckutla an\u0131l\u0131b. T\u0259dbirl\u0259rd\u0259 \u00e7\u0131x\u0131\u015f ed\u0259nl\u0259r qeyd edibl\u0259r ki, milli maraqlara zidd add\u0131mlar atan Az\u0259rbaycan\u0131n o zamank\u0131 r\u0259hb\u0259rl\u0259rinin istefas\u0131 t\u0259l\u0259binin ir\u0259li s\u00fcr\u00fclm\u0259sin\u0259 v\u0259 xalq\u0131n q\u0259tiyy\u0259tl\u0259 Da\u011fl\u0131q Qaraba\u011f\u0131n&hellip;","_links":{"self":[{"href":"https:\/\/arantv.az\/index.php?rest_route=\/wp\/v2\/posts\/428766"}],"collection":[{"href":"https:\/\/arantv.az\/index.php?rest_route=\/wp\/v2\/posts"}],"about":[{"href":"https:\/\/arantv.az\/index.php?rest_route=\/wp\/v2\/types\/post"}],"author":[{"embeddable":true,"href":"https:\/\/arantv.az\/index.php?rest_route=\/wp\/v2\/users\/2"}],"replies":[{"embeddable":true,"href":"https:\/\/arantv.az\/index.php?rest_route=%2Fwp%2Fv2%2Fcomments&post=428766"}],"version-history":[{"count":0,"href":"https:\/\/arantv.az\/index.php?rest_route=\/wp\/v2\/posts\/428766\/revisions"}],"wp:featuredmedia":[{"embeddable":true,"href":"https:\/\/arantv.az\/index.php?rest_route=\/wp\/v2\/media\/428767"}],"wp:attachment":[{"href":"https:\/\/arantv.az\/index.php?rest_route=%2Fwp%2Fv2%2Fmedia&parent=428766"}],"wp:term":[{"taxonomy":"category","embeddable":true,"href":"https:\/\/arantv.az\/index.php?rest_route=%2Fwp%2Fv2%2Fcategories&post=428766"},{"taxonomy":"post_tag","embeddable":true,"href":"https:\/\/arantv.az\/index.php?rest_route=%2Fwp%2Fv2%2Ftags&post=428766"}],"curies":[{"name":"wp","href":"https:\/\/api.w.org\/{rel}","templated":true}]}}