{"id":43,"date":"2018-07-23T16:33:47","date_gmt":"2018-07-23T13:33:47","guid":{"rendered":"http:\/\/arantv.az\/?p=43"},"modified":"2018-07-23T16:33:47","modified_gmt":"2018-07-23T13:33:47","slug":"xin-az%c9%99rbaycan-erm%c9%99nistana-kifay%c9%99t-q%c9%99d%c9%99r-guz%c9%99st%c9%99-gedib","status":"publish","type":"post","link":"https:\/\/arantv.az\/?p=43","title":{"rendered":"X\u0130N: Az\u0259rbaycan Erm\u0259nistana kifay\u0259t q\u0259d\u0259r g\u00fcz\u0259\u015ft\u0259 gedib"},"content":{"rendered":"<p>Erm\u0259nistan t\u0259r\u0259find\u0259n i\u015f\u011fala m\u0259ruz qalmas\u0131na baxmayaraq, Az\u0259rbaycan\u0131n 25 ild\u0259n art\u0131qd\u0131r dan\u0131\u015f\u0131qlar\u0131 davam etdirm\u0259si \u0259n b\u00f6y\u00fck g\u00fcz\u0259\u015ftdir.<\/p>\n<p><strong>ARANTV.AZ\u00a0<\/strong>\u00a0x\u0259b\u0259r verir ki, bunu Xarici \u0130\u015fl\u0259r Nazirliyinin m\u0259tbuat xidm\u0259tinin r\u0259hb\u0259ri\u00a0<strong>Hikm\u0259t Hac\u0131yev<\/strong>\u00a0bu g\u00fcn ke\u00e7irdiyi m\u0259tbuat konfrans\u0131nda Erm\u0259nistan\u0131n ba\u015f naziri\u00a0<strong>Nikol Pa\u015finyan<\/strong>\u0131n b\u0259yanat\u0131na cavab olaraq deyib.<\/p>\n<p>Onun s\u00f6zl\u0259rin\u0259 g\u00f6r\u0259, ilk n\u00f6vb\u0259d\u0259 Erm\u0259nistan\u0131n Az\u0259rbaycana qar\u015f\u0131 i\u015f\u011fal\u0131 aradan qald\u0131r\u0131lmal\u0131d\u0131r:<\/p>\n<p>\u201cErm\u0259nistan m\u00fcnaqi\u015f\u0259nin h\u0259llind\u0259 maraql\u0131d\u0131rsa, i\u015f\u011fal fakt\u0131n\u0131 aradan qald\u0131rmal\u0131 v\u0259 BMT-nin m\u00fcnaqi\u015f\u0259 il\u0259 ba\u011fl\u0131 q\u0259tnam\u0259l\u0259rin\u0259 \u0259m\u0259l etm\u0259lidir. Yaln\u0131z bu \u0259sasla m\u00fcnaqi\u015f\u0259nin h\u0259lli \u00fc\u00e7\u00fcn \u0259lveri\u015fli m\u00fchit \u0259ld\u0259 ed\u0259 bil\u0259rik\u201d.<\/p>\n<p>Bundan \u0259vv\u0259l, iyunun 20-d\u0259 Erm\u0259nistan\u0131n ba\u015f naziri Nikol Pa\u015finyan b\u0259yan edib ki, Az\u0259rbaycan Da\u011fl\u0131q Qaraba\u011f m\u00fcnaqi\u015f\u0259sinin h\u0259lli il\u0259 ba\u011fl\u0131 g\u00fcz\u0259\u015ftl\u0259ri bar\u0259d\u0259 m\u0259lumat verdikd\u0259n sonra Erm\u0259nistan m\u00fcmk\u00fcn g\u00fcz\u0259\u015ftl\u0259r haqq\u0131nda dan\u0131\u015fa bil\u0259r.<\/p>\n<div><iframe loading=\"lazy\" src=\"https:\/\/player.baku.tv\/embed\/2625\" width=\"560\" height=\"315\" frameborder=\"0\" allowfullscreen=\"allowfullscreen\" data-mce-fragment=\"1\"><\/iframe><\/div>\n<p>oxu.az<\/p>\n<p>&nbsp;<\/p>\n","protected":false},"excerpt":{"rendered":"<p>Erm\u0259nistan t\u0259r\u0259find\u0259n i\u015f\u011fala m\u0259ruz qalmas\u0131na baxmayaraq, Az\u0259rbaycan\u0131n 25 ild\u0259n art\u0131qd\u0131r dan\u0131\u015f\u0131qlar\u0131 davam etdirm\u0259si \u0259n b\u00f6y\u00fck g\u00fcz\u0259\u015ftdir. ARANTV.AZ\u00a0\u00a0x\u0259b\u0259r verir ki, bunu Xarici \u0130\u015fl\u0259r Nazirliyinin m\u0259tbuat xidm\u0259tinin r\u0259hb\u0259ri\u00a0Hikm\u0259t Hac\u0131yev\u00a0bu g\u00fcn ke\u00e7irdiyi m\u0259tbuat konfrans\u0131nda Erm\u0259nistan\u0131n ba\u015f naziri\u00a0Nikol Pa\u015finyan\u0131n b\u0259yanat\u0131na cavab olaraq deyib. Onun s\u00f6zl\u0259rin\u0259 g\u00f6r\u0259, ilk n\u00f6vb\u0259d\u0259 Erm\u0259nistan\u0131n Az\u0259rbaycana qar\u015f\u0131 i\u015f\u011fal\u0131 aradan qald\u0131r\u0131lmal\u0131d\u0131r: \u201cErm\u0259nistan m\u00fcnaqi\u015f\u0259nin h\u0259llind\u0259 maraql\u0131d\u0131rsa, i\u015f\u011fal fakt\u0131n\u0131 aradan qald\u0131rmal\u0131 v\u0259 BMT-nin m\u00fcnaqi\u015f\u0259 il\u0259 ba\u011fl\u0131 q\u0259tnam\u0259l\u0259rin\u0259 \u0259m\u0259l etm\u0259lidir. Yaln\u0131z bu \u0259sasla m\u00fcnaqi\u015f\u0259nin h\u0259lli \u00fc\u00e7\u00fcn \u0259lveri\u015fli m\u00fchit \u0259ld\u0259 ed\u0259 bil\u0259rik\u201d. Bundan \u0259vv\u0259l, iyunun 20-d\u0259 Erm\u0259nistan\u0131n ba\u015f naziri Nikol Pa\u015finyan b\u0259yan edib ki, Az\u0259rbaycan&hellip;<\/p>\n","protected":false},"author":2,"featured_media":44,"comment_status":"open","ping_status":"open","sticky":false,"template":"","format":"standard","meta":{"om_disable_all_campaigns":false,"_monsterinsights_skip_tracking":false,"_monsterinsights_sitenote_active":false,"_monsterinsights_sitenote_note":"","_monsterinsights_sitenote_category":0},"categories":[4],"tags":[],"aioseo_notices":[],"gutentor_comment":0,"rttpg_featured_image_url":{"full":["https:\/\/arantv.az\/wp-content\/uploads\/2018\/07\/hi.jpg",620,335,false],"landscape":["https:\/\/arantv.az\/wp-content\/uploads\/2018\/07\/hi.jpg",620,335,false],"portraits":["https:\/\/arantv.az\/wp-content\/uploads\/2018\/07\/hi.jpg",620,335,false],"thumbnail":["https:\/\/arantv.az\/wp-content\/uploads\/2018\/07\/hi-150x150.jpg",150,150,true],"medium":["https:\/\/arantv.az\/wp-content\/uploads\/2018\/07\/hi-300x162.jpg",300,162,true],"large":["https:\/\/arantv.az\/wp-content\/uploads\/2018\/07\/hi.jpg",620,335,false],"1536x1536":["https:\/\/arantv.az\/wp-content\/uploads\/2018\/07\/hi.jpg",620,335,false],"2048x2048":["https:\/\/arantv.az\/wp-content\/uploads\/2018\/07\/hi.jpg",620,335,false],"post-thumbnail":["https:\/\/arantv.az\/wp-content\/uploads\/2018\/07\/hi.jpg",240,130,false],"advps-thumb-one":["https:\/\/arantv.az\/wp-content\/uploads\/2018\/07\/hi.jpg",620,335,false]},"rttpg_author":{"display_name":"V\u00fcsal Rafiqo\u011flu","author_link":"https:\/\/arantv.az\/?author=2"},"rttpg_comment":0,"rttpg_category":"<a href=\"https:\/\/arantv.az\/?cat=4\" rel=\"category\">Siyas\u0259t<\/a>","rttpg_excerpt":"Erm\u0259nistan t\u0259r\u0259find\u0259n i\u015f\u011fala m\u0259ruz qalmas\u0131na baxmayaraq, Az\u0259rbaycan\u0131n 25 ild\u0259n art\u0131qd\u0131r dan\u0131\u015f\u0131qlar\u0131 davam etdirm\u0259si \u0259n b\u00f6y\u00fck g\u00fcz\u0259\u015ftdir. ARANTV.AZ\u00a0\u00a0x\u0259b\u0259r verir ki, bunu Xarici \u0130\u015fl\u0259r Nazirliyinin m\u0259tbuat xidm\u0259tinin r\u0259hb\u0259ri\u00a0Hikm\u0259t Hac\u0131yev\u00a0bu g\u00fcn ke\u00e7irdiyi m\u0259tbuat konfrans\u0131nda Erm\u0259nistan\u0131n ba\u015f naziri\u00a0Nikol Pa\u015finyan\u0131n b\u0259yanat\u0131na cavab olaraq deyib. Onun s\u00f6zl\u0259rin\u0259 g\u00f6r\u0259, ilk n\u00f6vb\u0259d\u0259 Erm\u0259nistan\u0131n Az\u0259rbaycana qar\u015f\u0131 i\u015f\u011fal\u0131 aradan qald\u0131r\u0131lmal\u0131d\u0131r: \u201cErm\u0259nistan m\u00fcnaqi\u015f\u0259nin h\u0259llind\u0259 maraql\u0131d\u0131rsa, i\u015f\u011fal&hellip;","_links":{"self":[{"href":"https:\/\/arantv.az\/index.php?rest_route=\/wp\/v2\/posts\/43"}],"collection":[{"href":"https:\/\/arantv.az\/index.php?rest_route=\/wp\/v2\/posts"}],"about":[{"href":"https:\/\/arantv.az\/index.php?rest_route=\/wp\/v2\/types\/post"}],"author":[{"embeddable":true,"href":"https:\/\/arantv.az\/index.php?rest_route=\/wp\/v2\/users\/2"}],"replies":[{"embeddable":true,"href":"https:\/\/arantv.az\/index.php?rest_route=%2Fwp%2Fv2%2Fcomments&post=43"}],"version-history":[{"count":0,"href":"https:\/\/arantv.az\/index.php?rest_route=\/wp\/v2\/posts\/43\/revisions"}],"wp:featuredmedia":[{"embeddable":true,"href":"https:\/\/arantv.az\/index.php?rest_route=\/wp\/v2\/media\/44"}],"wp:attachment":[{"href":"https:\/\/arantv.az\/index.php?rest_route=%2Fwp%2Fv2%2Fmedia&parent=43"}],"wp:term":[{"taxonomy":"category","embeddable":true,"href":"https:\/\/arantv.az\/index.php?rest_route=%2Fwp%2Fv2%2Fcategories&post=43"},{"taxonomy":"post_tag","embeddable":true,"href":"https:\/\/arantv.az\/index.php?rest_route=%2Fwp%2Fv2%2Ftags&post=43"}],"curies":[{"name":"wp","href":"https:\/\/api.w.org\/{rel}","templated":true}]}}