{"id":433312,"date":"2022-01-31T19:01:44","date_gmt":"2022-01-31T16:01:44","guid":{"rendered":"http:\/\/arantv.az\/?p=433312"},"modified":"2022-01-31T19:01:44","modified_gmt":"2022-01-31T16:01:44","slug":"k%c9%99lb%c9%99c%c9%99rd%c9%99-n%c9%99si-tapilan-az%c9%99rbaycan-h%c9%99rbcisi-sirvanda-d%c9%99fn-olunacaq","status":"publish","type":"post","link":"https:\/\/arantv.az\/?p=433312","title":{"rendered":"K\u0259lb\u0259c\u0259rd\u0259 n\u0259\u015fi tap\u0131lan Az\u0259rbaycan h\u0259rb\u00e7isi \u015eirvanda d\u0259fn olunacaq"},"content":{"rendered":"<p>K\u0259lb\u0259c\u0259r rayonunun Alag\u00f6ll\u0259r \u0259razisind\u0259 \u00e7ov\u011fun s\u0259b\u0259bind\u0259n itkin d\u00fc\u015f\u0259n v\u0259 bu g\u00fcn n\u0259\u015fi tap\u0131lan ba\u015f leytenant Fuad Ba\u011f\u0131rov \u015eirvan \u015f\u0259h\u0259rind\u0259 d\u0259fn olunacaq.<\/p>\n<p><strong>ARANTV.AZ<\/strong> x\u0259b\u0259r verir ki, h\u0259rb\u00e7inin n\u0259\u015fi \u0259razid\u0259n g\u00f6t\u00fcr\u00fcl\u0259r\u0259k G\u0259nc\u0259 \u015f\u0259h\u0259rind\u0259 olan morqa apar\u0131l\u0131b.<\/p>\n<p>Daha sonra \u015eirvan \u015f\u0259h\u0259rin\u0259 g\u00f6nd\u0259ril\u0259c\u0259k v\u0259 sabah orada torpa\u011fa tap\u015f\u0131r\u0131lacaq.<\/p>\n<p>Qeyd ed\u0259k ki, \u0259sl\u0259n \u015eirvan \u015f\u0259h\u0259rind\u0259n olan F.Ba\u011f\u0131rov ail\u0259si il\u0259 birg\u0259 G\u0259nc\u0259 \u015f\u0259h\u0259rind\u0259 ya\u015fay\u0131rm\u0131\u015f. Onun 3 ayl\u0131q bir q\u0131z\u0131 yadigar qal\u0131b.<\/p>\n<p>Xat\u0131rladaq ki, bir ne\u00e7\u0259 g\u00fcn \u00f6nc\u0259 K\u0259lb\u0259c\u0259r rayonunun Alag\u00f6ll\u0259r \u0259razisind\u0259 \u00e7ov\u011fun s\u0259b\u0259bind\u0259n Az\u0259rbaycan Ordusunun d\u00f6rd h\u0259rb\u00e7isi itkin d\u00fc\u015fm\u00fc\u015fd\u00fc. Onlardan \u00fc\u00e7\u00fc h\u0259min g\u00fcn sa\u011f tap\u0131lsa da, F.Ba\u011f\u0131rovun axtar\u0131\u015flar\u0131 davam etdirilirdi. Onun n\u0259\u015fi bu g\u00fcn g\u00fcnorta saatlar\u0131nda tap\u0131l\u0131b.<\/p>\n","protected":false},"excerpt":{"rendered":"<p>K\u0259lb\u0259c\u0259r rayonunun Alag\u00f6ll\u0259r \u0259razisind\u0259 \u00e7ov\u011fun s\u0259b\u0259bind\u0259n itkin d\u00fc\u015f\u0259n v\u0259 bu g\u00fcn n\u0259\u015fi tap\u0131lan ba\u015f leytenant Fuad Ba\u011f\u0131rov \u015eirvan \u015f\u0259h\u0259rind\u0259 d\u0259fn olunacaq. ARANTV.AZ x\u0259b\u0259r verir ki, h\u0259rb\u00e7inin n\u0259\u015fi \u0259razid\u0259n g\u00f6t\u00fcr\u00fcl\u0259r\u0259k G\u0259nc\u0259 \u015f\u0259h\u0259rind\u0259 olan morqa apar\u0131l\u0131b. Daha sonra \u015eirvan \u015f\u0259h\u0259rin\u0259 g\u00f6nd\u0259ril\u0259c\u0259k v\u0259 sabah orada torpa\u011fa tap\u015f\u0131r\u0131lacaq. Qeyd ed\u0259k ki, \u0259sl\u0259n \u015eirvan \u015f\u0259h\u0259rind\u0259n olan F.Ba\u011f\u0131rov ail\u0259si il\u0259 birg\u0259 G\u0259nc\u0259 \u015f\u0259h\u0259rind\u0259 ya\u015fay\u0131rm\u0131\u015f. Onun 3 ayl\u0131q bir q\u0131z\u0131 yadigar qal\u0131b. Xat\u0131rladaq ki, bir ne\u00e7\u0259 g\u00fcn \u00f6nc\u0259 K\u0259lb\u0259c\u0259r rayonunun Alag\u00f6ll\u0259r \u0259razisind\u0259 \u00e7ov\u011fun s\u0259b\u0259bind\u0259n Az\u0259rbaycan Ordusunun d\u00f6rd h\u0259rb\u00e7isi itkin d\u00fc\u015fm\u00fc\u015fd\u00fc. Onlardan \u00fc\u00e7\u00fc h\u0259min g\u00fcn sa\u011f tap\u0131lsa da,&hellip;<\/p>\n","protected":false},"author":2,"featured_media":433313,"comment_status":"closed","ping_status":"closed","sticky":false,"template":"","format":"standard","meta":{"om_disable_all_campaigns":false,"_monsterinsights_skip_tracking":false,"_monsterinsights_sitenote_active":false,"_monsterinsights_sitenote_note":"","_monsterinsights_sitenote_category":0},"categories":[1],"tags":[],"aioseo_notices":[],"gutentor_comment":0,"rttpg_featured_image_url":{"full":["https:\/\/arantv.az\/wp-content\/uploads\/2022\/01\/FotoJet-83-1.jpg",620,413,false],"landscape":["https:\/\/arantv.az\/wp-content\/uploads\/2022\/01\/FotoJet-83-1.jpg",620,413,false],"portraits":["https:\/\/arantv.az\/wp-content\/uploads\/2022\/01\/FotoJet-83-1.jpg",620,413,false],"thumbnail":["https:\/\/arantv.az\/wp-content\/uploads\/2022\/01\/FotoJet-83-1-500x280.jpg",500,280,true],"medium":["https:\/\/arantv.az\/wp-content\/uploads\/2022\/01\/FotoJet-83-1-548x365.jpg",548,365,true],"large":["https:\/\/arantv.az\/wp-content\/uploads\/2022\/01\/FotoJet-83-1.jpg",620,413,false],"1536x1536":["https:\/\/arantv.az\/wp-content\/uploads\/2022\/01\/FotoJet-83-1.jpg",620,413,false],"2048x2048":["https:\/\/arantv.az\/wp-content\/uploads\/2022\/01\/FotoJet-83-1.jpg",620,413,false],"post-thumbnail":["https:\/\/arantv.az\/wp-content\/uploads\/2022\/01\/FotoJet-83-1-240x172.jpg",240,172,true],"advps-thumb-one":["https:\/\/arantv.az\/wp-content\/uploads\/2022\/01\/FotoJet-83-1.jpg",620,413,false]},"rttpg_author":{"display_name":"V\u00fcsal Rafiqo\u011flu","author_link":"https:\/\/arantv.az\/?author=2"},"rttpg_comment":0,"rttpg_category":"<a href=\"https:\/\/arantv.az\/?cat=1\" rel=\"category\">C\u0259miyy\u0259t<\/a>","rttpg_excerpt":"K\u0259lb\u0259c\u0259r rayonunun Alag\u00f6ll\u0259r \u0259razisind\u0259 \u00e7ov\u011fun s\u0259b\u0259bind\u0259n itkin d\u00fc\u015f\u0259n v\u0259 bu g\u00fcn n\u0259\u015fi tap\u0131lan ba\u015f leytenant Fuad Ba\u011f\u0131rov \u015eirvan \u015f\u0259h\u0259rind\u0259 d\u0259fn olunacaq. ARANTV.AZ x\u0259b\u0259r verir ki, h\u0259rb\u00e7inin n\u0259\u015fi \u0259razid\u0259n g\u00f6t\u00fcr\u00fcl\u0259r\u0259k G\u0259nc\u0259 \u015f\u0259h\u0259rind\u0259 olan morqa apar\u0131l\u0131b. Daha sonra \u015eirvan \u015f\u0259h\u0259rin\u0259 g\u00f6nd\u0259ril\u0259c\u0259k v\u0259 sabah orada torpa\u011fa tap\u015f\u0131r\u0131lacaq. Qeyd ed\u0259k ki, \u0259sl\u0259n \u015eirvan \u015f\u0259h\u0259rind\u0259n olan F.Ba\u011f\u0131rov ail\u0259si il\u0259 birg\u0259&hellip;","_links":{"self":[{"href":"https:\/\/arantv.az\/index.php?rest_route=\/wp\/v2\/posts\/433312"}],"collection":[{"href":"https:\/\/arantv.az\/index.php?rest_route=\/wp\/v2\/posts"}],"about":[{"href":"https:\/\/arantv.az\/index.php?rest_route=\/wp\/v2\/types\/post"}],"author":[{"embeddable":true,"href":"https:\/\/arantv.az\/index.php?rest_route=\/wp\/v2\/users\/2"}],"replies":[{"embeddable":true,"href":"https:\/\/arantv.az\/index.php?rest_route=%2Fwp%2Fv2%2Fcomments&post=433312"}],"version-history":[{"count":0,"href":"https:\/\/arantv.az\/index.php?rest_route=\/wp\/v2\/posts\/433312\/revisions"}],"wp:featuredmedia":[{"embeddable":true,"href":"https:\/\/arantv.az\/index.php?rest_route=\/wp\/v2\/media\/433313"}],"wp:attachment":[{"href":"https:\/\/arantv.az\/index.php?rest_route=%2Fwp%2Fv2%2Fmedia&parent=433312"}],"wp:term":[{"taxonomy":"category","embeddable":true,"href":"https:\/\/arantv.az\/index.php?rest_route=%2Fwp%2Fv2%2Fcategories&post=433312"},{"taxonomy":"post_tag","embeddable":true,"href":"https:\/\/arantv.az\/index.php?rest_route=%2Fwp%2Fv2%2Ftags&post=433312"}],"curies":[{"name":"wp","href":"https:\/\/api.w.org\/{rel}","templated":true}]}}