{"id":433315,"date":"2022-01-31T19:04:13","date_gmt":"2022-01-31T16:04:13","guid":{"rendered":"http:\/\/arantv.az\/?p=433315"},"modified":"2022-01-31T19:04:13","modified_gmt":"2022-01-31T16:04:13","slug":"%c9%99rdogan-az%c9%99rbaycandan-g%c9%99l%c9%99n-t%c9%99bii-qazin-miqdarini-artirdiq","status":"publish","type":"post","link":"https:\/\/arantv.az\/?p=433315","title":{"rendered":"\u018frdo\u011fan: \u201cAz\u0259rbaycandan g\u0259l\u0259n t\u0259bii qaz\u0131n miqdar\u0131n\u0131 art\u0131rd\u0131q\u201d"},"content":{"rendered":"<p>T\u00fcrkiy\u0259d\u0259 \u00f6lk\u0259 prezidenti R\u0259c\u0259b Tayyib \u018frdo\u011fan\u0131n s\u0259drliyil\u0259 nazirl\u0259r kabinetinin n\u00f6vb\u0259ti iclas\u0131 ke\u00e7irilib.<\/p>\n<p>\u0130clasdan sonrak\u0131 m\u0259tbuat konfrans\u0131nda \u00e7\u0131x\u0131\u015f\u0131 zaman\u0131 d\u00f6vl\u0259t ba\u015f\u00e7\u0131s\u0131 \u00e7oxsayl\u0131 m\u00f6vzularla yana\u015f\u0131, T\u00fcrkiy\u0259nin enerji t\u0259chizat\u0131ndan da b\u0259hs edib.<\/p>\n<p>\u0130randan T\u00fcrkiy\u0259y\u0259 mavi yanaca\u011f\u0131n verili\u015finin b\u0259rpa edildiyini xat\u0131rladan \u018frdo\u011fan Az\u0259rbaycandan \u00f6lk\u0259sin\u0259 idxal olunan t\u0259bii qaz h\u0259cminin d\u0259 art\u0131r\u0131ld\u0131\u011f\u0131n\u0131 b\u0259yan edib.<\/p>\n<p>H\u0259m\u00e7inin, prezident haz\u0131rda Avropa \u00f6lk\u0259l\u0259rinin qazla t\u0259chizatda ya\u015fad\u0131qlar\u0131 probleml\u0259r fonunda T\u00fcrkiy\u0259d\u0259 analoji \u00e7\u0259tilikl\u0259rin olmad\u0131\u011f\u0131n\u0131 bildirib.<\/p>\n<p>M\u0259nb\u0259: \u201cHaber Global\u201d<\/p>\n","protected":false},"excerpt":{"rendered":"<p>T\u00fcrkiy\u0259d\u0259 \u00f6lk\u0259 prezidenti R\u0259c\u0259b Tayyib \u018frdo\u011fan\u0131n s\u0259drliyil\u0259 nazirl\u0259r kabinetinin n\u00f6vb\u0259ti iclas\u0131 ke\u00e7irilib. \u0130clasdan sonrak\u0131 m\u0259tbuat konfrans\u0131nda \u00e7\u0131x\u0131\u015f\u0131 zaman\u0131 d\u00f6vl\u0259t ba\u015f\u00e7\u0131s\u0131 \u00e7oxsayl\u0131 m\u00f6vzularla yana\u015f\u0131, T\u00fcrkiy\u0259nin enerji t\u0259chizat\u0131ndan da b\u0259hs edib. \u0130randan T\u00fcrkiy\u0259y\u0259 mavi yanaca\u011f\u0131n verili\u015finin b\u0259rpa edildiyini xat\u0131rladan \u018frdo\u011fan Az\u0259rbaycandan \u00f6lk\u0259sin\u0259 idxal olunan t\u0259bii qaz h\u0259cminin d\u0259 art\u0131r\u0131ld\u0131\u011f\u0131n\u0131 b\u0259yan edib. H\u0259m\u00e7inin, prezident haz\u0131rda Avropa \u00f6lk\u0259l\u0259rinin qazla t\u0259chizatda ya\u015fad\u0131qlar\u0131 probleml\u0259r fonunda T\u00fcrkiy\u0259d\u0259 analoji \u00e7\u0259tilikl\u0259rin olmad\u0131\u011f\u0131n\u0131 bildirib. M\u0259nb\u0259: \u201cHaber Global\u201d<\/p>\n","protected":false},"author":2,"featured_media":433316,"comment_status":"closed","ping_status":"closed","sticky":false,"template":"","format":"standard","meta":{"om_disable_all_campaigns":false,"_monsterinsights_skip_tracking":false,"_monsterinsights_sitenote_active":false,"_monsterinsights_sitenote_note":"","_monsterinsights_sitenote_category":0},"categories":[4],"tags":[],"aioseo_notices":[],"gutentor_comment":0,"rttpg_featured_image_url":{"full":["https:\/\/arantv.az\/wp-content\/uploads\/2022\/01\/2990080.jpg",620,411,false],"landscape":["https:\/\/arantv.az\/wp-content\/uploads\/2022\/01\/2990080.jpg",620,411,false],"portraits":["https:\/\/arantv.az\/wp-content\/uploads\/2022\/01\/2990080.jpg",620,411,false],"thumbnail":["https:\/\/arantv.az\/wp-content\/uploads\/2022\/01\/2990080-500x280.jpg",500,280,true],"medium":["https:\/\/arantv.az\/wp-content\/uploads\/2022\/01\/2990080-551x365.jpg",551,365,true],"large":["https:\/\/arantv.az\/wp-content\/uploads\/2022\/01\/2990080.jpg",620,411,false],"1536x1536":["https:\/\/arantv.az\/wp-content\/uploads\/2022\/01\/2990080.jpg",620,411,false],"2048x2048":["https:\/\/arantv.az\/wp-content\/uploads\/2022\/01\/2990080.jpg",620,411,false],"post-thumbnail":["https:\/\/arantv.az\/wp-content\/uploads\/2022\/01\/2990080-240x172.jpg",240,172,true],"advps-thumb-one":["https:\/\/arantv.az\/wp-content\/uploads\/2022\/01\/2990080.jpg",620,411,false]},"rttpg_author":{"display_name":"V\u00fcsal Rafiqo\u011flu","author_link":"https:\/\/arantv.az\/?author=2"},"rttpg_comment":0,"rttpg_category":"<a href=\"https:\/\/arantv.az\/?cat=4\" rel=\"category\">Siyas\u0259t<\/a>","rttpg_excerpt":"T\u00fcrkiy\u0259d\u0259 \u00f6lk\u0259 prezidenti R\u0259c\u0259b Tayyib \u018frdo\u011fan\u0131n s\u0259drliyil\u0259 nazirl\u0259r kabinetinin n\u00f6vb\u0259ti iclas\u0131 ke\u00e7irilib. \u0130clasdan sonrak\u0131 m\u0259tbuat konfrans\u0131nda \u00e7\u0131x\u0131\u015f\u0131 zaman\u0131 d\u00f6vl\u0259t ba\u015f\u00e7\u0131s\u0131 \u00e7oxsayl\u0131 m\u00f6vzularla yana\u015f\u0131, T\u00fcrkiy\u0259nin enerji t\u0259chizat\u0131ndan da b\u0259hs edib. \u0130randan T\u00fcrkiy\u0259y\u0259 mavi yanaca\u011f\u0131n verili\u015finin b\u0259rpa edildiyini xat\u0131rladan \u018frdo\u011fan Az\u0259rbaycandan \u00f6lk\u0259sin\u0259 idxal olunan t\u0259bii qaz h\u0259cminin d\u0259 art\u0131r\u0131ld\u0131\u011f\u0131n\u0131 b\u0259yan edib. H\u0259m\u00e7inin, prezident haz\u0131rda Avropa \u00f6lk\u0259l\u0259rinin qazla&hellip;","_links":{"self":[{"href":"https:\/\/arantv.az\/index.php?rest_route=\/wp\/v2\/posts\/433315"}],"collection":[{"href":"https:\/\/arantv.az\/index.php?rest_route=\/wp\/v2\/posts"}],"about":[{"href":"https:\/\/arantv.az\/index.php?rest_route=\/wp\/v2\/types\/post"}],"author":[{"embeddable":true,"href":"https:\/\/arantv.az\/index.php?rest_route=\/wp\/v2\/users\/2"}],"replies":[{"embeddable":true,"href":"https:\/\/arantv.az\/index.php?rest_route=%2Fwp%2Fv2%2Fcomments&post=433315"}],"version-history":[{"count":0,"href":"https:\/\/arantv.az\/index.php?rest_route=\/wp\/v2\/posts\/433315\/revisions"}],"wp:featuredmedia":[{"embeddable":true,"href":"https:\/\/arantv.az\/index.php?rest_route=\/wp\/v2\/media\/433316"}],"wp:attachment":[{"href":"https:\/\/arantv.az\/index.php?rest_route=%2Fwp%2Fv2%2Fmedia&parent=433315"}],"wp:term":[{"taxonomy":"category","embeddable":true,"href":"https:\/\/arantv.az\/index.php?rest_route=%2Fwp%2Fv2%2Fcategories&post=433315"},{"taxonomy":"post_tag","embeddable":true,"href":"https:\/\/arantv.az\/index.php?rest_route=%2Fwp%2Fv2%2Ftags&post=433315"}],"curies":[{"name":"wp","href":"https:\/\/api.w.org\/{rel}","templated":true}]}}