{"id":433326,"date":"2022-01-31T19:12:23","date_gmt":"2022-01-31T16:12:23","guid":{"rendered":"http:\/\/arantv.az\/?p=433326"},"modified":"2022-01-31T19:12:23","modified_gmt":"2022-01-31T16:12:23","slug":"xaricd%c9%99-v%c9%99fat-etmis-az%c9%99rbaycan-v%c9%99t%c9%99ndasinin-olumunun-qeyd%c9%99-alinmasi-qaydasi-mu%c9%99yy%c9%99nl%c9%99sdi","status":"publish","type":"post","link":"https:\/\/arantv.az\/?p=433326","title":{"rendered":"Xaricd\u0259 v\u0259fat etmi\u015f Az\u0259rbaycan v\u0259t\u0259nda\u015f\u0131n\u0131n \u00f6l\u00fcm\u00fcn\u00fcn qeyd\u0259 al\u0131nmas\u0131 qaydas\u0131 m\u00fc\u0259yy\u0259nl\u0259\u015fdi"},"content":{"rendered":"<p>Xaricd\u0259 v\u0259fat etmi\u015f Az\u0259rbaycan v\u0259t\u0259nda\u015f\u0131n\u0131n \u00f6l\u00fcm\u00fcn\u00fcn qeyd\u0259 al\u0131nmas\u0131 \u00fc\u00e7\u00fcn yeni prosedur m\u00fc\u0259yy\u0259nl\u0259\u015fib.<\/p>\n<p><strong>ARANTV.AZ<\/strong>\u00a0 <a href=\"https:\/\/az.trend.az\/\" target=\"_blank\" rel=\"noopener\">Trend<\/a>-\u0259 istinad\u0259n x\u0259b\u0259r verir ki,\u00a0bu, Prezident \u0130lham \u018fliyevin t\u0259tbiqi bar\u0259d\u0259 f\u0259rman imzalad\u0131\u011f\u0131 &#8220;Ail\u0259 M\u0259c\u0259ll\u0259sind\u0259 d\u0259yi\u015fiklik edilm\u0259si haqq\u0131nda&#8221; qanunda \u0259ksini tap\u0131b.<\/p>\n<p>Qanuna \u0259sas\u0259n, Az\u0259rbaycan Respublikas\u0131 v\u0259t\u0259nda\u015f\u0131n\u0131n, Az\u0259rbaycan Respublikas\u0131nda daimi ya\u015fayan v\u0259t\u0259nda\u015fl\u0131\u011f\u0131 olmayan \u015f\u0259xsin v\u0259 ya \u0259cn\u0259binin xarici \u00f6lk\u0259d\u0259 \u00f6ld\u00fcy\u00fc v\u0259 \u00f6l\u00fcm h\u0259min \u00f6lk\u0259nin s\u0259lahiyy\u0259tli orqanlar\u0131nda v\u0259 ya Xarici \u0130\u015fl\u0259r Nazirliyinin xaricd\u04d9ki konsulluq idar\u0259l\u0259rind\u0259 qeyd\u0259 al\u0131nmad\u0131\u011f\u0131 hallarda \u00f6l\u00fcm\u00fcn qeydiyyat\u0131 bu \u00f6lk\u0259d\u0259 verilmi\u015f \u00f6l\u00fcm fakt\u0131n\u0131 t\u0259sdiq ed\u0259n tibbi s\u0259n\u0259d Az\u0259rbaycan Respublikas\u0131 \u018fdliyy\u0259 Nazirliyinin v\u0259 Nax\u00e7\u0131van Muxtar Respublikas\u0131n\u0131n \u0259razisind\u0259 Nax\u00e7\u0131van Muxtar Respublikas\u0131 \u018fdliyy\u0259 Nazirliyinin qeydiyyat \u015f\u00f6b\u0259l\u0259ri t\u0259r\u0259find\u0259n apar\u0131lacaq.<\/p>\n","protected":false},"excerpt":{"rendered":"<p>Xaricd\u0259 v\u0259fat etmi\u015f Az\u0259rbaycan v\u0259t\u0259nda\u015f\u0131n\u0131n \u00f6l\u00fcm\u00fcn\u00fcn qeyd\u0259 al\u0131nmas\u0131 \u00fc\u00e7\u00fcn yeni prosedur m\u00fc\u0259yy\u0259nl\u0259\u015fib. ARANTV.AZ\u00a0 Trend-\u0259 istinad\u0259n x\u0259b\u0259r verir ki,\u00a0bu, Prezident \u0130lham \u018fliyevin t\u0259tbiqi bar\u0259d\u0259 f\u0259rman imzalad\u0131\u011f\u0131 &#8220;Ail\u0259 M\u0259c\u0259ll\u0259sind\u0259 d\u0259yi\u015fiklik edilm\u0259si haqq\u0131nda&#8221; qanunda \u0259ksini tap\u0131b. Qanuna \u0259sas\u0259n, Az\u0259rbaycan Respublikas\u0131 v\u0259t\u0259nda\u015f\u0131n\u0131n, Az\u0259rbaycan Respublikas\u0131nda daimi ya\u015fayan v\u0259t\u0259nda\u015fl\u0131\u011f\u0131 olmayan \u015f\u0259xsin v\u0259 ya \u0259cn\u0259binin xarici \u00f6lk\u0259d\u0259 \u00f6ld\u00fcy\u00fc v\u0259 \u00f6l\u00fcm h\u0259min \u00f6lk\u0259nin s\u0259lahiyy\u0259tli orqanlar\u0131nda v\u0259 ya Xarici \u0130\u015fl\u0259r Nazirliyinin xaricd\u04d9ki konsulluq idar\u0259l\u0259rind\u0259 qeyd\u0259 al\u0131nmad\u0131\u011f\u0131 hallarda \u00f6l\u00fcm\u00fcn qeydiyyat\u0131 bu \u00f6lk\u0259d\u0259 verilmi\u015f \u00f6l\u00fcm fakt\u0131n\u0131 t\u0259sdiq ed\u0259n tibbi s\u0259n\u0259d Az\u0259rbaycan Respublikas\u0131 \u018fdliyy\u0259 Nazirliyinin v\u0259 Nax\u00e7\u0131van Muxtar Respublikas\u0131n\u0131n \u0259razisind\u0259 Nax\u00e7\u0131van Muxtar&hellip;<\/p>\n","protected":false},"author":2,"featured_media":433327,"comment_status":"closed","ping_status":"closed","sticky":false,"template":"","format":"standard","meta":{"om_disable_all_campaigns":false,"_monsterinsights_skip_tracking":false,"_monsterinsights_sitenote_active":false,"_monsterinsights_sitenote_note":"","_monsterinsights_sitenote_category":0},"categories":[1],"tags":[],"aioseo_notices":[],"gutentor_comment":0,"rttpg_featured_image_url":{"full":["https:\/\/arantv.az\/wp-content\/uploads\/2022\/01\/meyit_qadin_morq.jpg",800,600,false],"landscape":["https:\/\/arantv.az\/wp-content\/uploads\/2022\/01\/meyit_qadin_morq.jpg",800,600,false],"portraits":["https:\/\/arantv.az\/wp-content\/uploads\/2022\/01\/meyit_qadin_morq.jpg",800,600,false],"thumbnail":["https:\/\/arantv.az\/wp-content\/uploads\/2022\/01\/meyit_qadin_morq-500x280.jpg",500,280,true],"medium":["https:\/\/arantv.az\/wp-content\/uploads\/2022\/01\/meyit_qadin_morq-487x365.jpg",487,365,true],"large":["https:\/\/arantv.az\/wp-content\/uploads\/2022\/01\/meyit_qadin_morq.jpg",640,480,false],"1536x1536":["https:\/\/arantv.az\/wp-content\/uploads\/2022\/01\/meyit_qadin_morq.jpg",800,600,false],"2048x2048":["https:\/\/arantv.az\/wp-content\/uploads\/2022\/01\/meyit_qadin_morq.jpg",800,600,false],"post-thumbnail":["https:\/\/arantv.az\/wp-content\/uploads\/2022\/01\/meyit_qadin_morq-240x172.jpg",240,172,true],"advps-thumb-one":["https:\/\/arantv.az\/wp-content\/uploads\/2022\/01\/meyit_qadin_morq.jpg",800,600,false]},"rttpg_author":{"display_name":"V\u00fcsal Rafiqo\u011flu","author_link":"https:\/\/arantv.az\/?author=2"},"rttpg_comment":0,"rttpg_category":"<a href=\"https:\/\/arantv.az\/?cat=1\" rel=\"category\">C\u0259miyy\u0259t<\/a>","rttpg_excerpt":"Xaricd\u0259 v\u0259fat etmi\u015f Az\u0259rbaycan v\u0259t\u0259nda\u015f\u0131n\u0131n \u00f6l\u00fcm\u00fcn\u00fcn qeyd\u0259 al\u0131nmas\u0131 \u00fc\u00e7\u00fcn yeni prosedur m\u00fc\u0259yy\u0259nl\u0259\u015fib. ARANTV.AZ\u00a0 Trend-\u0259 istinad\u0259n x\u0259b\u0259r verir ki,\u00a0bu, Prezident \u0130lham \u018fliyevin t\u0259tbiqi bar\u0259d\u0259 f\u0259rman imzalad\u0131\u011f\u0131 &#8220;Ail\u0259 M\u0259c\u0259ll\u0259sind\u0259 d\u0259yi\u015fiklik edilm\u0259si haqq\u0131nda&#8221; qanunda \u0259ksini tap\u0131b. Qanuna \u0259sas\u0259n, Az\u0259rbaycan Respublikas\u0131 v\u0259t\u0259nda\u015f\u0131n\u0131n, Az\u0259rbaycan Respublikas\u0131nda daimi ya\u015fayan v\u0259t\u0259nda\u015fl\u0131\u011f\u0131 olmayan \u015f\u0259xsin v\u0259 ya \u0259cn\u0259binin xarici \u00f6lk\u0259d\u0259 \u00f6ld\u00fcy\u00fc v\u0259 \u00f6l\u00fcm h\u0259min \u00f6lk\u0259nin&hellip;","_links":{"self":[{"href":"https:\/\/arantv.az\/index.php?rest_route=\/wp\/v2\/posts\/433326"}],"collection":[{"href":"https:\/\/arantv.az\/index.php?rest_route=\/wp\/v2\/posts"}],"about":[{"href":"https:\/\/arantv.az\/index.php?rest_route=\/wp\/v2\/types\/post"}],"author":[{"embeddable":true,"href":"https:\/\/arantv.az\/index.php?rest_route=\/wp\/v2\/users\/2"}],"replies":[{"embeddable":true,"href":"https:\/\/arantv.az\/index.php?rest_route=%2Fwp%2Fv2%2Fcomments&post=433326"}],"version-history":[{"count":0,"href":"https:\/\/arantv.az\/index.php?rest_route=\/wp\/v2\/posts\/433326\/revisions"}],"wp:featuredmedia":[{"embeddable":true,"href":"https:\/\/arantv.az\/index.php?rest_route=\/wp\/v2\/media\/433327"}],"wp:attachment":[{"href":"https:\/\/arantv.az\/index.php?rest_route=%2Fwp%2Fv2%2Fmedia&parent=433326"}],"wp:term":[{"taxonomy":"category","embeddable":true,"href":"https:\/\/arantv.az\/index.php?rest_route=%2Fwp%2Fv2%2Fcategories&post=433326"},{"taxonomy":"post_tag","embeddable":true,"href":"https:\/\/arantv.az\/index.php?rest_route=%2Fwp%2Fv2%2Ftags&post=433326"}],"curies":[{"name":"wp","href":"https:\/\/api.w.org\/{rel}","templated":true}]}}