{"id":433365,"date":"2022-02-01T07:16:18","date_gmt":"2022-02-01T04:16:18","guid":{"rendered":"http:\/\/arantv.az\/?p=433365"},"modified":"2022-02-01T07:16:18","modified_gmt":"2022-02-01T04:16:18","slug":"az%c9%99rbaycanin-turkiy%c9%99d%c9%99ki-s%c9%99firi-r%c9%99sad-m%c9%99mm%c9%99dov-m%c9%99h%c9%99mm%c9%99d-%c9%99min-r%c9%99sulzad%c9%99nin-m%c9%99zarini-ziyar%c9%99t-edib-foto","status":"publish","type":"post","link":"https:\/\/arantv.az\/?p=433365","title":{"rendered":"Az\u0259rbaycan\u0131n T\u00fcrkiy\u0259d\u0259ki s\u0259firi R\u0259\u015fad M\u0259mm\u0259dov M\u0259h\u0259mm\u0259d \u018fmin R\u0259sulzad\u0259nin m\u0259zar\u0131n\u0131 ziyar\u0259t edib &#8211; FOTO"},"content":{"rendered":"<p>Az\u0259rbaycan\u0131n T\u00fcrkiy\u0259d\u0259ki s\u0259firi R\u0259\u015fad M\u0259mm\u0259dov v\u0259 s\u0259firliyin dig\u0259r \u0259m\u0259kda\u015flar\u0131 Az\u0259rbaycan\u0131n d\u00f6vl\u0259t v\u0259 ictimai xadimi, siyas\u0259t\u00e7i v\u0259 publisist, Az\u0259rbaycan Xalq C\u00fcmhuriyy\u0259tinin (1918-1920) banil\u0259rind\u0259n biri, Az\u0259rbaycan milli istiqlal h\u0259r\u0259kat\u0131n\u0131n\u00a0ba\u015f\u00e7\u0131s\u0131 M\u0259h\u0259mm\u0259d \u018fmin R\u0259sulzad\u0259nin anadan olmas\u0131ndan 138 illiyi m\u00fcnsib\u0259ti il\u0259 onun Ankaran\u0131n \u018fsri q\u0259birstanl\u0131\u011f\u0131ndak\u0131 m\u0259zar\u0131n\u0131 ziyar\u0259t edibl\u0259r.<\/p>\n<p>Bununla ba\u011fl\u0131 s\u0259fir \u00f6z \u201cTwitter\u201d s\u0259hif\u0259sind\u0259 payla\u015f\u0131m edib.<\/p>\n<div>\n<div class=\"twitter-tweet twitter-tweet-rendered\"><iframe id=\"twitter-widget-0\" class=\"\" title=\"Twitter Tweet\" src=\"https:\/\/platform.twitter.com\/embed\/Tweet.html?creatorScreenName=oxuaz&amp;dnt=false&amp;embedId=twitter-widget-0&amp;features=eyJ0ZndfZXhwZXJpbWVudHNfY29va2llX2V4cGlyYXRpb24iOnsiYnVja2V0IjoxMjA5NjAwLCJ2ZXJzaW9uIjpudWxsfSwidGZ3X2hvcml6b25fdHdlZXRfZW1iZWRfOTU1NSI6eyJidWNrZXQiOiJodGUiLCJ2ZXJzaW9uIjpudWxsfSwidGZ3X3NwYWNlX2NhcmQiOnsiYnVja2V0Ijoib2ZmIiwidmVyc2lvbiI6bnVsbH19&amp;frame=false&amp;hideCard=false&amp;hideThread=false&amp;id=1488166831538024452&amp;lang=en&amp;origin=https%3A%2F%2Foxu.az%2Fpolitics%2F569056&amp;sessionId=36b09d4e97e9182761425a14267c3e25ff3d0ae5&amp;siteScreenName=oxuaz&amp;theme=light&amp;widgetsVersion=75b3351%3A1642573356397&amp;width=550px\" frameborder=\"0\" scrolling=\"no\" allowfullscreen=\"allowfullscreen\" data-tweet-id=\"1488166831538024452\" data-mce-fragment=\"1\"><\/iframe><\/div>\n<\/div>\n<p>&nbsp;<\/p>\n","protected":false},"excerpt":{"rendered":"<p>Az\u0259rbaycan\u0131n T\u00fcrkiy\u0259d\u0259ki s\u0259firi R\u0259\u015fad M\u0259mm\u0259dov v\u0259 s\u0259firliyin dig\u0259r \u0259m\u0259kda\u015flar\u0131 Az\u0259rbaycan\u0131n d\u00f6vl\u0259t v\u0259 ictimai xadimi, siyas\u0259t\u00e7i v\u0259 publisist, Az\u0259rbaycan Xalq C\u00fcmhuriyy\u0259tinin (1918-1920) banil\u0259rind\u0259n biri, Az\u0259rbaycan milli istiqlal h\u0259r\u0259kat\u0131n\u0131n\u00a0ba\u015f\u00e7\u0131s\u0131 M\u0259h\u0259mm\u0259d \u018fmin R\u0259sulzad\u0259nin anadan olmas\u0131ndan 138 illiyi m\u00fcnsib\u0259ti il\u0259 onun Ankaran\u0131n \u018fsri q\u0259birstanl\u0131\u011f\u0131ndak\u0131 m\u0259zar\u0131n\u0131 ziyar\u0259t edibl\u0259r. Bununla ba\u011fl\u0131 s\u0259fir \u00f6z \u201cTwitter\u201d s\u0259hif\u0259sind\u0259 payla\u015f\u0131m edib. &nbsp;<\/p>\n","protected":false},"author":2,"featured_media":433366,"comment_status":"closed","ping_status":"closed","sticky":false,"template":"","format":"standard","meta":{"om_disable_all_campaigns":false,"_monsterinsights_skip_tracking":false,"_monsterinsights_sitenote_active":false,"_monsterinsights_sitenote_note":"","_monsterinsights_sitenote_category":0},"categories":[4],"tags":[],"aioseo_notices":[],"gutentor_comment":0,"rttpg_featured_image_url":{"full":["https:\/\/arantv.az\/wp-content\/uploads\/2022\/02\/FKcH1jwXwAMklgo.jpg",620,413,false],"landscape":["https:\/\/arantv.az\/wp-content\/uploads\/2022\/02\/FKcH1jwXwAMklgo.jpg",620,413,false],"portraits":["https:\/\/arantv.az\/wp-content\/uploads\/2022\/02\/FKcH1jwXwAMklgo.jpg",620,413,false],"thumbnail":["https:\/\/arantv.az\/wp-content\/uploads\/2022\/02\/FKcH1jwXwAMklgo-500x280.jpg",500,280,true],"medium":["https:\/\/arantv.az\/wp-content\/uploads\/2022\/02\/FKcH1jwXwAMklgo-548x365.jpg",548,365,true],"large":["https:\/\/arantv.az\/wp-content\/uploads\/2022\/02\/FKcH1jwXwAMklgo.jpg",620,413,false],"1536x1536":["https:\/\/arantv.az\/wp-content\/uploads\/2022\/02\/FKcH1jwXwAMklgo.jpg",620,413,false],"2048x2048":["https:\/\/arantv.az\/wp-content\/uploads\/2022\/02\/FKcH1jwXwAMklgo.jpg",620,413,false],"post-thumbnail":["https:\/\/arantv.az\/wp-content\/uploads\/2022\/02\/FKcH1jwXwAMklgo-240x172.jpg",240,172,true],"advps-thumb-one":["https:\/\/arantv.az\/wp-content\/uploads\/2022\/02\/FKcH1jwXwAMklgo.jpg",620,413,false]},"rttpg_author":{"display_name":"V\u00fcsal Rafiqo\u011flu","author_link":"https:\/\/arantv.az\/?author=2"},"rttpg_comment":0,"rttpg_category":"<a href=\"https:\/\/arantv.az\/?cat=4\" rel=\"category\">Siyas\u0259t<\/a>","rttpg_excerpt":"Az\u0259rbaycan\u0131n T\u00fcrkiy\u0259d\u0259ki s\u0259firi R\u0259\u015fad M\u0259mm\u0259dov v\u0259 s\u0259firliyin dig\u0259r \u0259m\u0259kda\u015flar\u0131 Az\u0259rbaycan\u0131n d\u00f6vl\u0259t v\u0259 ictimai xadimi, siyas\u0259t\u00e7i v\u0259 publisist, Az\u0259rbaycan Xalq C\u00fcmhuriyy\u0259tinin (1918-1920) banil\u0259rind\u0259n biri, Az\u0259rbaycan milli istiqlal h\u0259r\u0259kat\u0131n\u0131n\u00a0ba\u015f\u00e7\u0131s\u0131 M\u0259h\u0259mm\u0259d \u018fmin R\u0259sulzad\u0259nin anadan olmas\u0131ndan 138 illiyi m\u00fcnsib\u0259ti il\u0259 onun Ankaran\u0131n \u018fsri q\u0259birstanl\u0131\u011f\u0131ndak\u0131 m\u0259zar\u0131n\u0131 ziyar\u0259t edibl\u0259r. Bununla ba\u011fl\u0131 s\u0259fir \u00f6z \u201cTwitter\u201d s\u0259hif\u0259sind\u0259 payla\u015f\u0131m edib. &nbsp;","_links":{"self":[{"href":"https:\/\/arantv.az\/index.php?rest_route=\/wp\/v2\/posts\/433365"}],"collection":[{"href":"https:\/\/arantv.az\/index.php?rest_route=\/wp\/v2\/posts"}],"about":[{"href":"https:\/\/arantv.az\/index.php?rest_route=\/wp\/v2\/types\/post"}],"author":[{"embeddable":true,"href":"https:\/\/arantv.az\/index.php?rest_route=\/wp\/v2\/users\/2"}],"replies":[{"embeddable":true,"href":"https:\/\/arantv.az\/index.php?rest_route=%2Fwp%2Fv2%2Fcomments&post=433365"}],"version-history":[{"count":0,"href":"https:\/\/arantv.az\/index.php?rest_route=\/wp\/v2\/posts\/433365\/revisions"}],"wp:featuredmedia":[{"embeddable":true,"href":"https:\/\/arantv.az\/index.php?rest_route=\/wp\/v2\/media\/433366"}],"wp:attachment":[{"href":"https:\/\/arantv.az\/index.php?rest_route=%2Fwp%2Fv2%2Fmedia&parent=433365"}],"wp:term":[{"taxonomy":"category","embeddable":true,"href":"https:\/\/arantv.az\/index.php?rest_route=%2Fwp%2Fv2%2Fcategories&post=433365"},{"taxonomy":"post_tag","embeddable":true,"href":"https:\/\/arantv.az\/index.php?rest_route=%2Fwp%2Fv2%2Ftags&post=433365"}],"curies":[{"name":"wp","href":"https:\/\/api.w.org\/{rel}","templated":true}]}}