{"id":433515,"date":"2022-02-01T10:25:30","date_gmt":"2022-02-01T07:25:30","guid":{"rendered":"http:\/\/arantv.az\/?p=433515"},"modified":"2022-02-01T10:25:30","modified_gmt":"2022-02-01T07:25:30","slug":"erm%c9%99nistan-prezidentinin-s%c9%99lahiyy%c9%99tl%c9%99rin%c9%99-r%c9%99sm%c9%99n-xitam-verilib","status":"publish","type":"post","link":"https:\/\/arantv.az\/?p=433515","title":{"rendered":"Erm\u0259nistan prezidentinin s\u0259lahiyy\u0259tl\u0259rin\u0259 r\u0259sm\u0259n xitam verilib"},"content":{"rendered":"<p>Parlament s\u0259drinin m\u00fcvafiq protokolu d\u0259rc etm\u0259sind\u0259n sonra Erm\u0259nistan prezidenti Armen Sarkisyan\u0131n s\u0259lahiyy\u0259tl\u0259rin\u0259 r\u0259smi xitam verilib.<\/p>\n<div class=\"AdviadNativeVideo\"><\/div>\n<p>Bu bar\u0259d\u0259 qanunverici orqan\u0131n sayt\u0131nda bildirilib.<\/p>\n<p>Erm\u0259nistan prezidenti yanvar\u0131n 23-d\u0259 istefa verdiyini b\u0259yan edib. Sarkisyan b\u0259yan edib ki, onun bu q\u0259rar\u0131 daxili v\u0259 xarici siyas\u0259t\u0259 t\u0259sir al\u0259tl\u0259rinin olmamas\u0131 il\u0259\u00a0<strong><a href=\"https:\/\/oxu.az\/world\/566615\" target=\"_blank\" rel=\"noopener\">ba\u011fl\u0131d\u0131r<\/a><\/strong>.<\/p>\n<p>Qeyd edilir ki, respublikada n\u00f6vb\u0259d\u0259nk\u0259nar prezident\u00a0se\u00e7kil\u0259ri vakant yer a\u00e7\u0131ld\u0131qdan sonra 25-35 g\u00fcn \u0259rzind\u0259 ke\u00e7irilir. H\u0259min vaxta q\u0259d\u0259r parlamentin spikeri d\u00f6vl\u0259t ba\u015f\u00e7\u0131s\u0131 kimi f\u0259aliyy\u0259t g\u00f6st\u0259r\u0259c\u0259k.<\/p>\n<p>M\u0259nb\u0259: R\u0130A Novosti<\/p>\n","protected":false},"excerpt":{"rendered":"<p>Parlament s\u0259drinin m\u00fcvafiq protokolu d\u0259rc etm\u0259sind\u0259n sonra Erm\u0259nistan prezidenti Armen Sarkisyan\u0131n s\u0259lahiyy\u0259tl\u0259rin\u0259 r\u0259smi xitam verilib. Bu bar\u0259d\u0259 qanunverici orqan\u0131n sayt\u0131nda bildirilib. Erm\u0259nistan prezidenti yanvar\u0131n 23-d\u0259 istefa verdiyini b\u0259yan edib. Sarkisyan b\u0259yan edib ki, onun bu q\u0259rar\u0131 daxili v\u0259 xarici siyas\u0259t\u0259 t\u0259sir al\u0259tl\u0259rinin olmamas\u0131 il\u0259\u00a0ba\u011fl\u0131d\u0131r. Qeyd edilir ki, respublikada n\u00f6vb\u0259d\u0259nk\u0259nar prezident\u00a0se\u00e7kil\u0259ri vakant yer a\u00e7\u0131ld\u0131qdan sonra 25-35 g\u00fcn \u0259rzind\u0259 ke\u00e7irilir. H\u0259min vaxta q\u0259d\u0259r parlamentin spikeri d\u00f6vl\u0259t ba\u015f\u00e7\u0131s\u0131 kimi f\u0259aliyy\u0259t g\u00f6st\u0259r\u0259c\u0259k. M\u0259nb\u0259: R\u0130A Novosti<\/p>\n","protected":false},"author":2,"featured_media":433516,"comment_status":"closed","ping_status":"closed","sticky":false,"template":"","format":"standard","meta":{"om_disable_all_campaigns":false,"_monsterinsights_skip_tracking":false,"_monsterinsights_sitenote_active":false,"_monsterinsights_sitenote_note":"","_monsterinsights_sitenote_category":0},"categories":[7],"tags":[],"aioseo_notices":[],"gutentor_comment":0,"rttpg_featured_image_url":{"full":["https:\/\/arantv.az\/wp-content\/uploads\/2022\/02\/272214712_975664176383303_6163511608271748957_n.jpg",620,413,false],"landscape":["https:\/\/arantv.az\/wp-content\/uploads\/2022\/02\/272214712_975664176383303_6163511608271748957_n.jpg",620,413,false],"portraits":["https:\/\/arantv.az\/wp-content\/uploads\/2022\/02\/272214712_975664176383303_6163511608271748957_n.jpg",620,413,false],"thumbnail":["https:\/\/arantv.az\/wp-content\/uploads\/2022\/02\/272214712_975664176383303_6163511608271748957_n-500x280.jpg",500,280,true],"medium":["https:\/\/arantv.az\/wp-content\/uploads\/2022\/02\/272214712_975664176383303_6163511608271748957_n-548x365.jpg",548,365,true],"large":["https:\/\/arantv.az\/wp-content\/uploads\/2022\/02\/272214712_975664176383303_6163511608271748957_n.jpg",620,413,false],"1536x1536":["https:\/\/arantv.az\/wp-content\/uploads\/2022\/02\/272214712_975664176383303_6163511608271748957_n.jpg",620,413,false],"2048x2048":["https:\/\/arantv.az\/wp-content\/uploads\/2022\/02\/272214712_975664176383303_6163511608271748957_n.jpg",620,413,false],"post-thumbnail":["https:\/\/arantv.az\/wp-content\/uploads\/2022\/02\/272214712_975664176383303_6163511608271748957_n-240x172.jpg",240,172,true],"advps-thumb-one":["https:\/\/arantv.az\/wp-content\/uploads\/2022\/02\/272214712_975664176383303_6163511608271748957_n.jpg",620,413,false]},"rttpg_author":{"display_name":"V\u00fcsal Rafiqo\u011flu","author_link":"https:\/\/arantv.az\/?author=2"},"rttpg_comment":0,"rttpg_category":"<a href=\"https:\/\/arantv.az\/?cat=7\" rel=\"category\">D\u00fcnya<\/a>","rttpg_excerpt":"Parlament s\u0259drinin m\u00fcvafiq protokolu d\u0259rc etm\u0259sind\u0259n sonra Erm\u0259nistan prezidenti Armen Sarkisyan\u0131n s\u0259lahiyy\u0259tl\u0259rin\u0259 r\u0259smi xitam verilib. Bu bar\u0259d\u0259 qanunverici orqan\u0131n sayt\u0131nda bildirilib. Erm\u0259nistan prezidenti yanvar\u0131n 23-d\u0259 istefa verdiyini b\u0259yan edib. Sarkisyan b\u0259yan edib ki, onun bu q\u0259rar\u0131 daxili v\u0259 xarici siyas\u0259t\u0259 t\u0259sir al\u0259tl\u0259rinin olmamas\u0131 il\u0259\u00a0ba\u011fl\u0131d\u0131r. Qeyd edilir ki, respublikada n\u00f6vb\u0259d\u0259nk\u0259nar prezident\u00a0se\u00e7kil\u0259ri vakant yer a\u00e7\u0131ld\u0131qdan sonra 25-35&hellip;","_links":{"self":[{"href":"https:\/\/arantv.az\/index.php?rest_route=\/wp\/v2\/posts\/433515"}],"collection":[{"href":"https:\/\/arantv.az\/index.php?rest_route=\/wp\/v2\/posts"}],"about":[{"href":"https:\/\/arantv.az\/index.php?rest_route=\/wp\/v2\/types\/post"}],"author":[{"embeddable":true,"href":"https:\/\/arantv.az\/index.php?rest_route=\/wp\/v2\/users\/2"}],"replies":[{"embeddable":true,"href":"https:\/\/arantv.az\/index.php?rest_route=%2Fwp%2Fv2%2Fcomments&post=433515"}],"version-history":[{"count":0,"href":"https:\/\/arantv.az\/index.php?rest_route=\/wp\/v2\/posts\/433515\/revisions"}],"wp:featuredmedia":[{"embeddable":true,"href":"https:\/\/arantv.az\/index.php?rest_route=\/wp\/v2\/media\/433516"}],"wp:attachment":[{"href":"https:\/\/arantv.az\/index.php?rest_route=%2Fwp%2Fv2%2Fmedia&parent=433515"}],"wp:term":[{"taxonomy":"category","embeddable":true,"href":"https:\/\/arantv.az\/index.php?rest_route=%2Fwp%2Fv2%2Fcategories&post=433515"},{"taxonomy":"post_tag","embeddable":true,"href":"https:\/\/arantv.az\/index.php?rest_route=%2Fwp%2Fv2%2Ftags&post=433515"}],"curies":[{"name":"wp","href":"https:\/\/api.w.org\/{rel}","templated":true}]}}