{"id":433518,"date":"2022-02-01T10:33:11","date_gmt":"2022-02-01T07:33:11","guid":{"rendered":"http:\/\/arantv.az\/?p=433518"},"modified":"2022-02-01T10:33:11","modified_gmt":"2022-02-01T07:33:11","slug":"maqsud-mahmudovun-m%c9%99hk%c9%99m%c9%99sinin-vaxti-m%c9%99lum-oldu","status":"publish","type":"post","link":"https:\/\/arantv.az\/?p=433518","title":{"rendered":"Maqsud Mahmudovun m\u0259hk\u0259m\u0259sinin vaxt\u0131 m\u0259lum oldu"},"content":{"rendered":"<p>Ukraynada tutularaq Az\u0259rbaycana g\u0259tiril\u0259n Maqsud Mahmudovun cinay\u0259t i\u015fi \u00fczr\u0259 m\u0259hk\u0259m\u0259nin vaxt\u0131 m\u0259lum olub.<\/p>\n<p>\u201cReport\u201d\u00a0x\u0259b\u0259r verir ki, Bak\u0131 A\u011f\u0131r Cinay\u0259tl\u0259r M\u0259hk\u0259m\u0259sind\u0259 ke\u00e7iril\u0259c\u0259k haz\u0131rl\u0131q iclas\u0131 fevral\u0131n 7-n\u0259 t\u0259yin edilib.<\/p>\n<div class=\"AdviadNativeVideo\"><\/div>\n<p>Cinay\u0259t i\u015fi hakim Faiq Q\u0259niyevin s\u0259drliyi il\u0259 ara\u015fd\u0131r\u0131lacaq.<\/p>\n<p>Qeyd ed\u0259k ki, Cinay\u0259t M\u0259c\u0259ll\u0259sinin 178.3.2 (d\u0259l\u0259duzluq k\u00fclli miqdarda ziyan vurmaqla t\u00f6r\u0259dildikd\u0259) madd\u0259si il\u0259 Daxili \u0130\u015fl\u0259r Nazirliyi t\u0259r\u0259find\u0259n beyn\u0259lxalq axtar\u0131\u015fa verilmi\u015f Mahmudov Maqsud Soltan o\u011flu 2021-ci ilin iyul ay\u0131nda Ukrayna \u0259razisind\u0259 tutulub.<\/p>\n<p>O, sentyabr\u0131n 18-d\u0259 Ukraynadan Az\u0259rbaycana g\u0259tiril\u0259r\u0259k istintaqa t\u0259hvil verilib.<\/p>\n<p>\u0130stintaq d\u00f6vr\u00fcnd\u0259 onun bar\u0259sind\u0259 x\u00fcsusi d\u0259y\u0259ri olan \u0259\u015fyalar\u0131 talama madd\u0259si il\u0259 ittiham ir\u0259li s\u00fcr\u00fcl\u00fcb.<\/p>\n<p>\u0130\u015f \u00fczr\u0259 90 n\u0259f\u0259r z\u0259r\u0259r\u00e7\u0259kmi\u015f var. Z\u0259r\u0259r\u00e7\u0259kmi\u015fl\u0259r aras\u0131nda\u00a0m\u00fc\u011f\u0259nnil\u0259r Af\u0259t F\u0259rmanq\u0131z\u0131 v\u0259 Vasif M\u0259h\u0259rr\u0259mli d\u0259 var.<\/p>\n","protected":false},"excerpt":{"rendered":"<p>Ukraynada tutularaq Az\u0259rbaycana g\u0259tiril\u0259n Maqsud Mahmudovun cinay\u0259t i\u015fi \u00fczr\u0259 m\u0259hk\u0259m\u0259nin vaxt\u0131 m\u0259lum olub. \u201cReport\u201d\u00a0x\u0259b\u0259r verir ki, Bak\u0131 A\u011f\u0131r Cinay\u0259tl\u0259r M\u0259hk\u0259m\u0259sind\u0259 ke\u00e7iril\u0259c\u0259k haz\u0131rl\u0131q iclas\u0131 fevral\u0131n 7-n\u0259 t\u0259yin edilib. Cinay\u0259t i\u015fi hakim Faiq Q\u0259niyevin s\u0259drliyi il\u0259 ara\u015fd\u0131r\u0131lacaq. Qeyd ed\u0259k ki, Cinay\u0259t M\u0259c\u0259ll\u0259sinin 178.3.2 (d\u0259l\u0259duzluq k\u00fclli miqdarda ziyan vurmaqla t\u00f6r\u0259dildikd\u0259) madd\u0259si il\u0259 Daxili \u0130\u015fl\u0259r Nazirliyi t\u0259r\u0259find\u0259n beyn\u0259lxalq axtar\u0131\u015fa verilmi\u015f Mahmudov Maqsud Soltan o\u011flu 2021-ci ilin iyul ay\u0131nda Ukrayna \u0259razisind\u0259 tutulub. O, sentyabr\u0131n 18-d\u0259 Ukraynadan Az\u0259rbaycana g\u0259tiril\u0259r\u0259k istintaqa t\u0259hvil verilib. \u0130stintaq d\u00f6vr\u00fcnd\u0259 onun bar\u0259sind\u0259 x\u00fcsusi d\u0259y\u0259ri olan \u0259\u015fyalar\u0131 talama madd\u0259si il\u0259 ittiham ir\u0259li s\u00fcr\u00fcl\u00fcb.&hellip;<\/p>\n","protected":false},"author":2,"featured_media":433519,"comment_status":"closed","ping_status":"closed","sticky":false,"template":"","format":"standard","meta":{"om_disable_all_campaigns":false,"_monsterinsights_skip_tracking":false,"_monsterinsights_sitenote_active":false,"_monsterinsights_sitenote_note":"","_monsterinsights_sitenote_category":0},"categories":[5],"tags":[],"aioseo_notices":[],"gutentor_comment":0,"rttpg_featured_image_url":{"full":["https:\/\/arantv.az\/wp-content\/uploads\/2022\/02\/FotoJet.jpg",620,413,false],"landscape":["https:\/\/arantv.az\/wp-content\/uploads\/2022\/02\/FotoJet.jpg",620,413,false],"portraits":["https:\/\/arantv.az\/wp-content\/uploads\/2022\/02\/FotoJet.jpg",620,413,false],"thumbnail":["https:\/\/arantv.az\/wp-content\/uploads\/2022\/02\/FotoJet-500x280.jpg",500,280,true],"medium":["https:\/\/arantv.az\/wp-content\/uploads\/2022\/02\/FotoJet-548x365.jpg",548,365,true],"large":["https:\/\/arantv.az\/wp-content\/uploads\/2022\/02\/FotoJet.jpg",620,413,false],"1536x1536":["https:\/\/arantv.az\/wp-content\/uploads\/2022\/02\/FotoJet.jpg",620,413,false],"2048x2048":["https:\/\/arantv.az\/wp-content\/uploads\/2022\/02\/FotoJet.jpg",620,413,false],"post-thumbnail":["https:\/\/arantv.az\/wp-content\/uploads\/2022\/02\/FotoJet-240x172.jpg",240,172,true],"advps-thumb-one":["https:\/\/arantv.az\/wp-content\/uploads\/2022\/02\/FotoJet.jpg",620,413,false]},"rttpg_author":{"display_name":"V\u00fcsal Rafiqo\u011flu","author_link":"https:\/\/arantv.az\/?author=2"},"rttpg_comment":0,"rttpg_category":"<a href=\"https:\/\/arantv.az\/?cat=5\" rel=\"category\">Hadis\u0259<\/a>","rttpg_excerpt":"Ukraynada tutularaq Az\u0259rbaycana g\u0259tiril\u0259n Maqsud Mahmudovun cinay\u0259t i\u015fi \u00fczr\u0259 m\u0259hk\u0259m\u0259nin vaxt\u0131 m\u0259lum olub. \u201cReport\u201d\u00a0x\u0259b\u0259r verir ki, Bak\u0131 A\u011f\u0131r Cinay\u0259tl\u0259r M\u0259hk\u0259m\u0259sind\u0259 ke\u00e7iril\u0259c\u0259k haz\u0131rl\u0131q iclas\u0131 fevral\u0131n 7-n\u0259 t\u0259yin edilib. Cinay\u0259t i\u015fi hakim Faiq Q\u0259niyevin s\u0259drliyi il\u0259 ara\u015fd\u0131r\u0131lacaq. Qeyd ed\u0259k ki, Cinay\u0259t M\u0259c\u0259ll\u0259sinin 178.3.2 (d\u0259l\u0259duzluq k\u00fclli miqdarda ziyan vurmaqla t\u00f6r\u0259dildikd\u0259) madd\u0259si il\u0259 Daxili \u0130\u015fl\u0259r Nazirliyi t\u0259r\u0259find\u0259n beyn\u0259lxalq axtar\u0131\u015fa&hellip;","_links":{"self":[{"href":"https:\/\/arantv.az\/index.php?rest_route=\/wp\/v2\/posts\/433518"}],"collection":[{"href":"https:\/\/arantv.az\/index.php?rest_route=\/wp\/v2\/posts"}],"about":[{"href":"https:\/\/arantv.az\/index.php?rest_route=\/wp\/v2\/types\/post"}],"author":[{"embeddable":true,"href":"https:\/\/arantv.az\/index.php?rest_route=\/wp\/v2\/users\/2"}],"replies":[{"embeddable":true,"href":"https:\/\/arantv.az\/index.php?rest_route=%2Fwp%2Fv2%2Fcomments&post=433518"}],"version-history":[{"count":0,"href":"https:\/\/arantv.az\/index.php?rest_route=\/wp\/v2\/posts\/433518\/revisions"}],"wp:featuredmedia":[{"embeddable":true,"href":"https:\/\/arantv.az\/index.php?rest_route=\/wp\/v2\/media\/433519"}],"wp:attachment":[{"href":"https:\/\/arantv.az\/index.php?rest_route=%2Fwp%2Fv2%2Fmedia&parent=433518"}],"wp:term":[{"taxonomy":"category","embeddable":true,"href":"https:\/\/arantv.az\/index.php?rest_route=%2Fwp%2Fv2%2Fcategories&post=433518"},{"taxonomy":"post_tag","embeddable":true,"href":"https:\/\/arantv.az\/index.php?rest_route=%2Fwp%2Fv2%2Ftags&post=433518"}],"curies":[{"name":"wp","href":"https:\/\/api.w.org\/{rel}","templated":true}]}}