{"id":433545,"date":"2022-02-01T10:40:36","date_gmt":"2022-02-01T07:40:36","guid":{"rendered":"http:\/\/arantv.az\/?p=433545"},"modified":"2022-02-01T10:40:36","modified_gmt":"2022-02-01T07:40:36","slug":"iraq-v%c9%99-suriyadan-az%c9%99rbaycana-g%c9%99tiril%c9%99n-s%c9%99xsl%c9%99rin-v%c9%99ziyy%c9%99ti-aciqlandi","status":"publish","type":"post","link":"https:\/\/arantv.az\/?p=433545","title":{"rendered":"\u0130raq v\u0259 Suriyadan Az\u0259rbaycana g\u0259tiril\u0259n \u015f\u0259xsl\u0259rin v\u0259ziyy\u0259ti A\u00c7IQLANDI"},"content":{"rendered":"<p>\u201c\u0130raq v\u0259 Suriya \u018fr\u0259b Respublikas\u0131ndan \u00f6lk\u0259miz\u0259 repatriasiya olunan v\u0259t\u0259nda\u015flar\u0131m\u0131z \u018fm\u0259k v\u0259 \u018fhalinin Sosial M\u00fcdafi\u0259si Nazirliyi t\u0259r\u0259find\u0259n d\u0259 laz\u0131mi sosial d\u0259st\u0259k t\u0259dbirl\u0259ri il\u0259 \u0259hat\u0259 olunurlar. \u00dcmumilikd\u0259 2018-ci ild\u0259n bu g\u00fcn\u0259 q\u0259d\u0259r m\u00fcvafiq d\u00f6vl\u0259t qurumlar\u0131 t\u0259r\u0259find\u0259n 358 Az\u0259rbaycan v\u0259t\u0259nda\u015f\u0131n\u0131n v\u0259t\u0259n\u0259 repatriasiyas\u0131 h\u0259yata ke\u00e7irilib\u201d.<\/p>\n<p><strong>ARANTV.AZ<\/strong>-\u0131n m\u0259lumat\u0131na g\u00f6r\u0259, bunu \u018fm\u0259k v\u0259 \u018fhalinin Sosial M\u00fcdafi\u0259si Nazirliyinin tabeliyind\u0259 Sosial Xidm\u0259tl\u0259r Agentliyinin s\u0259dri V\u00fcqar Behbudov \u00f6t\u0259n ilin yekunlar\u0131 v\u0259 qar\u015f\u0131da duran h\u0259d\u0259fl\u0259r\u0259 dair ke\u00e7irdiyi m\u0259tbuat konfrans\u0131nda bildirib.<\/p>\n<div class=\"AdviadNativeVideo\"><\/div>\n<p>Onun s\u00f6zl\u0259rin\u0259 g\u00f6r\u0259, onlardan 340 n\u0259f\u0259ri u\u015faq, 18 n\u0259f\u0259ri is\u0259 analard\u0131r:<\/p>\n<p>\u201c2021-ci ild\u0259 is\u0259 \u00fcmumilikd\u0259 81 n\u0259f\u0259r v\u0259t\u0259nda\u015f\u0131m\u0131z qeyd olunan \u00f6lk\u0259l\u0259rd\u0259n repatriasiya olunub ki, onlardan da 49 n\u0259f\u0259ri Agentliyin tabeliyind\u0259 olan sosial xidm\u0259t m\u00fc\u0259ssis\u0259sin\u0259 yerl\u0259\u015fdirilib. Agentliyinin sosial i\u015f\u00e7il\u0259ri t\u0259r\u0259find\u0259n onlarla m\u00fcvafiq psixo-sosial reabilitasiya i\u015fl\u0259ri apar\u0131l\u0131b v\u0259 bu proses davam etdirilir\u201d.<\/p>\n<p>\u201cQeyd edim ki, repatriant u\u015faqlar\u0131n v\u0259 q\u0259yyum ail\u0259l\u0259rin sosial probleml\u0259rinin aradan qald\u0131r\u0131lmas\u0131 m\u0259qs\u0259di il\u0259 \u0259m\u0259k v\u0259 \u0259halinin sosial m\u00fcdafi\u0259si naziri Sahil Babayevin t\u0259\u015f\u0259bb\u00fcs\u00fc il\u0259 D\u00f6vl\u0259t Sosial M\u00fcdafi\u0259 Fondu, D\u00f6vl\u0259t M\u0259\u015f\u011fulluq \u0130dar\u0259l\u0259ri v\u0259 Tibbi Sosial Ekspertiza v\u0259 Reabilitasiya Agentliyinin \u0259m\u0259kda\u015flar\u0131, h\u0259m\u00e7inin bu ail\u0259l\u0259r\u0259 sosial d\u0259st\u0259k g\u00f6st\u0259rilm\u0259si \u00fc\u00e7\u00fcn 3 sosial i\u015f\u00e7id\u0259n ibar\u0259t s\u0259yyar qruplar yarad\u0131l\u0131b v\u0259 onlar t\u0259r\u0259find\u0259n Bak\u0131 v\u0259 q\u0259s\u0259b\u0259l\u0259rind\u0259, Sumqay\u0131t v\u0259 Ab\u015feronda ya\u015fayan 87 repatriant u\u015faqlar\u0131n ail\u0259l\u0259rind\u0259n 79-na s\u0259f\u0259rl\u0259r t\u0259\u015fkil edilib. Bu s\u0259f\u0259rl\u0259r zaman\u0131 ail\u0259l\u0259rin sosial probleml\u0259ri v\u0259 dig\u0259r z\u0259ruri ehtiyaclar\u0131 \u00f6yr\u0259nil\u0259r\u0259k qeydiyyata al\u0131n\u0131b v\u0259 m\u00fcvafiq d\u0259st\u0259k g\u00f6st\u0259rilm\u0259si \u00fc\u00e7\u00fcn t\u0259dbirl\u0259r g\u00f6r\u00fcl\u00fcb. Haz\u0131rda da bu \u015f\u0259xsl\u0259rin v\u0259 onlar\u0131n ail\u0259 \u00fczvl\u0259rinin z\u0259ruri sosial xidm\u0259tl\u0259rl\u0259 t\u0259min edilm\u0259si \u00fc\u00e7\u00fcn t\u0259dbirl\u0259r davam etdirilir\u201d, &#8211; dey\u0259 o qeyd edib.<\/p>\n","protected":false},"excerpt":{"rendered":"<p>\u201c\u0130raq v\u0259 Suriya \u018fr\u0259b Respublikas\u0131ndan \u00f6lk\u0259miz\u0259 repatriasiya olunan v\u0259t\u0259nda\u015flar\u0131m\u0131z \u018fm\u0259k v\u0259 \u018fhalinin Sosial M\u00fcdafi\u0259si Nazirliyi t\u0259r\u0259find\u0259n d\u0259 laz\u0131mi sosial d\u0259st\u0259k t\u0259dbirl\u0259ri il\u0259 \u0259hat\u0259 olunurlar. \u00dcmumilikd\u0259 2018-ci ild\u0259n bu g\u00fcn\u0259 q\u0259d\u0259r m\u00fcvafiq d\u00f6vl\u0259t qurumlar\u0131 t\u0259r\u0259find\u0259n 358 Az\u0259rbaycan v\u0259t\u0259nda\u015f\u0131n\u0131n v\u0259t\u0259n\u0259 repatriasiyas\u0131 h\u0259yata ke\u00e7irilib\u201d. ARANTV.AZ-\u0131n m\u0259lumat\u0131na g\u00f6r\u0259, bunu \u018fm\u0259k v\u0259 \u018fhalinin Sosial M\u00fcdafi\u0259si Nazirliyinin tabeliyind\u0259 Sosial Xidm\u0259tl\u0259r Agentliyinin s\u0259dri V\u00fcqar Behbudov \u00f6t\u0259n ilin yekunlar\u0131 v\u0259 qar\u015f\u0131da duran h\u0259d\u0259fl\u0259r\u0259 dair ke\u00e7irdiyi m\u0259tbuat konfrans\u0131nda bildirib. Onun s\u00f6zl\u0259rin\u0259 g\u00f6r\u0259, onlardan 340 n\u0259f\u0259ri u\u015faq, 18 n\u0259f\u0259ri is\u0259 analard\u0131r: \u201c2021-ci ild\u0259 is\u0259 \u00fcmumilikd\u0259 81 n\u0259f\u0259r v\u0259t\u0259nda\u015f\u0131m\u0131z qeyd olunan&hellip;<\/p>\n","protected":false},"author":2,"featured_media":433534,"comment_status":"closed","ping_status":"closed","sticky":false,"template":"","format":"standard","meta":{"om_disable_all_campaigns":false,"_monsterinsights_skip_tracking":false,"_monsterinsights_sitenote_active":false,"_monsterinsights_sitenote_note":"","_monsterinsights_sitenote_category":0},"categories":[1],"tags":[],"aioseo_notices":[],"gutentor_comment":0,"rttpg_featured_image_url":{"full":["https:\/\/arantv.az\/wp-content\/uploads\/2022\/02\/45be5833164370024258601385110583510.jpg",975,540,false],"landscape":["https:\/\/arantv.az\/wp-content\/uploads\/2022\/02\/45be5833164370024258601385110583510.jpg",975,540,false],"portraits":["https:\/\/arantv.az\/wp-content\/uploads\/2022\/02\/45be5833164370024258601385110583510.jpg",975,540,false],"thumbnail":["https:\/\/arantv.az\/wp-content\/uploads\/2022\/02\/45be5833164370024258601385110583510-500x280.jpg",500,280,true],"medium":["https:\/\/arantv.az\/wp-content\/uploads\/2022\/02\/45be5833164370024258601385110583510-660x365.jpg",660,365,true],"large":["https:\/\/arantv.az\/wp-content\/uploads\/2022\/02\/45be5833164370024258601385110583510-840x465.jpg",640,354,true],"1536x1536":["https:\/\/arantv.az\/wp-content\/uploads\/2022\/02\/45be5833164370024258601385110583510.jpg",975,540,false],"2048x2048":["https:\/\/arantv.az\/wp-content\/uploads\/2022\/02\/45be5833164370024258601385110583510.jpg",975,540,false],"post-thumbnail":["https:\/\/arantv.az\/wp-content\/uploads\/2022\/02\/45be5833164370024258601385110583510-240x172.jpg",240,172,true],"advps-thumb-one":["https:\/\/arantv.az\/wp-content\/uploads\/2022\/02\/45be5833164370024258601385110583510.jpg",975,540,false]},"rttpg_author":{"display_name":"V\u00fcsal Rafiqo\u011flu","author_link":"https:\/\/arantv.az\/?author=2"},"rttpg_comment":0,"rttpg_category":"<a href=\"https:\/\/arantv.az\/?cat=1\" rel=\"category\">C\u0259miyy\u0259t<\/a>","rttpg_excerpt":"\u201c\u0130raq v\u0259 Suriya \u018fr\u0259b Respublikas\u0131ndan \u00f6lk\u0259miz\u0259 repatriasiya olunan v\u0259t\u0259nda\u015flar\u0131m\u0131z \u018fm\u0259k v\u0259 \u018fhalinin Sosial M\u00fcdafi\u0259si Nazirliyi t\u0259r\u0259find\u0259n d\u0259 laz\u0131mi sosial d\u0259st\u0259k t\u0259dbirl\u0259ri il\u0259 \u0259hat\u0259 olunurlar. \u00dcmumilikd\u0259 2018-ci ild\u0259n bu g\u00fcn\u0259 q\u0259d\u0259r m\u00fcvafiq d\u00f6vl\u0259t qurumlar\u0131 t\u0259r\u0259find\u0259n 358 Az\u0259rbaycan v\u0259t\u0259nda\u015f\u0131n\u0131n v\u0259t\u0259n\u0259 repatriasiyas\u0131 h\u0259yata ke\u00e7irilib\u201d. ARANTV.AZ-\u0131n m\u0259lumat\u0131na g\u00f6r\u0259, bunu \u018fm\u0259k v\u0259 \u018fhalinin Sosial M\u00fcdafi\u0259si Nazirliyinin tabeliyind\u0259 Sosial Xidm\u0259tl\u0259r Agentliyinin&hellip;","_links":{"self":[{"href":"https:\/\/arantv.az\/index.php?rest_route=\/wp\/v2\/posts\/433545"}],"collection":[{"href":"https:\/\/arantv.az\/index.php?rest_route=\/wp\/v2\/posts"}],"about":[{"href":"https:\/\/arantv.az\/index.php?rest_route=\/wp\/v2\/types\/post"}],"author":[{"embeddable":true,"href":"https:\/\/arantv.az\/index.php?rest_route=\/wp\/v2\/users\/2"}],"replies":[{"embeddable":true,"href":"https:\/\/arantv.az\/index.php?rest_route=%2Fwp%2Fv2%2Fcomments&post=433545"}],"version-history":[{"count":0,"href":"https:\/\/arantv.az\/index.php?rest_route=\/wp\/v2\/posts\/433545\/revisions"}],"wp:featuredmedia":[{"embeddable":true,"href":"https:\/\/arantv.az\/index.php?rest_route=\/wp\/v2\/media\/433534"}],"wp:attachment":[{"href":"https:\/\/arantv.az\/index.php?rest_route=%2Fwp%2Fv2%2Fmedia&parent=433545"}],"wp:term":[{"taxonomy":"category","embeddable":true,"href":"https:\/\/arantv.az\/index.php?rest_route=%2Fwp%2Fv2%2Fcategories&post=433545"},{"taxonomy":"post_tag","embeddable":true,"href":"https:\/\/arantv.az\/index.php?rest_route=%2Fwp%2Fv2%2Ftags&post=433545"}],"curies":[{"name":"wp","href":"https:\/\/api.w.org\/{rel}","templated":true}]}}